{"id":15282,"date":"2025-08-07T08:43:12","date_gmt":"2025-08-07T08:43:12","guid":{"rendered":"https:\/\/www.automakers.cz\/?p=15282"},"modified":"2025-08-07T10:58:22","modified_gmt":"2025-08-07T10:58:22","slug":"vlna-novych-americkych-cel-dusi-export-aut","status":"publish","type":"post","link":"https:\/\/www.automakers.cz\/?p=15282","title":{"rendered":"Vlna nov\u00fdch americk\u00fdch cel dus\u00ed export aut (Koment\u00e1\u0159 CNN Prima News)"},"content":{"rendered":"<p><strong>Nov\u00e1 vlna americk\u00fdch <span class=\"highlight-query\">cel <\/span>od \u010dtvrtka dopad\u00e1 na des\u00edtky <span class=\"highlight-E5id6 highlight-E5M\">obchodn\u00edch<\/span> <span class=\"highlight-E5id6 highlight-E5M\">partner\u016f<\/span> <span class=\"highlight-E0id1 highlight-E0M\">Spojen\u00fdch<\/span> <span class=\"highlight-E0id1 highlight-E0M\">st\u00e1t\u016f<\/span>. Zat\u00edmco <span class=\"highlight-E0id3 highlight-E0M\">B\u00edl\u00fd<\/span> <span class=\"highlight-E0id3 highlight-E0M\">d\u016fm<\/span> slibuje investi\u010dn\u00ed boom, data u\u017e od dubna ukazuj\u00ed zpomalen\u00ed ekonomiky. <span class=\"highlight-E1id0 highlight-E1M\">EU<\/span>, <span class=\"highlight-E0id0 highlight-E0M\">Japonsko<\/span> a <span class=\"highlight-E0id10 highlight-E0M\">Ji\u017en\u00ed<\/span> <span class=\"highlight-E0id10 highlight-E0M\">Korea<\/span> nyn\u00ed plat\u00ed 15 %, zat\u00edmco <span class=\"highlight-E0id9 highlight-E0M\">Vietnam<\/span>, <span class=\"highlight-E0id8 highlight-E0M\">Tchaj-wan<\/span> a <span class=\"highlight-E0id11 highlight-E0M\">Banglad\u00e9\u0161<\/span> \u010del\u00ed 20 %.<\/strong><!--more--><\/p>\n<p>Nejtvrd\u0161\u00ed dopady poci\u0165uj\u00ed <span class=\"highlight-E0id7 highlight-E0M\">S\u00fdrie<\/span>, <span class=\"highlight-E0id5 highlight-E0M\">Laos<\/span> a <span class=\"highlight-E0id6 highlight-E0M\">Myanmar<\/span> s <span class=\"highlight-query\">cly<\/span> p\u0159es 40 %. <span class=\"highlight-E0id4 highlight-E0M\">\u0160v\u00fdcarsko<\/span> se v posledn\u00ed chv\u00edli sna\u017eilo dohodnout v\u00fdjimku, ale zat\u00edm bez v\u00fdsledku. Ekonomick\u00e9 d\u016fsledky u\u017e dorazily Zat\u00edmco <span class=\"highlight-E2id0 highlight-E2M\">Trump<\/span> na soci\u00e1ln\u00edch s\u00edt\u00edch slav\u00ed \u201emiliardy dolar\u016f, kter\u00e9 te\u010f proud\u00ed do <span class=\"highlight-E0id1 highlight-E0M\">USA<\/span>\u201c, <span class=\"highlight-E5id7 highlight-E5M\">analytici<\/span> bij\u00ed na poplach.<\/p>\n<p>U\u017e po dubnov\u00e9m ohl\u00e1\u0161en\u00ed tarif\u016f za\u010dalo zpomalovat zam\u011bstn\u00e1v\u00e1n\u00ed, rostla inflace a klesaly ceny nemovitost\u00ed. V\u00fdrobn\u00ed sektor, kter\u00fd m\u011bl z <span class=\"highlight-query\">cel<\/span> t\u011b\u017eit, zat\u00edm sp\u00ed\u0161e ztr\u00e1c\u00ed pracovn\u00ed m\u00edsta. Podle <span class=\"highlight-E5id2 highlight-E5M\">ekonom\u016f<\/span> se nejedn\u00e1 o n\u00e1hl\u00fd kolaps, ale o \u201ep\u00edsek v soukol\u00ed\u201c, kter\u00fd postupn\u011b zpomaluje cel\u00fd syst\u00e9m.<\/p>\n<p><iframe loading=\"lazy\"  id=\"_ytid_58604\"  width=\"640\" height=\"360\"  data-origwidth=\"640\" data-origheight=\"360\" src=\"https:\/\/www.youtube.com\/embed\/yjV_8__wL58?enablejsapi=1&#038;autoplay=0&#038;cc_load_policy=0&#038;cc_lang_pref=&#038;iv_load_policy=1&#038;loop=0&#038;modestbranding=0&#038;rel=1&#038;fs=1&#038;playsinline=0&#038;autohide=2&#038;theme=dark&#038;color=red&#038;controls=1&#038;\" class=\"__youtube_prefs__  epyt-is-override  no-lazyload\" title=\"YouTube player\"  allow=\"accelerometer; autoplay; clipboard-write; encrypted-media; gyroscope; picture-in-picture\" allowfullscreen data-no-lazy=\"1\" data-skipgform_ajax_framebjll=\"\"><\/iframe><\/p>\n<p>\u201eM\u00e9n\u011b produktivn\u00ed ekonomika pot\u0159ebuje m\u00e9n\u011b <span class=\"highlight-E5id1 highlight-E5M\">lid\u00ed<\/span>,\u201c upozornil John Silvia, kter\u00fd z\u00e1rove\u0148 dodal, \u017ee vy\u0161\u0161\u00ed ceny dovoz\u016f sni\u017euj\u00ed re\u00e1ln\u00e9 mzdy.<\/p>\n<figure id=\"attachment_11097\" aria-describedby=\"caption-attachment-11097\" style=\"width: 900px\" class=\"wp-caption alignnone\"><img loading=\"lazy\" decoding=\"async\" class=\"size-medium wp-image-11097\" src=\"http:\/\/www.automakers.cz\/wp-content\/uploads\/2025\/02\/Clo-kontejner-celnik-900x601.jpeg\" alt=\"\" width=\"900\" height=\"601\" srcset=\"https:\/\/www.automakers.cz\/wp-content\/uploads\/2025\/02\/Clo-kontejner-celnik-900x601.jpeg 900w, https:\/\/www.automakers.cz\/wp-content\/uploads\/2025\/02\/Clo-kontejner-celnik-1024x684.jpeg 1024w, https:\/\/www.automakers.cz\/wp-content\/uploads\/2025\/02\/Clo-kontejner-celnik-768x513.jpeg 768w, https:\/\/www.automakers.cz\/wp-content\/uploads\/2025\/02\/Clo-kontejner-celnik.jpeg 1498w\" sizes=\"auto, (max-width: 900px) 100vw, 900px\" \/><figcaption id=\"caption-attachment-11097\" class=\"wp-caption-text\">Foreman control loading Containers box from Cargo freight ship for import export.<\/figcaption><\/figure>\n<p><strong>Zmatky kolem term\u00edn\u016f<\/strong><\/p>\n<p>Zmatek kolem term\u00edn\u016f spu\u0161t\u011bn\u00ed tarif\u016f p\u0159etrv\u00e1val a\u017e do posledn\u00ed chv\u00edle. I n\u011bkte\u0159\u00ed vl\u00e1dn\u00ed <span class=\"highlight-E5id5 highlight-E5M\">\u00fa\u0159edn\u00edci<\/span> m\u011bli probl\u00e9m ur\u010dit, kdy p\u0159esn\u011b <span class=\"highlight-query\">cla<\/span> za\u010dnou platit. V\u0161e zpe\u010detil s\u00e1m <span class=\"highlight-E2id0 highlight-E2M\">Trump<\/span>, kdy\u017e na posledn\u00ed chv\u00edli podepsal nov\u00e9 p\u0159\u00edkazy, kter\u00e9 mimo jin\u00e9 zdvojn\u00e1sobuj\u00ed <span class=\"highlight-query\">cla<\/span> na indick\u00e9 zbo\u017e\u00ed kv\u016fli dovozu rusk\u00e9 ropy. U n\u011bkter\u00fdch zem\u00ed, jako je <span class=\"highlight-E0id2 highlight-E0M\">\u010c\u00edna<\/span> nebo <span class=\"highlight-E0id12 highlight-E0M\">Mexiko<\/span>, z\u016fst\u00e1v\u00e1 situace nejasn\u00e1. S <span class=\"highlight-E0id2 highlight-E0M\">\u010c\u00ednou<\/span> panuje k\u0159ehk\u00e9 p\u0159\u00edm\u011b\u0159\u00ed, zat\u00edmco <span class=\"highlight-query\">cla<\/span> na mexick\u00e9 zbo\u017e\u00ed jsou prozat\u00edm pozastavena.<\/p>\n<p>P\u0159es varov\u00e1n\u00ed <span class=\"highlight-E5id4 highlight-E5M\">expert\u016f<\/span> <span class=\"highlight-E0id3 highlight-E0M\">B\u00edl\u00fd<\/span> <span class=\"highlight-E0id3 highlight-E0M\">d\u016fm<\/span> douf\u00e1 , \u017ee nov\u011b nastaven\u00e1 pravidla p\u0159inesou firm\u00e1m jistotu a podpo\u0159\u00ed investice. Pom\u00e1h\u00e1 i pozitivn\u00ed v\u00fdvoj akciov\u00fdch trh\u016f \u2013 index <span class=\"highlight-E3id0 highlight-E3M\">S<\/span><span class=\"highlight-E3id0 highlight-E3M\">&amp;<\/span><span class=\"highlight-E3id0 highlight-E3M\">P<\/span> <span class=\"highlight-E3id0 highlight-E3M\">500<\/span> od dubna stoupl o v\u00edc ne\u017e 25 %. Optimismus podporuj\u00ed i da\u0148ov\u00e9 \u0161krty, kter\u00e9 <span class=\"highlight-E5id0 highlight-E5M\">prezident<\/span> podepsal na za\u010d\u00e1tku \u010dervence. <span class=\"highlight-E2id0 highlight-E2M\">Trump<\/span> d\u00e1l tvrd\u00ed, \u017ee americk\u00e1 ekonomika za\u017eije neb\u00fdval\u00fd r\u016fst. Podle <span class=\"highlight-E5id8 highlight-E5M\">kritik\u016f<\/span> je ale jedin\u00fd, kdo si tenhle luxus m\u016f\u017ee dovolit. <span class=\"highlight-E5id9 highlight-E5M\">Ameri\u010dan\u00e9<\/span> mezit\u00edm u\u017e plat\u00ed \u00fa\u010det.<\/p>\n<p>Zdroj: wn24.cz, archiv<\/p>\n","protected":false},"excerpt":{"rendered":"<p>Nov\u00e1 vlna americk\u00fdch cel od \u010dtvrtka dopad\u00e1 na des\u00edtky obchodn\u00edch partner\u016f Spojen\u00fdch st\u00e1t\u016f. Zat\u00edmco B\u00edl\u00fd&#8230;<\/p>\n","protected":false},"author":1,"featured_media":11979,"comment_status":"closed","ping_status":"closed","sticky":false,"template":"","format":"standard","meta":{"footnotes":""},"categories":[59,44,25,66],"tags":[],"class_list":["post-15282","post","type-post","status-publish","format-standard","has-post-thumbnail","hentry","category-automakers-tv","category-export","category-legislativa","category-video"],"_links":{"self":[{"href":"https:\/\/www.automakers.cz\/index.php?rest_route=\/wp\/v2\/posts\/15282","targetHints":{"allow":["GET"]}}],"collection":[{"href":"https:\/\/www.automakers.cz\/index.php?rest_route=\/wp\/v2\/posts"}],"about":[{"href":"https:\/\/www.automakers.cz\/index.php?rest_route=\/wp\/v2\/types\/post"}],"author":[{"embeddable":true,"href":"https:\/\/www.automakers.cz\/index.php?rest_route=\/wp\/v2\/users\/1"}],"replies":[{"embeddable":true,"href":"https:\/\/www.automakers.cz\/index.php?rest_route=%2Fwp%2Fv2%2Fcomments&post=15282"}],"version-history":[{"count":5,"href":"https:\/\/www.automakers.cz\/index.php?rest_route=\/wp\/v2\/posts\/15282\/revisions"}],"predecessor-version":[{"id":15292,"href":"https:\/\/www.automakers.cz\/index.php?rest_route=\/wp\/v2\/posts\/15282\/revisions\/15292"}],"wp:featuredmedia":[{"embeddable":true,"href":"https:\/\/www.automakers.cz\/index.php?rest_route=\/wp\/v2\/media\/11979"}],"wp:attachment":[{"href":"https:\/\/www.automakers.cz\/index.php?rest_route=%2Fwp%2Fv2%2Fmedia&parent=15282"}],"wp:term":[{"taxonomy":"category","embeddable":true,"href":"https:\/\/www.automakers.cz\/index.php?rest_route=%2Fwp%2Fv2%2Fcategories&post=15282"},{"taxonomy":"post_tag","embeddable":true,"href":"https:\/\/www.automakers.cz\/index.php?rest_route=%2Fwp%2Fv2%2Ftags&post=15282"}],"curies":[{"name":"wp","href":"https:\/\/api.w.org\/{rel}","templated":true}]}}