{"id":15284,"date":"2025-08-07T08:33:53","date_gmt":"2025-08-07T08:33:53","guid":{"rendered":"https:\/\/www.automakers.cz\/?p=15284"},"modified":"2025-08-07T08:33:53","modified_gmt":"2025-08-07T08:33:53","slug":"americka-celni-boure-zasahla-autologistiku","status":"publish","type":"post","link":"https:\/\/www.automakers.cz\/?p=15284","title":{"rendered":"Americk\u00e1 celn\u00ed bou\u0159e zas\u00e1hla autologistiku"},"content":{"rendered":"<p><strong>Vlna americk\u00fdch <span class=\"highlight-query\">cel<\/span>, kter\u00e1 vstoupila v platnost 7. srpna, dramaticky m\u011bn\u00ed prost\u0159ed\u00ed logistiky nov\u011b vyroben\u00fdch aut. Vozidla z <span class=\"highlight-E0id3 highlight-E0M\">\u010ceska i Evropy nyn\u00ed \u010del\u00ed americk\u00e9 sazb\u011b 15 %<\/span>, n\u011bkter\u00e9 komodity ale a\u017e 50 %. Dopady zasahuj\u00ed p\u0159epravn\u00ed trasy, ceny dopravy i p\u0159edev\u0161\u00edm fungov\u00e1n\u00ed p\u0159\u00edstav\u016f.<\/strong><!--more--><\/p>\n<p><strong>Kolaps p\u0159\u00edstav\u016f: vozidla a z\u00e1silky uv\u011bzn\u011bn\u00e9 v kontejnerech<\/strong><\/p>\n<p>V d\u016fsledku nov\u00fdch <span class=\"highlight-query\">cel<\/span> se dramaticky zpomalil v\u00fdvoz zbo\u017e\u00ed z <span class=\"highlight-E0id1 highlight-E0M\">Evropy<\/span> do <span class=\"highlight-E0id0 highlight-E0M\">Spojen\u00fdch<\/span> <span class=\"highlight-E0id0 highlight-E0M\">st\u00e1t\u016f<\/span>. P\u0159\u00edstav Antwerp-Bruges se stal p\u0159\u00edkladem krize: tis\u00edce nov\u00fdch vozidel, p\u0159ipraven\u00fdch pro americk\u00fd trh, zde z\u016fst\u00e1vaj\u00ed nevyzvednut\u00e9. V\u00fdvoz osobn\u00edch aut z <span class=\"highlight-E1id0 highlight-E1M\">EU<\/span> klesl t\u00e9m\u011b\u0159 o 16 % a n\u00e1kladn\u00edch dokonce o v\u00edce ne\u017e 30?%.<\/p>\n<p>P\u0159\u00edstavn\u00ed logistika se zpomalila, z\u00e1silky se hromad\u00ed a z logistick\u00fdch uzl\u016f se st\u00e1vaj\u00ed skladi\u0161t\u011b. Tato situace zat\u011b\u017euje infrastrukturu a vytv\u00e1\u0159\u00ed tlak na kapacity n\u00e1mo\u0159n\u00ed i silni\u010dn\u00ed dopravy. Tlaky na <span class=\"highlight-E5id4 highlight-E5M\">p\u0159epravce<\/span>: nov\u00e9 trasy, vy\u0161\u0161\u00ed n\u00e1klady a nejistota<\/p>\n<p>Pro logistick\u00e9 spole\u010dnosti znamenala nov\u00e1 <span class=\"highlight-query\">cla<\/span> nejprve do\u010dasn\u00fd boom, kdy firmy ve sp\u011bchu urychlovaly dod\u00e1vky p\u0159ed datem \u00fa\u010dinnosti tarif\u016f. Kr\u00e1tce nato ale nastal prudk\u00fd pokles objemu z\u00e1silek a t\u00edm i p\u0159\u00edjm\u016f. <strong><span class=\"highlight-E5id3 highlight-E5M\">Dopravci<\/span> mus\u00ed znovu pl\u00e1novat sv\u00e9 s\u00edt\u011b,<\/strong> hledat alternativn\u00ed sm\u011bry a \u010dasto p\u0159epravovat zbo\u017e\u00ed p\u0159es slo\u017eit\u011bj\u0161\u00ed trasy, co\u017e zvy\u0161uje n\u00e1klady a prodlu\u017euje dodac\u00ed lh\u016fty.<\/p>\n<p>Kr\u00e1tkodob\u00e1 adaptace p\u0159in\u00e1\u0161\u00ed chaos, dlouhodob\u011b se o\u010dek\u00e1v\u00e1 p\u0159esun v\u00fdroby i distribuce do jin\u00fdch region\u016f.<\/p>\n<figure id=\"attachment_14318\" aria-describedby=\"caption-attachment-14318\" style=\"width: 900px\" class=\"wp-caption alignnone\"><img loading=\"lazy\" decoding=\"async\" class=\"size-medium wp-image-14318\" src=\"http:\/\/www.automakers.cz\/wp-content\/uploads\/2025\/06\/dkv-fleet-management-software_small-900x600.jpg\" alt=\"\" width=\"900\" height=\"600\" srcset=\"https:\/\/www.automakers.cz\/wp-content\/uploads\/2025\/06\/dkv-fleet-management-software_small-900x600.jpg 900w, https:\/\/www.automakers.cz\/wp-content\/uploads\/2025\/06\/dkv-fleet-management-software_small-1024x683.jpg 1024w, https:\/\/www.automakers.cz\/wp-content\/uploads\/2025\/06\/dkv-fleet-management-software_small-768x512.jpg 768w, https:\/\/www.automakers.cz\/wp-content\/uploads\/2025\/06\/dkv-fleet-management-software_small-1536x1024.jpg 1536w, https:\/\/www.automakers.cz\/wp-content\/uploads\/2025\/06\/dkv-fleet-management-software_small.jpg 1920w\" sizes=\"auto, (max-width: 900px) 100vw, 900px\" \/><figcaption id=\"caption-attachment-14318\" class=\"wp-caption-text\">Ilustra\u010dn\u00ed foto<\/figcaption><\/figure>\n<p><strong>Dopady na infrastrukturu a provoz <span class=\"highlight-E5id3 highlight-E5M\">dopravc\u016f<\/span> <\/strong><\/p>\n<p>Tarify se citeln\u011b dot\u00fdkaj\u00ed i silni\u010dn\u00ed a \u017eelezni\u010dn\u00ed dopravy. Materi\u00e1ly, jako je ocel a hlin\u00edk, jsou zat\u00ed\u017eeny a\u017e 50% <span class=\"highlight-query\">clem<\/span>, co\u017e zvy\u0161uje v\u00fdrobn\u00ed ceny kamion\u016f, n\u00e1v\u011bs\u016f i n\u00e1hradn\u00edch d\u00edl\u016f. <span class=\"highlight-E5id3 highlight-E5M\">Dopravci<\/span> mus\u00ed investovat v\u00edce do \u00fadr\u017eby i obnovy vozov\u00e9ho parku. Zvy\u0161uj\u00edc\u00ed se n\u00e1klady se n\u00e1sledn\u011b prom\u00edtaj\u00ed do cen p\u0159epravy. Logistick\u00e9 firmy se sna\u017e\u00ed reagovat automatizac\u00ed a optimalizac\u00ed tras, ale tlak na ziskovost z\u016fst\u00e1v\u00e1 vysok\u00fd.<\/p>\n<p><img loading=\"lazy\" decoding=\"async\" class=\"size-medium wp-image-10612\" src=\"http:\/\/www.automakers.cz\/wp-content\/uploads\/2025\/01\/Mercedes-Truck-kamiony-900x603.jpg\" alt=\"\" width=\"900\" height=\"603\" \/><\/p>\n<p><strong>Rerouting a diverzifikace znamen\u00e1 vy\u0161\u0161\u00ed ceny<\/strong><\/p>\n<p><span class=\"highlight-E5id2 highlight-E5M\">Obchodn\u00edci<\/span> se sna\u017e\u00ed naj\u00edt alternativn\u00ed trasy, aby se vyhnuli <span class=\"highlight-query\">cl\u016fm<\/span> \u2013 nap\u0159\u00edklad p\u0159es <span class=\"highlight-E0id2 highlight-E0M\">Kanadu<\/span>, <span class=\"highlight-E0id4 highlight-E0M\">Mexiko<\/span> nebo zem\u011b, kter\u00e9 maj\u00ed s <span class=\"highlight-E0id0 highlight-E0M\">USA<\/span> p\u0159\u00edzniv\u011bj\u0161\u00ed celn\u00ed dohody. Tyto zm\u011bny ale znamenaj\u00ed del\u0161\u00ed dodac\u00ed \u010dasy, p\u0159ekl\u00e1dky v dal\u0161\u00edch p\u0159\u00edstavech a zv\u00fd\u0161enou administrativn\u00ed z\u00e1t\u011b\u017e. Popt\u00e1vka po p\u0159eprav\u011b v alternativn\u00edch tras\u00e1ch roste, co\u017e d\u00e1le zdra\u017euje slu\u017eby a komplikuje pl\u00e1nov\u00e1n\u00ed logistick\u00fdch operac\u00ed.<\/p>\n<p><strong>D\u016fsledky pro \u010desk\u00fd export<\/strong><\/p>\n<p>Pro \u010desk\u00e9 <span class=\"highlight-E5id0 highlight-E5M\">v\u00fdrobce<\/span> m\u016f\u017ee b\u00fdt nov\u00e1 situace mimo\u0159\u00e1dn\u011b nep\u0159\u00edzniv\u00e1. <span class=\"highlight-E0id0 highlight-E0M\">Spojen\u00e9<\/span> <span class=\"highlight-E0id0 highlight-E0M\">st\u00e1ty<\/span> nejsou sice hlavn\u00edm exportn\u00edm trhem, ale \u0159ada tuzemsk\u00fdch firem dod\u00e1v\u00e1 komponenty pro n\u011bmeck\u00e9 <span class=\"highlight-E5id0 highlight-E5M\">v\u00fdrobce<\/span>, kte\u0159\u00ed pak exportuj\u00ed do <span class=\"highlight-E0id0 highlight-E0M\">USA<\/span>. Zv\u00fd\u0161en\u00e9 n\u00e1klady, zpomalen\u00ed v\u00fdvozu a celn\u00ed omezen\u00ed tak mohou zas\u00e1hnout i \u010desk\u00e9 podniky \u201edruh\u00e9 vlny\u201c.<\/p>\n<p>Zejm\u00e9na automobilov\u00fd a stroj\u00edrensk\u00fd pr\u016fmysl poc\u00edt\u00ed d\u016fsledky v podob\u011b men\u0161\u00edho objemu zak\u00e1zek a vy\u0161\u0161\u00ed nejistoty v pl\u00e1nov\u00e1n\u00ed. Tlak se p\u0159enese i na \u010desk\u00e9 <span class=\"highlight-E5id3 highlight-E5M\">dopravce<\/span>, kte\u0159\u00ed tyto zak\u00e1zky zaji\u0161\u0165uj\u00ed.<\/p>\n<p>Vedle p\u0159\u00edm\u00fdch efekt\u016f se za\u010d\u00ednaj\u00ed projevovat i dlouhodob\u011bj\u0161\u00ed struktur\u00e1ln\u00ed zm\u011bny. Tarifn\u00ed politika m\u016f\u017ee p\u0159isp\u011bt ke glob\u00e1ln\u00edmu p\u0159esunu v\u00fdroby, budov\u00e1n\u00ed nov\u00fdch logistick\u00fdch uzl\u016f mimo <span class=\"highlight-E1id0 highlight-E1M\">EU<\/span> a prom\u011bn\u011b cel\u00fdch dodavatelsk\u00fdch \u0159et\u011bzc\u016f. Pr\u00e1v\u011b dopravn\u00ed sektor, kter\u00fd \u010dasto b\u00fdv\u00e1 prvn\u00ed lini\u00ed zm\u011bn, bude muset pru\u017en\u011b reagovat na nov\u00e1 obchodn\u00ed sch\u00e9mata a z\u00e1kaznick\u00e9 pot\u0159eby. Zda to p\u0159inese p\u0159\u00edle\u017eitosti, nebo jen dal\u0161\u00ed v\u00fdzvy, uk\u00e1\u017eou a\u017e n\u00e1sleduj\u00edc\u00ed m\u011bs\u00edce.<\/p>\n<p><strong><span class=\"highlight-E5id1 highlight-E5M\">Autor<\/span>: dopravadnes.cz, Martina St\u0159as\u00e1kov\u00e1; archiv\u00a0<\/strong><\/p>\n","protected":false},"excerpt":{"rendered":"<p>Vlna americk\u00fdch cel, kter\u00e1 vstoupila v platnost 7. srpna, dramaticky m\u011bn\u00ed prost\u0159ed\u00ed logistiky nov\u011b vyroben\u00fdch&#8230;<\/p>\n","protected":false},"author":1,"featured_media":11097,"comment_status":"closed","ping_status":"closed","sticky":false,"template":"","format":"standard","meta":{"footnotes":""},"categories":[44,43],"tags":[],"class_list":["post-15284","post","type-post","status-publish","format-standard","has-post-thumbnail","hentry","category-export","category-logistika"],"_links":{"self":[{"href":"https:\/\/www.automakers.cz\/index.php?rest_route=\/wp\/v2\/posts\/15284","targetHints":{"allow":["GET"]}}],"collection":[{"href":"https:\/\/www.automakers.cz\/index.php?rest_route=\/wp\/v2\/posts"}],"about":[{"href":"https:\/\/www.automakers.cz\/index.php?rest_route=\/wp\/v2\/types\/post"}],"author":[{"embeddable":true,"href":"https:\/\/www.automakers.cz\/index.php?rest_route=\/wp\/v2\/users\/1"}],"replies":[{"embeddable":true,"href":"https:\/\/www.automakers.cz\/index.php?rest_route=%2Fwp%2Fv2%2Fcomments&post=15284"}],"version-history":[{"count":1,"href":"https:\/\/www.automakers.cz\/index.php?rest_route=\/wp\/v2\/posts\/15284\/revisions"}],"predecessor-version":[{"id":15285,"href":"https:\/\/www.automakers.cz\/index.php?rest_route=\/wp\/v2\/posts\/15284\/revisions\/15285"}],"wp:featuredmedia":[{"embeddable":true,"href":"https:\/\/www.automakers.cz\/index.php?rest_route=\/wp\/v2\/media\/11097"}],"wp:attachment":[{"href":"https:\/\/www.automakers.cz\/index.php?rest_route=%2Fwp%2Fv2%2Fmedia&parent=15284"}],"wp:term":[{"taxonomy":"category","embeddable":true,"href":"https:\/\/www.automakers.cz\/index.php?rest_route=%2Fwp%2Fv2%2Fcategories&post=15284"},{"taxonomy":"post_tag","embeddable":true,"href":"https:\/\/www.automakers.cz\/index.php?rest_route=%2Fwp%2Fv2%2Ftags&post=15284"}],"curies":[{"name":"wp","href":"https:\/\/api.w.org\/{rel}","templated":true}]}}