{"id":15299,"date":"2025-08-08T07:47:29","date_gmt":"2025-08-08T07:47:29","guid":{"rendered":"https:\/\/www.automakers.cz\/?p=15299"},"modified":"2025-08-08T07:47:29","modified_gmt":"2025-08-08T07:47:29","slug":"dachser-zavadi-novou-linku-do-berlina","status":"publish","type":"post","link":"https:\/\/www.automakers.cz\/?p=15299","title":{"rendered":"Dachser zav\u00e1d\u00ed novou linku do Berl\u00edna"},"content":{"rendered":"<p><strong>Dachser Czech Republic posiluje svou s\u00ed\u0165 sb\u011brn\u00e9 slu\u017eby mezi \u010ceskou republikou a N\u011bmeckem. Nov\u011b zav\u00e1d\u00ed p\u0159\u00edmou denn\u00ed linku do Berl\u00edna a svoje p\u0159\u00edm\u00e9 spojen\u00ed s N\u011bmeckem t\u00edm navy\u0161uje na 52 ka\u017edodenn\u00edch linek. Dachser doru\u010duje z\u00e1silky do N\u011bmecka do druh\u00e9ho dne.<\/strong><!--more--><\/p>\n<p>\u201eN\u011bmecko je pro \u0159adu na\u0161ich z\u00e1kazn\u00edk\u016f kl\u00ed\u010dov\u00fdm trhem a na\u0161e logistick\u00e1 s\u00ed\u0165 na to dlouhodob\u011b reaguje. Novou p\u0159\u00edmou linkou do Berl\u00edna zvy\u0161ujeme kapacitu, rychlost doru\u010den\u00ed a d\u00edky d\u016fsledn\u00e9 konsolidaci i udr\u017eitelnost p\u0159epravy k na\u0161im z\u00e1padn\u00edm soused\u016fm,\u201c \u0159\u00edk\u00e1 Ing. Jan Polter, MBA, obchodn\u00ed \u0159editel Dachser Czech Republic a.s.<\/p>\n<p>Dachser Czech Republic v sou\u010dasnosti provozuje celkem 125 pravideln\u00fdch linek sb\u011brn\u00e9 slu\u017eby, z toho 88 mezin\u00e1rodn\u00edch. Nejv\u00edce spojen\u00ed \u2013 celkem 52 linek \u2013 sm\u011b\u0159uje pr\u00e1v\u011b do N\u011bmecka.<\/p>\n<p>Pos\u00edlen\u00ed sm\u011brem do Berl\u00edna dopl\u0148uje ji\u017e existuj\u00edc\u00ed p\u0159\u00edm\u00e1 napojen\u00ed na dal\u0161\u00ed n\u011bmeck\u00e1 m\u011bsta a logistick\u00e1 centra spole\u010dnosti. Dachser, jeho\u017e historie se za\u010dala ps\u00e1t p\u0159ed 95 lety pr\u00e1v\u011b v N\u011bmecku, zde provozuje na 70 pobo\u010dek a zaji\u0161\u0165uje tak pokryt\u00ed a flexibilitu slu\u017eeb.<\/p>\n<p>Krom\u011b N\u011bmecka sm\u011b\u0159uj\u00ed linky sb\u011brn\u00e9 slu\u017eby z \u010ceska i do dal\u0161\u00edch strategick\u00fdch destinac\u00ed, jako je Francie, It\u00e1lie, \u0160pan\u011blsko, Rakousko, Polsko, Slovensko, Nizozemsko \u010di D\u00e1nsko a dal\u0161\u00ed.<\/p>\n<p>Sou\u010d\u00e1st\u00ed evropsk\u00e9 logistick\u00e9 s\u00edt\u011b Dachser jsou tak\u00e9 t\u0159i eurohuby \u2013 \u00dcberherrn v N\u011bmecku, Bratislava na Slovensku a Clermont-Ferrand ve Francii \u2013 na kter\u00e9 jsou \u010desk\u00e9 pobo\u010dky rovn\u011b\u017e p\u0159\u00edmo napojeny n\u011bkolika linkami denn\u011b. Slou\u017e\u00ed jako velk\u00e1 konsolida\u010dn\u00ed centra sb\u011brn\u00fdch linek a efektivn\u011b zpracov\u00e1vaj\u00ed z\u00e1silky ze stovek evropsk\u00fdch destinac\u00ed.<\/p>\n<p><img loading=\"lazy\" decoding=\"async\" class=\"alignnone size-medium wp-image-6775\" src=\"http:\/\/www.automakers.cz\/wp-content\/uploads\/2024\/08\/Dachser_FUSO_eCanter-Next-Generation-small-900x675.jpg\" alt=\"\" width=\"900\" height=\"675\" srcset=\"https:\/\/www.automakers.cz\/wp-content\/uploads\/2024\/08\/Dachser_FUSO_eCanter-Next-Generation-small-900x675.jpg 900w, https:\/\/www.automakers.cz\/wp-content\/uploads\/2024\/08\/Dachser_FUSO_eCanter-Next-Generation-small-1024x768.jpg 1024w, https:\/\/www.automakers.cz\/wp-content\/uploads\/2024\/08\/Dachser_FUSO_eCanter-Next-Generation-small-768x576.jpg 768w, https:\/\/www.automakers.cz\/wp-content\/uploads\/2024\/08\/Dachser_FUSO_eCanter-Next-Generation-small-1536x1152.jpg 1536w, https:\/\/www.automakers.cz\/wp-content\/uploads\/2024\/08\/Dachser_FUSO_eCanter-Next-Generation-small-2048x1536.jpg 2048w\" sizes=\"auto, (max-width: 900px) 100vw, 900px\" \/><\/p>\n","protected":false},"excerpt":{"rendered":"<p>Dachser Czech Republic posiluje svou s\u00ed\u0165 sb\u011brn\u00e9 slu\u017eby mezi \u010ceskou republikou a N\u011bmeckem. Nov\u011b zav\u00e1d\u00ed&#8230;<\/p>\n","protected":false},"author":2,"featured_media":15300,"comment_status":"closed","ping_status":"closed","sticky":false,"template":"","format":"standard","meta":{"footnotes":""},"categories":[47,43],"tags":[],"class_list":["post-15299","post","type-post","status-publish","format-standard","has-post-thumbnail","hentry","category-doprava","category-logistika"],"_links":{"self":[{"href":"https:\/\/www.automakers.cz\/index.php?rest_route=\/wp\/v2\/posts\/15299","targetHints":{"allow":["GET"]}}],"collection":[{"href":"https:\/\/www.automakers.cz\/index.php?rest_route=\/wp\/v2\/posts"}],"about":[{"href":"https:\/\/www.automakers.cz\/index.php?rest_route=\/wp\/v2\/types\/post"}],"author":[{"embeddable":true,"href":"https:\/\/www.automakers.cz\/index.php?rest_route=\/wp\/v2\/users\/2"}],"replies":[{"embeddable":true,"href":"https:\/\/www.automakers.cz\/index.php?rest_route=%2Fwp%2Fv2%2Fcomments&post=15299"}],"version-history":[{"count":2,"href":"https:\/\/www.automakers.cz\/index.php?rest_route=\/wp\/v2\/posts\/15299\/revisions"}],"predecessor-version":[{"id":15302,"href":"https:\/\/www.automakers.cz\/index.php?rest_route=\/wp\/v2\/posts\/15299\/revisions\/15302"}],"wp:featuredmedia":[{"embeddable":true,"href":"https:\/\/www.automakers.cz\/index.php?rest_route=\/wp\/v2\/media\/15300"}],"wp:attachment":[{"href":"https:\/\/www.automakers.cz\/index.php?rest_route=%2Fwp%2Fv2%2Fmedia&parent=15299"}],"wp:term":[{"taxonomy":"category","embeddable":true,"href":"https:\/\/www.automakers.cz\/index.php?rest_route=%2Fwp%2Fv2%2Fcategories&post=15299"},{"taxonomy":"post_tag","embeddable":true,"href":"https:\/\/www.automakers.cz\/index.php?rest_route=%2Fwp%2Fv2%2Ftags&post=15299"}],"curies":[{"name":"wp","href":"https:\/\/api.w.org\/{rel}","templated":true}]}}