{"id":15316,"date":"2025-08-08T08:08:44","date_gmt":"2025-08-08T08:08:44","guid":{"rendered":"https:\/\/www.automakers.cz\/?p=15316"},"modified":"2025-08-08T08:10:09","modified_gmt":"2025-08-08T08:10:09","slug":"startuje-anketa-auto-roku-2026-v-cr","status":"publish","type":"post","link":"https:\/\/www.automakers.cz\/?p=15316","title":{"rendered":"Startuje anketa Auto roku 2026 v \u010cR"},"content":{"rendered":"<p><strong>Nov\u00fd ro\u010dn\u00edk ankety Auto roku 2026 v \u010cesk\u00e9 republice postupn\u011b z\u00edsk\u00e1v\u00e1 sv\u00e9 obrysy. Auto roku bude po vzoru evropsk\u00e9ho COTY volit v\u00fdhradn\u011b odborn\u00e1 porota, v\u00edt\u011bz bude zn\u00e1m 10. \u00fanora 2026.<\/strong><!--more--><\/p>\n<p>Soukol\u00ed 32. ro\u010dn\u00edku volby nejlep\u0161\u00edho auta v \u010cesk\u00e9 republice, jeho\u017e vyhla\u0161ovatelem je Svaz dovozc\u016f automobil\u016f, se pomalu d\u00e1vaj\u00ed do pohybu. Novinkou Auta roku 2026 v \u010cesk\u00e9 republice je je\u0161t\u011b v\u011bt\u0161\u00ed zam\u011b\u0159en\u00ed na specifika \u010desk\u00e9ho trhu, kter\u00e9 budou porotci p\u0159i sv\u00e9 volb\u011b zohled\u0148ovat. Naopak beze zm\u011bny z\u016fst\u00e1v\u00e1 dvoukolov\u00e1 volba porotou slo\u017eenou v\u00fdhradn\u011b z odborn\u00fdch motoristick\u00fdch novin\u00e1\u0159\u016f.<\/p>\n<p>U\u017e nyn\u00ed se v p\u0159edb\u011b\u017en\u00e9 nominaci objevuje 25 nov\u00fdch voz\u016f, kter\u00e9 byly nebo budou uvedeny na \u010desk\u00fd trh v leto\u0161n\u00edm roce a z\u00e1kazn\u00edci si je budou moci do 31. prosince 2025 objednat.<\/p>\n<p>D\u016fle\u017eitou podm\u00ednkou je rovn\u011b\u017e p\u0159\u00edtomnost vozu na j\u00edzd\u00e1ch 1. kola ankety, ty se budou konat 26. listopadu 2025. Jm\u00e9no v\u00edt\u011bzn\u00e9ho vozu, jen\u017e na tr\u016fnu vyst\u0159\u00edd\u00e1 Mercedes-Benz t\u0159\u00eddy G a kter\u00fd se bude moci py\u0161nit titulem Auto roku 2026 v \u010cesk\u00e9 republice, bude ozn\u00e1meno na slavnostn\u00edm vyhl\u00e1\u0161en\u00ed 10. \u00fanora 2026.<\/p>\n<p><strong>Doprovodn\u00e9 oborov\u00e9 ankety<\/strong><\/p>\n<p>Spole\u010dn\u011b s Autem roku budou vyhla\u0161ov\u00e1ni tak\u00e9 Dodavatel\u00e9 pro auto roku, v\u00fdsledky ankety PR roku a do S\u00edn\u011b sl\u00e1vy SDA budou uvedeny dal\u0161\u00ed v\u00fdznamn\u00e9 osobnosti automotive oblasti v \u010cesk\u00e9 republice.<\/p>\n<p><strong>P\u0159edb\u011b\u017en\u011b nominovan\u00e9 vozy: <\/strong><br \/>\nAlpine A290 \/ Renault 5, Audi A6, BMW Neue Klasse, Citroen C3 Aircross, Citroen C5 Aircross, Dacia Bigster, DS No. 4, DS No. 8, Fiat Grande Panda, Ford Puma Gen-E, Ford Ranger PHEV, Hyundai Inster, Hyundai Ioniq 9, Kia EV4, Mazda 6e, Mercedes-Benz CLA, MG Cyberster, MG S5, Mitsubishi Outlander PHEV, Renault 4 E-Tech elektrick\u00fd, Subaru Soltera*, Suzuki Vitara, \u0160koda Elroq, Toyota Aygo X* a Volkswagen Tayron<\/p>\n<p>*podl\u00e9h\u00e1 schv\u00e1len\u00ed poroty<\/p>\n<p><strong>Zdroj: SDA, Petr Hor\u00e1k<\/strong><\/p>\n<p><strong>Anketu p\u0159ipravuje pracovn\u00ed skupina slo\u017een\u00e1 ze z\u00e1stupc\u016f SDA a novin\u00e1\u0159sk\u00fdch klub\u016f<\/strong><\/p>\n<p><img loading=\"lazy\" decoding=\"async\" class=\"size-medium wp-image-15171\" src=\"http:\/\/www.automakers.cz\/wp-content\/uploads\/2025\/08\/Auto-roku-2026-pracovni-skupina-SDA-Handl-Beranek-Pokorny-900x506.jpg\" alt=\"\" width=\"900\" height=\"506\" srcset=\"https:\/\/www.automakers.cz\/wp-content\/uploads\/2025\/08\/Auto-roku-2026-pracovni-skupina-SDA-Handl-Beranek-Pokorny-900x506.jpg 900w, https:\/\/www.automakers.cz\/wp-content\/uploads\/2025\/08\/Auto-roku-2026-pracovni-skupina-SDA-Handl-Beranek-Pokorny-1024x576.jpg 1024w, https:\/\/www.automakers.cz\/wp-content\/uploads\/2025\/08\/Auto-roku-2026-pracovni-skupina-SDA-Handl-Beranek-Pokorny-768x432.jpg 768w, https:\/\/www.automakers.cz\/wp-content\/uploads\/2025\/08\/Auto-roku-2026-pracovni-skupina-SDA-Handl-Beranek-Pokorny-1536x864.jpg 1536w, https:\/\/www.automakers.cz\/wp-content\/uploads\/2025\/08\/Auto-roku-2026-pracovni-skupina-SDA-Handl-Beranek-Pokorny-1280x720.jpg 1280w, https:\/\/www.automakers.cz\/wp-content\/uploads\/2025\/08\/Auto-roku-2026-pracovni-skupina-SDA-Handl-Beranek-Pokorny.jpg 2048w\" sizes=\"auto, (max-width: 900px) 100vw, 900px\" \/><\/p>\n","protected":false},"excerpt":{"rendered":"<p>Nov\u00fd ro\u010dn\u00edk ankety Auto roku 2026 v \u010cesk\u00e9 republice postupn\u011b z\u00edsk\u00e1v\u00e1 sv\u00e9 obrysy. Auto roku&#8230;<\/p>\n","protected":false},"author":1,"featured_media":10904,"comment_status":"closed","ping_status":"closed","sticky":false,"template":"","format":"standard","meta":{"footnotes":""},"categories":[32,26,11],"tags":[],"class_list":["post-15316","post","type-post","status-publish","format-standard","has-post-thumbnail","hentry","category-ankety","category-eventy","category-importeri"],"_links":{"self":[{"href":"https:\/\/www.automakers.cz\/index.php?rest_route=\/wp\/v2\/posts\/15316","targetHints":{"allow":["GET"]}}],"collection":[{"href":"https:\/\/www.automakers.cz\/index.php?rest_route=\/wp\/v2\/posts"}],"about":[{"href":"https:\/\/www.automakers.cz\/index.php?rest_route=\/wp\/v2\/types\/post"}],"author":[{"embeddable":true,"href":"https:\/\/www.automakers.cz\/index.php?rest_route=\/wp\/v2\/users\/1"}],"replies":[{"embeddable":true,"href":"https:\/\/www.automakers.cz\/index.php?rest_route=%2Fwp%2Fv2%2Fcomments&post=15316"}],"version-history":[{"count":4,"href":"https:\/\/www.automakers.cz\/index.php?rest_route=\/wp\/v2\/posts\/15316\/revisions"}],"predecessor-version":[{"id":15318,"href":"https:\/\/www.automakers.cz\/index.php?rest_route=\/wp\/v2\/posts\/15316\/revisions\/15318"}],"wp:featuredmedia":[{"embeddable":true,"href":"https:\/\/www.automakers.cz\/index.php?rest_route=\/wp\/v2\/media\/10904"}],"wp:attachment":[{"href":"https:\/\/www.automakers.cz\/index.php?rest_route=%2Fwp%2Fv2%2Fmedia&parent=15316"}],"wp:term":[{"taxonomy":"category","embeddable":true,"href":"https:\/\/www.automakers.cz\/index.php?rest_route=%2Fwp%2Fv2%2Fcategories&post=15316"},{"taxonomy":"post_tag","embeddable":true,"href":"https:\/\/www.automakers.cz\/index.php?rest_route=%2Fwp%2Fv2%2Ftags&post=15316"}],"curies":[{"name":"wp","href":"https:\/\/api.w.org\/{rel}","templated":true}]}}