{"id":1532,"date":"2024-01-18T11:38:28","date_gmt":"2024-01-18T11:38:28","guid":{"rendered":"https:\/\/www.automakers.cz\/?p=1532"},"modified":"2024-01-19T10:25:46","modified_gmt":"2024-01-19T10:25:46","slug":"kia-slavila-30-let-ve-veletrznim-palaci-video","status":"publish","type":"post","link":"https:\/\/www.automakers.cz\/?p=1532","title":{"rendered":"Kia slavila 30 let ve Veletr\u017en\u00edm pal\u00e1ci (Video)"},"content":{"rendered":"<p><strong>Veletr\u017en\u00ed pal\u00e1c v Hole\u0161ovic\u00edch hostil galava\u010der zna\u010dky Kia, kter\u00e1 oslavila 30 let na \u010desk\u00e9m trhu. Hosty uv\u00edtali prezident Kia Czech Kyoungsun Yoo a gener\u00e1ln\u00ed \u0159editel importu Arno\u0161t Barna.<\/strong><!--more--><\/p>\n<p>Galave\u010der moderovala Daniela Brzobohat\u00e1, na p\u00f3diu se objevil tak\u00e9 ambasador zna\u010dky Jarom\u00edr J\u00e1gr.<\/p>\n<p><img loading=\"lazy\" decoding=\"async\" class=\"alignnone size-medium wp-image-1534\" src=\"http:\/\/www.automakers.cz\/wp-content\/uploads\/2024\/01\/Kia-30-CB-Auto-900x675.jpg\" alt=\"\" width=\"900\" height=\"675\" srcset=\"https:\/\/www.automakers.cz\/wp-content\/uploads\/2024\/01\/Kia-30-CB-Auto-900x675.jpg 900w, https:\/\/www.automakers.cz\/wp-content\/uploads\/2024\/01\/Kia-30-CB-Auto-1024x768.jpg 1024w, https:\/\/www.automakers.cz\/wp-content\/uploads\/2024\/01\/Kia-30-CB-Auto-768x576.jpg 768w, https:\/\/www.automakers.cz\/wp-content\/uploads\/2024\/01\/Kia-30-CB-Auto-1536x1152.jpg 1536w, https:\/\/www.automakers.cz\/wp-content\/uploads\/2024\/01\/Kia-30-CB-Auto.jpg 2040w\" sizes=\"auto, (max-width: 900px) 100vw, 900px\" \/><\/p>\n<p>Sou\u010d\u00e1sti eventu bylo vyhl\u00e1\u0161en\u00ed nejlepo\u0161\u00edho servisu zna\u010dky a p\u0159ipomenut\u00ed v\u00fdsledk\u016f sout\u011b\u017ee European Dealer Award.<\/p>\n<figure class=\"wp-block-embed wp-block-embed-youtube is-type-video is-provider-youtube epyt-figure\"><div class=\"wp-block-embed__wrapper\"><iframe loading=\"lazy\"  id=\"_ytid_17224\"  width=\"640\" height=\"360\"  data-origwidth=\"640\" data-origheight=\"360\" src=\"https:\/\/www.youtube.com\/embed\/l_VUIdnifQ8?enablejsapi=1&autoplay=0&cc_load_policy=0&cc_lang_pref=&iv_load_policy=1&loop=0&modestbranding=0&rel=1&fs=1&playsinline=0&autohide=2&theme=dark&color=red&controls=1&\" class=\"__youtube_prefs__  no-lazyload\" title=\"YouTube player\"  allow=\"accelerometer; autoplay; clipboard-write; encrypted-media; gyroscope; picture-in-picture\" allowfullscreen data-no-lazy=\"1\" data-skipgform_ajax_framebjll=\"\"><\/iframe><\/div><\/figure>\n<p>Kia prodala v roce 2023 v \u010cesk\u00e9 republice 11 424 osobn\u00edch automobil\u016f. Jde o historicky nejvy\u0161\u0161\u00ed po\u010det od vstupu zna\u010dky na \u010desk\u00fd trh. Kia dos\u00e1hla nov\u00fdch maxim i v prodeji elektrifikovan\u00fdch voz\u016f a pod\u00edlu na trhu.<\/p>\n<p><img loading=\"lazy\" decoding=\"async\" class=\"alignnone size-medium wp-image-1552\" src=\"http:\/\/www.automakers.cz\/wp-content\/uploads\/2024\/01\/Kia-30-let-Yoo-Barna-Brzobohata-1-900x675.jpg\" alt=\"\" width=\"900\" height=\"675\" srcset=\"https:\/\/www.automakers.cz\/wp-content\/uploads\/2024\/01\/Kia-30-let-Yoo-Barna-Brzobohata-1-900x675.jpg 900w, https:\/\/www.automakers.cz\/wp-content\/uploads\/2024\/01\/Kia-30-let-Yoo-Barna-Brzobohata-1-1024x768.jpg 1024w, https:\/\/www.automakers.cz\/wp-content\/uploads\/2024\/01\/Kia-30-let-Yoo-Barna-Brzobohata-1-768x576.jpg 768w, https:\/\/www.automakers.cz\/wp-content\/uploads\/2024\/01\/Kia-30-let-Yoo-Barna-Brzobohata-1-1536x1152.jpg 1536w, https:\/\/www.automakers.cz\/wp-content\/uploads\/2024\/01\/Kia-30-let-Yoo-Barna-Brzobohata-1.jpg 2040w\" sizes=\"auto, (max-width: 900px) 100vw, 900px\" \/><\/p>\n<p><em>\u201eJubilejn\u00ed t\u0159ic\u00e1t\u00fd rok na\u0161eho p\u016fsoben\u00ed v\u00a0\u010cesk\u00e9 republice se z\u00e1rove\u0148 stal rokem rekord\u016f. Dos\u00e1hli jsme historicky nejlep\u0161\u00edch prodejn\u00edch v\u00fdsledk\u016f, a to v\u010detn\u011b n\u00edzkoemisn\u00edch voz\u016f, oslavili jsme prodej 150\u00a0000 osobn\u00edch voz\u016f od vstupu na trh a z\u00edskali jsme \u0159adu v\u00fdznamn\u00fdch ocen\u011bn\u00ed,\u201c<\/em>\u00a0uvedl Arno\u0161t Barna, gener\u00e1ln\u00ed \u0159editel Kia Czech, a p\u0159ipomn\u011bl, \u017ee \u0161irokou nab\u00eddku model\u016f loni obohatilo velmi o\u010dek\u00e1van\u00e9 sedmim\u00edstn\u00e9 SUV EV9, druh\u00fd model Kia na elektrick\u00e9 platform\u011b E-GMP.<\/p>\n<p><img loading=\"lazy\" decoding=\"async\" class=\"alignnone size-medium wp-image-1536\" src=\"http:\/\/www.automakers.cz\/wp-content\/uploads\/2024\/01\/Kia-30-let-EV-6-900x675.jpg\" alt=\"\" width=\"900\" height=\"675\" srcset=\"https:\/\/www.automakers.cz\/wp-content\/uploads\/2024\/01\/Kia-30-let-EV-6-900x675.jpg 900w, https:\/\/www.automakers.cz\/wp-content\/uploads\/2024\/01\/Kia-30-let-EV-6-1024x768.jpg 1024w, https:\/\/www.automakers.cz\/wp-content\/uploads\/2024\/01\/Kia-30-let-EV-6-768x576.jpg 768w, https:\/\/www.automakers.cz\/wp-content\/uploads\/2024\/01\/Kia-30-let-EV-6-1536x1152.jpg 1536w, https:\/\/www.automakers.cz\/wp-content\/uploads\/2024\/01\/Kia-30-let-EV-6.jpg 2040w\" sizes=\"auto, (max-width: 900px) 100vw, 900px\" \/><\/p>\n<p><em>\u201eV dal\u0161\u00edm obdob\u00ed pl\u00e1nujeme na\u0161i pozici upev\u0148ovat a z\u00e1rove\u0148 d\u00e1le roz\u0161i\u0159ovat nab\u00eddku n\u00edzkoemisn\u00edch voz\u016f. Na dal\u0161\u00ed \u010dist\u011b bateriov\u00fd model se mohou z\u00e1kazn\u00edci t\u011b\u0161it u\u017e v\u00a0leto\u0161n\u00edm roce,\u201c\u00a0<\/em>dodal A. Barna.<\/p>\n<p><strong>Zdroj: Erich Handl, Veletr\u017en\u00ed pal\u00e1c<\/strong><\/p>\n<p><img loading=\"lazy\" decoding=\"async\" class=\"alignnone size-medium wp-image-1535\" src=\"http:\/\/www.automakers.cz\/wp-content\/uploads\/2024\/01\/Kia-30-let-kolaz-900x900.jpg\" alt=\"\" width=\"900\" height=\"900\" srcset=\"https:\/\/www.automakers.cz\/wp-content\/uploads\/2024\/01\/Kia-30-let-kolaz-900x900.jpg 900w, https:\/\/www.automakers.cz\/wp-content\/uploads\/2024\/01\/Kia-30-let-kolaz-768x768.jpg 768w, https:\/\/www.automakers.cz\/wp-content\/uploads\/2024\/01\/Kia-30-let-kolaz.jpg 1008w\" sizes=\"auto, (max-width: 900px) 100vw, 900px\" \/><\/p>\n","protected":false},"excerpt":{"rendered":"<p>Veletr\u017en\u00ed pal\u00e1c v Hole\u0161ovic\u00edch hostil galava\u010der zna\u010dky Kia, kter\u00e1 oslavila 30 let na \u010desk\u00e9m trhu&#8230;.<\/p>\n","protected":false},"author":1,"featured_media":1554,"comment_status":"open","ping_status":"open","sticky":false,"template":"","format":"standard","meta":{"footnotes":""},"categories":[59,26,4],"tags":[],"class_list":["post-1532","post","type-post","status-publish","format-standard","has-post-thumbnail","hentry","category-automakers-tv","category-eventy","category-vyroci"],"_links":{"self":[{"href":"https:\/\/www.automakers.cz\/index.php?rest_route=\/wp\/v2\/posts\/1532","targetHints":{"allow":["GET"]}}],"collection":[{"href":"https:\/\/www.automakers.cz\/index.php?rest_route=\/wp\/v2\/posts"}],"about":[{"href":"https:\/\/www.automakers.cz\/index.php?rest_route=\/wp\/v2\/types\/post"}],"author":[{"embeddable":true,"href":"https:\/\/www.automakers.cz\/index.php?rest_route=\/wp\/v2\/users\/1"}],"replies":[{"embeddable":true,"href":"https:\/\/www.automakers.cz\/index.php?rest_route=%2Fwp%2Fv2%2Fcomments&post=1532"}],"version-history":[{"count":2,"href":"https:\/\/www.automakers.cz\/index.php?rest_route=\/wp\/v2\/posts\/1532\/revisions"}],"predecessor-version":[{"id":1555,"href":"https:\/\/www.automakers.cz\/index.php?rest_route=\/wp\/v2\/posts\/1532\/revisions\/1555"}],"wp:featuredmedia":[{"embeddable":true,"href":"https:\/\/www.automakers.cz\/index.php?rest_route=\/wp\/v2\/media\/1554"}],"wp:attachment":[{"href":"https:\/\/www.automakers.cz\/index.php?rest_route=%2Fwp%2Fv2%2Fmedia&parent=1532"}],"wp:term":[{"taxonomy":"category","embeddable":true,"href":"https:\/\/www.automakers.cz\/index.php?rest_route=%2Fwp%2Fv2%2Fcategories&post=1532"},{"taxonomy":"post_tag","embeddable":true,"href":"https:\/\/www.automakers.cz\/index.php?rest_route=%2Fwp%2Fv2%2Ftags&post=1532"}],"curies":[{"name":"wp","href":"https:\/\/api.w.org\/{rel}","templated":true}]}}