{"id":15323,"date":"2025-08-11T06:39:14","date_gmt":"2025-08-11T06:39:14","guid":{"rendered":"https:\/\/www.automakers.cz\/?p=15323"},"modified":"2025-08-11T14:26:44","modified_gmt":"2025-08-11T14:26:44","slug":"besky-preseda-z-astry-do-grandlandu","status":"publish","type":"post","link":"https:\/\/www.automakers.cz\/?p=15323","title":{"rendered":"Besky p\u0159esed\u00e1 z Astry do Grandlandu"},"content":{"rendered":"<p><strong>V\u00edce ne\u017e dva roky je influencerka Besky ambasadorkou zna\u010dky Opel. Nejprve \u0159\u00eddila plug-in hybridn\u00ed Astru, a p\u0159ed p\u00e1r dny p\u0159esedla do SUV Opel Grandland Hybrid.<\/strong><!--more--><\/p>\n<p>Besky, vlastn\u00edm jm\u00e9nem Veronika Beskydiarov\u00e1, se do pov\u011bdom\u00ed ve\u0159ejnosti zapsala d\u00edky sv\u00e9mu v\u00edt\u011bzstv\u00ed v sout\u011b\u017ei MasterChef \u010cesko 2021. Zaujala nejen sv\u00fdm kulin\u00e1\u0159sk\u00fdm um\u011bn\u00edm, ale tak\u00e9 p\u0159irozen\u00fdm \u0161armem a autenticitou. Od t\u00e9 doby si vybudovala silnou komunitu fanou\u0161k\u016f na soci\u00e1ln\u00edch s\u00edt\u00edch, kter\u00e9 inspiruje nejen recepty, ale tak\u00e9 \u017eivotn\u00edm stylem a cestovatelsk\u00fdmi z\u00e1\u017eitky.<\/p>\n<p>A\u017e dosud j\u00ed na jejich cest\u00e1ch prov\u00e1zela Astra Plug-in Hybrid: \u201eKdy\u017e jsem j\u00ed poprv\u00e9 nastartovala a Astra se rozjela na elekt\u0159inu bez jedin\u00e9ho zvuku \u2013 to m\u011b \u00fapln\u011b dostalo! Milovala jsem jej\u00ed LED matrixov\u00e9 sv\u011btlomety, neskute\u010dn\u011b pohodln\u00e1 ergonomick\u00e1 sedadla, bavila m\u011b t\u0159eba i couvac\u00ed kamera s pta\u010d\u00ed perspektivou,\u201c vyjmenov\u00e1v\u00e1 Besky p\u0159ednosti Astry. Podle Besky byla Astra \u201eakur\u00e1tn\u00ed auto\u201c.<\/p>\n<p>\u201eJe tak akor\u00e1t velk\u00e1 na velk\u00fd n\u00e1kup s k\u00e1mo\u0161kami, ale z\u00e1rove\u0148 dost skladn\u00e1, abych se s n\u00ed ve\u0161la do ka\u017ed\u00e9 mezery p\u0159i parkov\u00e1n\u00ed. A kdy\u017e jsme u toho parkov\u00e1n\u00ed, v Praze mi jej\u00ed \u201eEL\u201c registra\u010dn\u00ed zna\u010dka u\u0161et\u0159ila hromadu \u010dasu p\u0159i hled\u00e1n\u00ed parkovac\u00edho m\u00edsta,\u201c dod\u00e1v\u00e1 Veronika Beskydiarov\u00e1.<\/p>\n<p><img loading=\"lazy\" decoding=\"async\" class=\"alignnone size-medium wp-image-15332\" src=\"http:\/\/www.automakers.cz\/wp-content\/uploads\/2025\/08\/Besky-1R-1-900x600.jpg\" alt=\"\" width=\"900\" height=\"600\" srcset=\"https:\/\/www.automakers.cz\/wp-content\/uploads\/2025\/08\/Besky-1R-1-900x600.jpg 900w, https:\/\/www.automakers.cz\/wp-content\/uploads\/2025\/08\/Besky-1R-1-1024x683.jpg 1024w, https:\/\/www.automakers.cz\/wp-content\/uploads\/2025\/08\/Besky-1R-1-768x512.jpg 768w, https:\/\/www.automakers.cz\/wp-content\/uploads\/2025\/08\/Besky-1R-1-1536x1024.jpg 1536w, https:\/\/www.automakers.cz\/wp-content\/uploads\/2025\/08\/Besky-1R-1-2048x1365.jpg 2048w\" sizes=\"auto, (max-width: 900px) 100vw, 900px\" \/><\/p>\n<p>Po dvou letech ale p\u0159i\u0161el \u010das na zm\u011bnu a Besky p\u0159esedla do vlajkov\u00e9 lodi zna\u010dky Opel. Grandland Hybrid vn\u00edm\u00e1 jako p\u0159estup do vy\u0161\u0161\u00ed ligy: \u201eC\u00edt\u00edm se jako kdy\u017e se ze stylov\u00fdch tenisek p\u0159ezujete do pohodln\u00fdch vysok\u00fdch bot &#8211; Grandland je prost\u011b v\u011bt\u0161\u00ed a je to vy\u0161\u0161\u00ed liga, takov\u00e9 SUV byl v\u017edycky m\u016fj sen.\u201c<\/p>\n<p>Grandland Hybrid na Besky zap\u016fsobil prostorn\u00fdm interi\u00e9rem: \u201eM\u00e1 perfektn\u00ed osv\u011btlen\u00ed, vynikaj\u00edc\u00ed infotainment, dokonal\u00e9 seda\u010dky s vyh\u0159\u00edv\u00e1n\u00edm, a dokonce s mas\u00e1\u017en\u00ed funkc\u00ed.\u201c Krom\u011b toho, \u017ee Grandland Hybrid h\u00fd\u010dk\u00e1 pos\u00e1dku pohodl\u00edm, oce\u0148uje Besky i n\u00edzkou spot\u0159ebu jeho hybridn\u00edho pohonu, kter\u00fd kombinuje p\u0159epl\u0148ovan\u00fd benzinov\u00fd motor s mal\u00fdm elektromotorem. \u201eZpo\u010d\u00e1tku jsem necht\u011bla palubn\u00edmu po\u010d\u00edta\u010di ani v\u011b\u0159it, ale zast\u00e1vka u \u010derpac\u00ed stanice m\u011b p\u0159esv\u011bd\u010dila: Tak velk\u00e9 auto &#8211; a tak n\u00edzk\u00e1 spot\u0159eba?!?\u201c<\/p>\n<p>Kdy\u017e hodnot\u00ed sv\u00e9ho Grandlanda, nezap\u0159e Besky svou kucha\u0159skou profesi: \u201eRobustn\u00ed podvozek Grandlandu \u2013 to je jako pevn\u00fd a spolehliv\u00fd korpus dortu. Cr\u00e9me de la cr\u00e9me komfortu, to je jeho interi\u00e9r \u2013 opravdu dokonal\u00fd a pln\u00fd promy\u0161len\u00fdch chut\u00ed. A potom p\u0159ijde poleva bezpe\u010dnostn\u00edch syst\u00e9m\u016f, kter\u00e9 \u010dlov\u011bk ani nevn\u00edm\u00e1, ale jsou v\u017edy p\u0159ipraven\u00e9 pomoci. A t\u0159e\u0161ni\u010dka na tomto dortu? Hi-tech ozdoba v podob\u011b LED sv\u011btel, parkovac\u00edch senzor\u016f, kamer a intuitivn\u00edho ovl\u00e1d\u00e1n\u00ed.\u201c<\/p>\n<p>Grandland se pro Besky stane spole\u010dn\u00edkem na v\u0161ech cest\u00e1ch \u2013 pracovn\u00edch i osobn\u00edch. \u201e\u010casu je m\u00e1lo, ale u\u017e s partnerem pl\u00e1nujeme, \u017ee si s Grandlandem ud\u011bl\u00e1me po\u0159\u00e1dnou v\u00fdpravu &#8211; Grandland vylo\u017een\u011b vol\u00e1 po d\u00e1lnic\u00edch, les\u00edch a \u0161irok\u00fdch v\u00fdhledech. Stra\u0161n\u011b se t\u011b\u0161\u00edm\u2026\u201c<\/p>\n<p><img loading=\"lazy\" decoding=\"async\" class=\"alignnone wp-image-15326\" src=\"http:\/\/www.automakers.cz\/wp-content\/uploads\/2025\/08\/Besky-2R-2-900x600.jpg\" alt=\"\" width=\"971\" height=\"647\" srcset=\"https:\/\/www.automakers.cz\/wp-content\/uploads\/2025\/08\/Besky-2R-2-900x600.jpg 900w, https:\/\/www.automakers.cz\/wp-content\/uploads\/2025\/08\/Besky-2R-2-1024x683.jpg 1024w, https:\/\/www.automakers.cz\/wp-content\/uploads\/2025\/08\/Besky-2R-2-768x512.jpg 768w, https:\/\/www.automakers.cz\/wp-content\/uploads\/2025\/08\/Besky-2R-2-1536x1024.jpg 1536w, https:\/\/www.automakers.cz\/wp-content\/uploads\/2025\/08\/Besky-2R-2-2048x1365.jpg 2048w\" sizes=\"auto, (max-width: 971px) 100vw, 971px\" \/><\/p>\n","protected":false},"excerpt":{"rendered":"<p>V\u00edce ne\u017e dva roky je influencerka Besky ambasadorkou zna\u010dky Opel. Nejprve \u0159\u00eddila plug-in hybridn\u00ed Astru,&#8230;<\/p>\n","protected":false},"author":2,"featured_media":15331,"comment_status":"closed","ping_status":"closed","sticky":false,"template":"","format":"standard","meta":{"footnotes":""},"categories":[56,29,69],"tags":[],"class_list":["post-15323","post","type-post","status-publish","format-standard","has-post-thumbnail","hentry","category-celebrity","category-sponzoring","category-suv"],"_links":{"self":[{"href":"https:\/\/www.automakers.cz\/index.php?rest_route=\/wp\/v2\/posts\/15323","targetHints":{"allow":["GET"]}}],"collection":[{"href":"https:\/\/www.automakers.cz\/index.php?rest_route=\/wp\/v2\/posts"}],"about":[{"href":"https:\/\/www.automakers.cz\/index.php?rest_route=\/wp\/v2\/types\/post"}],"author":[{"embeddable":true,"href":"https:\/\/www.automakers.cz\/index.php?rest_route=\/wp\/v2\/users\/2"}],"replies":[{"embeddable":true,"href":"https:\/\/www.automakers.cz\/index.php?rest_route=%2Fwp%2Fv2%2Fcomments&post=15323"}],"version-history":[{"count":7,"href":"https:\/\/www.automakers.cz\/index.php?rest_route=\/wp\/v2\/posts\/15323\/revisions"}],"predecessor-version":[{"id":15348,"href":"https:\/\/www.automakers.cz\/index.php?rest_route=\/wp\/v2\/posts\/15323\/revisions\/15348"}],"wp:featuredmedia":[{"embeddable":true,"href":"https:\/\/www.automakers.cz\/index.php?rest_route=\/wp\/v2\/media\/15331"}],"wp:attachment":[{"href":"https:\/\/www.automakers.cz\/index.php?rest_route=%2Fwp%2Fv2%2Fmedia&parent=15323"}],"wp:term":[{"taxonomy":"category","embeddable":true,"href":"https:\/\/www.automakers.cz\/index.php?rest_route=%2Fwp%2Fv2%2Fcategories&post=15323"},{"taxonomy":"post_tag","embeddable":true,"href":"https:\/\/www.automakers.cz\/index.php?rest_route=%2Fwp%2Fv2%2Ftags&post=15323"}],"curies":[{"name":"wp","href":"https:\/\/api.w.org\/{rel}","templated":true}]}}