{"id":15350,"date":"2025-08-11T08:31:12","date_gmt":"2025-08-11T08:31:12","guid":{"rendered":"https:\/\/www.automakers.cz\/?p=15350"},"modified":"2025-08-11T08:33:53","modified_gmt":"2025-08-11T08:33:53","slug":"cesko-za-pololeti-registrovalo-4687-aut-z-ciny","status":"publish","type":"post","link":"https:\/\/www.automakers.cz\/?p=15350","title":{"rendered":"\u010c\u00ednsk\u00e9 vozy letos tvo\u0159\u00ed 4 % \u010desk\u00e9ho trhu"},"content":{"rendered":"<p><strong>V \u010desk\u00e9m registru vozidel p\u0159ibylo za prvn\u00ed pololet\u00ed 4687 osobn\u00edch aut vyroben\u00fdch v <span class=\"highlight-E0id2 highlight-E0M\">\u010c\u00edn\u011b<\/span>. Jsou to t\u00e9m\u011b\u0159 \u010dty\u0159i procenta v\u0161ech osobn\u00edch voz\u016f prodan\u00fdch v <span class=\"highlight-E0id1 highlight-E0M\">\u010cesku<\/span> v prvn\u00edch \u0161esti m\u011bs\u00edc\u00edch. Nejv\u00edce registrac\u00ed p\u0159ipad\u00e1 na MG. Vypl\u00fdv\u00e1 to z \u00fadaj\u016f <span class=\"highlight-E1id4 highlight-E4id0 highlight-E1M highlight-E4M\">Svazu<\/span> <span class=\"highlight-E4id0 highlight-E1id4 highlight-E4M highlight-E1M\">dovozc\u016f<\/span> <span class=\"highlight-E1id4 highlight-E4id0 highlight-E1M highlight-E4M\">automobil\u016f<\/span>.<\/strong><!--more--><\/p>\n<p>Nejprod\u00e1van\u011bj\u0161\u00ed \u010d\u00ednskou zna\u010dkou je <strong><span class=\"highlight-E4id0 highlight-E1id0 highlight-E4M highlight-E1M\">MG<\/span>, na kterou p\u0159ipad\u00e1 2884 registrovan\u00fdch voz\u016f<\/strong>, tedy v\u00edce ne\u017e polovina. N\u00e1sleduje <span class=\"highlight-E1id2 highlight-E4id0 highlight-E1M highlight-E4M\">Tesla<\/span> s 608 elektrick\u00fdmi vozy a <span class=\"highlight-E4id0 highlight-E1id7 highlight-E4M highlight-E1M\">Honda<\/span>, kter\u00e1 v <span class=\"highlight-E0id1 highlight-E0M\">\u010cesku<\/span> prodala 535 aut vyroben\u00fdch v <span class=\"highlight-E0id2 highlight-E0M\">\u010c\u00edn\u011b<\/span>.<\/p>\n<p>Podle <span class=\"highlight-E5id1 highlight-E5M\">tajemn\u00edka<\/span> svazu <strong><span class=\"highlight-E2id0 highlight-E2M\">Josefa<\/span> <span class=\"highlight-E2id0 highlight-E2M\">Pokorn\u00e9ho<\/span> <\/strong>se p\u016fvod voz\u016f ur\u010duje podle v\u00fdrobn\u00edho \u010d\u00edsla VIN, kter\u00e9 obsahuje identifik\u00e1tor zem\u011b v\u00fdroby. Z <span class=\"highlight-E0id2 highlight-E0M\">\u010c\u00edny<\/span> podle VIN tak nepoch\u00e1zej\u00ed jen m\u00edstn\u00ed zna\u010dky, ale i \u010d\u00e1st produkce <span class=\"highlight-E5id0 highlight-E5M\">v\u00fdrobc\u016f<\/span>, kte\u0159\u00ed maj\u00ed s\u00eddlo v jin\u00fdch zem\u00edch, co\u017e je p\u0159\u00edpad americk\u00e9 <span class=\"highlight-E1id2 highlight-E4id0 highlight-E1M highlight-E4M\">Tesly<\/span> nebo japonsk\u00e9 <span class=\"highlight-E4id0 highlight-E1id7 highlight-E4M highlight-E1M\">Hondy<\/span>.<\/p>\n<p>&#8222;Statistika naopak neobsahuje vozy n\u011bkter\u00fdch zna\u010dek, kter\u00e9 maj\u00ed ve VIN \u010d\u00edsle v\u00fdrobn\u00ed z\u00e1vod nap\u0159\u00edklad v <span class=\"highlight-E0id0 highlight-E0M\">Evrop\u011b<\/span>, a\u010dkoliv byly t\u00e9\u017e ve vysok\u00e9m procentu vyrobeny v <span class=\"highlight-E0id2 highlight-E0M\">\u010c\u00edn\u011b<\/span>, p\u0159\u00edkladem je elektrick\u00e1 <span class=\"highlight-E1id1 highlight-E4id0 highlight-E1M highlight-E4M\">Dacia<\/span>, kde VIN ud\u00e1v\u00e1 v\u00fdrobu v <span class=\"highlight-E0id3 highlight-E0M\">Rumunsku<\/span>, ale je t\u00e9\u017e vyu\u017e\u00edv\u00e1n \u010d\u00ednsk\u00fd v\u00fdrobn\u00ed z\u00e1vod,&#8220; dodal <span class=\"highlight-E2id0 highlight-E2M\">Pokorn\u00fd<\/span>.<\/p>\n<p><img loading=\"lazy\" decoding=\"async\" class=\"alignnone size-medium wp-image-12177\" src=\"http:\/\/www.automakers.cz\/wp-content\/uploads\/2025\/04\/SDA-TK-Pokorny-900x506.jpg\" alt=\"\" width=\"900\" height=\"506\" srcset=\"https:\/\/www.automakers.cz\/wp-content\/uploads\/2025\/04\/SDA-TK-Pokorny-900x506.jpg 900w, https:\/\/www.automakers.cz\/wp-content\/uploads\/2025\/04\/SDA-TK-Pokorny-1024x576.jpg 1024w, https:\/\/www.automakers.cz\/wp-content\/uploads\/2025\/04\/SDA-TK-Pokorny-768x432.jpg 768w, https:\/\/www.automakers.cz\/wp-content\/uploads\/2025\/04\/SDA-TK-Pokorny-1536x864.jpg 1536w, https:\/\/www.automakers.cz\/wp-content\/uploads\/2025\/04\/SDA-TK-Pokorny-1280x720.jpg 1280w, https:\/\/www.automakers.cz\/wp-content\/uploads\/2025\/04\/SDA-TK-Pokorny.jpg 2040w\" sizes=\"auto, (max-width: 900px) 100vw, 900px\" \/>Zhruba 1000 aut p\u016fvodem z <span class=\"highlight-E0id2 highlight-E0M\">\u010c\u00edny<\/span> byly elektromobily a 305 voz\u016f hybridy. V prodej\u00edch elektromobil\u016f tak m\u011bly \u010d\u00ednsk\u00e9 vozy pod\u00edl p\u0159es 14 procent, mezi hybridy to bylo zhruba jedno procento.<\/p>\n<p>V <span class=\"highlight-E0id1 highlight-E0M\">\u010cesku<\/span> za\u010daly v posledn\u00edm roce p\u016fsobit \u010d\u00ednsk\u00e9 zna\u010dky, jako je nejv\u011bt\u0161\u00ed \u010d\u00ednsk\u00e1 automobilka<strong> <span class=\"highlight-query\">BYD<\/span>, <span class=\"highlight-E4id0 highlight-E1id3 highlight-E4M highlight-E1M\">Chery<\/span>, <span class=\"highlight-E1id6 highlight-E4id0 highlight-E1M highlight-E4M\">Xpeng<\/span>, <span class=\"highlight-E3id0 highlight-E3M\">DongFeng<\/span>, BAIC nebo <span class=\"highlight-E4id0 highlight-E1id8 highlight-E4M highlight-E1M\">LeapMotor<\/span><\/strong>. Del\u0161\u00ed dobu je ji\u017e p\u0159\u00edtomn\u00e1 p\u016fvodn\u011b britsk\u00e1 <span class=\"highlight-E1id0 highlight-E4id0 highlight-E1M highlight-E4M\">MG<\/span>. Podle analytick\u00e9 spole\u010dnosti <span class=\"highlight-E1id5 highlight-E1M\">JATO<\/span> <span class=\"highlight-E1id5 highlight-E1M\">Dynamics<\/span> dos\u00e1hly \u010d\u00ednsk\u00e9 automobilky na evropsk\u00e9m trhu v pololet\u00ed rekordn\u00edho pod\u00edlu 5,1 procenta.<\/p>\n<p><strong>Zdroj: autojournal, SDA<\/strong><\/p>\n","protected":false},"excerpt":{"rendered":"<p>V \u010desk\u00e9m registru vozidel p\u0159ibylo za prvn\u00ed pololet\u00ed 4687 osobn\u00edch aut vyroben\u00fdch v \u010c\u00edn\u011b. Jsou&#8230;<\/p>\n","protected":false},"author":1,"featured_media":13995,"comment_status":"closed","ping_status":"closed","sticky":false,"template":"","format":"standard","meta":{"footnotes":""},"categories":[48,10],"tags":[],"class_list":["post-15350","post","type-post","status-publish","format-standard","has-post-thumbnail","hentry","category-registrace","category-statistika"],"_links":{"self":[{"href":"https:\/\/www.automakers.cz\/index.php?rest_route=\/wp\/v2\/posts\/15350","targetHints":{"allow":["GET"]}}],"collection":[{"href":"https:\/\/www.automakers.cz\/index.php?rest_route=\/wp\/v2\/posts"}],"about":[{"href":"https:\/\/www.automakers.cz\/index.php?rest_route=\/wp\/v2\/types\/post"}],"author":[{"embeddable":true,"href":"https:\/\/www.automakers.cz\/index.php?rest_route=\/wp\/v2\/users\/1"}],"replies":[{"embeddable":true,"href":"https:\/\/www.automakers.cz\/index.php?rest_route=%2Fwp%2Fv2%2Fcomments&post=15350"}],"version-history":[{"count":4,"href":"https:\/\/www.automakers.cz\/index.php?rest_route=\/wp\/v2\/posts\/15350\/revisions"}],"predecessor-version":[{"id":15352,"href":"https:\/\/www.automakers.cz\/index.php?rest_route=\/wp\/v2\/posts\/15350\/revisions\/15352"}],"wp:featuredmedia":[{"embeddable":true,"href":"https:\/\/www.automakers.cz\/index.php?rest_route=\/wp\/v2\/media\/13995"}],"wp:attachment":[{"href":"https:\/\/www.automakers.cz\/index.php?rest_route=%2Fwp%2Fv2%2Fmedia&parent=15350"}],"wp:term":[{"taxonomy":"category","embeddable":true,"href":"https:\/\/www.automakers.cz\/index.php?rest_route=%2Fwp%2Fv2%2Fcategories&post=15350"},{"taxonomy":"post_tag","embeddable":true,"href":"https:\/\/www.automakers.cz\/index.php?rest_route=%2Fwp%2Fv2%2Ftags&post=15350"}],"curies":[{"name":"wp","href":"https:\/\/api.w.org\/{rel}","templated":true}]}}