{"id":15356,"date":"2025-08-11T09:03:45","date_gmt":"2025-08-11T09:03:45","guid":{"rendered":"https:\/\/www.automakers.cz\/?p=15356"},"modified":"2025-08-11T09:04:21","modified_gmt":"2025-08-11T09:04:21","slug":"mg-uvadi-na-cesky-trh-hs-hybrid","status":"publish","type":"post","link":"https:\/\/www.automakers.cz\/?p=15356","title":{"rendered":"MG uv\u00e1d\u00ed na \u010desk\u00fd trh HS Hybrid+"},"content":{"rendered":"<p><strong>MG Motor Czech uv\u00e1d\u00ed na \u010desk\u00fd trh novou motorizaci modelu HS \u2013 MG HS Hybrid+. Novinka je dostupn\u00e1 ve dvou v\u00fdbavov\u00fdch variant\u00e1ch HS Hybrid+ Emotion za 799 900 K\u010d a HS Hybrid+ Exclusive za 849 900 K\u010d. Ob\u011b verze jsou kryty komplexn\u00ed z\u00e1rukou 7 let s omezen\u00edm na 150 000 km.<\/strong><!--more--><\/p>\n<p>\u201eHybrid+ je strategick\u00fdm roz\u0161\u00ed\u0159en\u00edm na\u0161\u00ed modelov\u00e9 \u0159ady HS. C\u00edl\u00edme na z\u00e1kazn\u00edky, kte\u0159\u00ed hledaj\u00ed vyv\u00e1\u017een\u00fd pom\u011br mezi v\u00fdkonem, komfortem a provozn\u00edmi n\u00e1klady \u2013 a z\u00e1rove\u0148 roz\u0161i\u0159ujeme na\u0161e p\u016fsoben\u00ed v hybridn\u00edm segmentu. O\u010dek\u00e1v\u00e1me, \u017ee Hybrid+ bude tvo\u0159it kl\u00ed\u010dovou \u010d\u00e1st prodej\u016f modelu HS a oslov\u00ed nejen st\u00e1vaj\u00edc\u00ed z\u00e1kazn\u00edky MG, ale i ty, kte\u0159\u00ed uva\u017euj\u00ed o p\u0159echodu na elektrifikovan\u00fd pohon,\u201c \u0159\u00edk\u00e1 <strong><b>Martin Kr\u00e1l\u00ed\u010dek<\/b><\/strong>, gener\u00e1ln\u00ed \u0159editel MG Motor Czech.<\/p>\n<p><img loading=\"lazy\" decoding=\"async\" class=\"alignnone size-medium wp-image-13984\" src=\"http:\/\/www.automakers.cz\/wp-content\/uploads\/2025\/06\/MG-Kralicek-TK-Slavia-900x506.jpg\" alt=\"\" width=\"900\" height=\"506\" srcset=\"https:\/\/www.automakers.cz\/wp-content\/uploads\/2025\/06\/MG-Kralicek-TK-Slavia-900x506.jpg 900w, https:\/\/www.automakers.cz\/wp-content\/uploads\/2025\/06\/MG-Kralicek-TK-Slavia-1024x576.jpg 1024w, https:\/\/www.automakers.cz\/wp-content\/uploads\/2025\/06\/MG-Kralicek-TK-Slavia-768x432.jpg 768w, https:\/\/www.automakers.cz\/wp-content\/uploads\/2025\/06\/MG-Kralicek-TK-Slavia-1536x864.jpg 1536w, https:\/\/www.automakers.cz\/wp-content\/uploads\/2025\/06\/MG-Kralicek-TK-Slavia-1280x720.jpg 1280w, https:\/\/www.automakers.cz\/wp-content\/uploads\/2025\/06\/MG-Kralicek-TK-Slavia.jpg 2048w\" sizes=\"auto, (max-width: 900px) 100vw, 900px\" \/><strong>P\u0159epl\u0148ovan\u00fd 1,5 TGI plus elektromotor<\/strong><\/p>\n<p>Hybridn\u00ed pohon <strong><b>MG Hybrid+<\/b><\/strong>\u00a0kombinuje <strong><b>p\u0159epl\u0148ovan\u00fd benzinov\u00fd motor 1,5\u00a0TGI (105\u00a0kW)<\/b><\/strong>\u00a0p\u0159evzat\u00fd z \u010dist\u011b spalovac\u00ed verze modelu HS, <strong><b>elektromotor 146\u00a0kW<\/b><\/strong>, palubn\u00ed gener\u00e1tor a <strong><b>baterii 1,83\u00a0kWh<\/b><\/strong>.<\/p>\n<p>Syst\u00e9m vyu\u017e\u00edv\u00e1 <strong><b>2stup\u0148ovou multim\u00f3dovou p\u0159evodovku<\/b><\/strong>, stejnou jako u plug-in hybridn\u00ed verze modelu HS. Celkov\u00fd v\u00fdkon dosahuje <strong><b>165\u00a0kW (224\u00a0k)<\/b><\/strong>, co\u017e umo\u017e\u0148uje zrychlen\u00ed z 0 na 100\u00a0km\/h za <strong><b>7,9\u00a0sekundy<\/b><\/strong>. P\u0159itom si podle v\u00fdrobce v\u016fz dr\u017e\u00ed <strong><b>spot\u0159ebu 5,5\u00a0l\/100\u00a0km (WLTP)<\/b><\/strong>\u00a0a <strong><b>emise CO\u2082 pouh\u00fdch 126\u00a0g\/km<\/b><\/strong>.<\/p>\n<p>Uvnit\u0159 vozu najdeme <strong><b>dva propojen\u00e9 12,3&#8243; displeje<\/b><\/strong>\u00a0\u2013 jeden pro infotainment s online navigac\u00ed, Amazon Music a konektivitou Android Auto\u2122 a Apple CarPlay\u00ae, druh\u00fd jako p\u0159ehledn\u00fd digit\u00e1ln\u00ed p\u0159\u00edstrojov\u00fd \u0161t\u00edt s n\u011bkolika re\u017eimy zobrazen\u00ed.<\/p>\n<p>MG HS Hybrid+ p\u0159ich\u00e1z\u00ed se solidn\u00ed v\u00fdbavou u\u017e ve verzi <strong><b>Emotion<\/b><\/strong>, kter\u00e1 nab\u00edz\u00ed mimo jin\u00e9 <strong><b>parkovac\u00ed kameru s vysok\u00fdm rozli\u0161en\u00edm<\/b><\/strong>, <strong><b>LED sv\u011btlomety s funkc\u00ed Follow Me Home<\/b><\/strong>, elektricky nastaviteln\u00e1 <strong><b>zp\u011btn\u00e1 zrc\u00e1tka<\/b><\/strong>, <strong><b>elektricky nastaviteln\u00e9 sedadlo \u0159idi\u010de<\/b><\/strong>, <strong><b>bezkl\u00ed\u010dov\u00e9 odemyk\u00e1n\u00ed<\/b><\/strong>, <strong><b>elektrickou parkovac\u00ed brzdu<\/b><\/strong>, <strong><b>inteligentn\u00ed adaptivn\u00ed<\/b><\/strong>\u00a0<strong><b>tempomat<\/b><\/strong>\u00a0a \u0159adu <strong><b>asisten\u010dn\u00edch syst\u00e9m\u016f MG Pilot<\/b><\/strong>, v\u010detn\u011b:<\/p>\n<ul>\n<li>Automatick\u00e9ho nouzov\u00e9ho brzd\u011bn\u00ed s detekc\u00ed chodc\u016f a cyklist\u016f<\/li>\n<li>Udr\u017eov\u00e1n\u00ed v j\u00edzdn\u00edm pruhu a varov\u00e1n\u00ed p\u0159ed ne\u00famysln\u00fdm opu\u0161t\u011bn\u00edm<\/li>\n<li>Sledov\u00e1n\u00ed mrtv\u00e9ho \u00fahlu a asistent zm\u011bny j\u00edzdn\u00edho pruhu<\/li>\n<li>Varov\u00e1n\u00ed p\u0159ed koliz\u00ed, otev\u0159en\u00edm dve\u0159\u00ed a nepozornost\u00ed \u0159idi\u010de<\/li>\n<\/ul>\n<p>Prakti\u010dnost podtrhuje <strong><b>zavazadlov\u00fd prostor 507 litr\u016f<\/b><\/strong>, <strong><b>st\u0159e\u0161n\u00ed nosi\u010de s nosnost\u00ed 75 kg<\/b><\/strong>\u00a0a <strong><b>ta\u017en\u00e1 kapacita a\u017e 1500 kg (brzd\u011bn\u00fd p\u0159\u00edv\u011bs)<\/b><\/strong>.<\/p>\n<p>Model <strong><b>MG HS Hybrid+ <\/b><\/strong>je ji\u017e nyn\u00ed dostupn\u00fd u autorizovan\u00fdch prodejc\u016f MG po cel\u00e9 \u010cesk\u00e9 republice.<\/p>\n","protected":false},"excerpt":{"rendered":"<p>MG Motor Czech uv\u00e1d\u00ed na \u010desk\u00fd trh novou motorizaci modelu HS \u2013 MG HS Hybrid+&#8230;.<\/p>\n","protected":false},"author":1,"featured_media":15358,"comment_status":"closed","ping_status":"closed","sticky":false,"template":"","format":"standard","meta":{"footnotes":""},"categories":[37,83],"tags":[],"class_list":["post-15356","post","type-post","status-publish","format-standard","has-post-thumbnail","hentry","category-ceny-novinek","category-hybridy"],"_links":{"self":[{"href":"https:\/\/www.automakers.cz\/index.php?rest_route=\/wp\/v2\/posts\/15356","targetHints":{"allow":["GET"]}}],"collection":[{"href":"https:\/\/www.automakers.cz\/index.php?rest_route=\/wp\/v2\/posts"}],"about":[{"href":"https:\/\/www.automakers.cz\/index.php?rest_route=\/wp\/v2\/types\/post"}],"author":[{"embeddable":true,"href":"https:\/\/www.automakers.cz\/index.php?rest_route=\/wp\/v2\/users\/1"}],"replies":[{"embeddable":true,"href":"https:\/\/www.automakers.cz\/index.php?rest_route=%2Fwp%2Fv2%2Fcomments&post=15356"}],"version-history":[{"count":3,"href":"https:\/\/www.automakers.cz\/index.php?rest_route=\/wp\/v2\/posts\/15356\/revisions"}],"predecessor-version":[{"id":15360,"href":"https:\/\/www.automakers.cz\/index.php?rest_route=\/wp\/v2\/posts\/15356\/revisions\/15360"}],"wp:featuredmedia":[{"embeddable":true,"href":"https:\/\/www.automakers.cz\/index.php?rest_route=\/wp\/v2\/media\/15358"}],"wp:attachment":[{"href":"https:\/\/www.automakers.cz\/index.php?rest_route=%2Fwp%2Fv2%2Fmedia&parent=15356"}],"wp:term":[{"taxonomy":"category","embeddable":true,"href":"https:\/\/www.automakers.cz\/index.php?rest_route=%2Fwp%2Fv2%2Fcategories&post=15356"},{"taxonomy":"post_tag","embeddable":true,"href":"https:\/\/www.automakers.cz\/index.php?rest_route=%2Fwp%2Fv2%2Ftags&post=15356"}],"curies":[{"name":"wp","href":"https:\/\/api.w.org\/{rel}","templated":true}]}}