{"id":15361,"date":"2025-08-11T10:49:45","date_gmt":"2025-08-11T10:49:45","guid":{"rendered":"https:\/\/www.automakers.cz\/?p=15361"},"modified":"2025-08-11T10:49:45","modified_gmt":"2025-08-11T10:49:45","slug":"volkswagen-fs-se-druzila-s-porsche-bank","status":"publish","type":"post","link":"https:\/\/www.automakers.cz\/?p=15361","title":{"rendered":"Volkswagen FS se dru\u017eila s Porsche Bank"},"content":{"rendered":"<p><strong>Ve Volkswagen Financial Services se konal workshop a inspirativn\u00ed v\u00fdm\u011bna zku\u0161enost\u00ed s kolegy z Porsche Bank. Dal\u0161\u00ed setk\u00e1n\u00ed mana\u017eer\u016f bude<\/strong> <strong>v Rakousku.<\/strong><!--more--><\/p>\n<p>Banku Porsche zastoupili Hannes Maurer a Daniel Aichriedler, Porsche Finance Group Slovakia David Gedlicka a Porsche \u010cesk\u00e1 republika Julian Rumswinkel.<\/p>\n<p>&#8222;V\u017edy m\u00e1 smysl naj\u00edt si \u010das na osobn\u00ed setk\u00e1n\u00ed, sd\u00edlen\u00ed zku\u0161enost\u00ed a hled\u00e1n\u00ed nov\u00fdch obchodn\u00edch p\u0159\u00edle\u017eitost\u00ed a inovac\u00ed. T\u011b\u0161\u00edm se na dal\u0161\u00ed pokra\u010dov\u00e1n\u00ed v Salzburku,&#8220; shrnul event jednatel VWFS Vratislav Stra\u0161il.<\/p>\n<figure id=\"attachment_323\" aria-describedby=\"caption-attachment-323\" style=\"width: 500px\" class=\"wp-caption alignnone\"><img loading=\"lazy\" decoding=\"async\" class=\"size-full wp-image-323\" src=\"http:\/\/www.automakers.cz\/wp-content\/uploads\/2023\/11\/Strasil-Vratislav-ridic-e1678266008285.png\" alt=\"\" width=\"500\" height=\"333\" \/><figcaption id=\"caption-attachment-323\" class=\"wp-caption-text\">Jednatel Volkswagen Financial Services Vratislav Stra\u0161il<\/figcaption><\/figure>\n<p>Zdroj: Linkedin<\/p>\n","protected":false},"excerpt":{"rendered":"<p>Ve Volkswagen Financial Services se konal workshop a inspirativn\u00ed v\u00fdm\u011bna zku\u0161enost\u00ed s kolegy z Porsche&#8230;<\/p>\n","protected":false},"author":1,"featured_media":15362,"comment_status":"closed","ping_status":"closed","sticky":false,"template":"","format":"standard","meta":{"footnotes":""},"categories":[22,33],"tags":[],"class_list":["post-15361","post","type-post","status-publish","format-standard","has-post-thumbnail","hentry","category-konference","category-leasing"],"_links":{"self":[{"href":"https:\/\/www.automakers.cz\/index.php?rest_route=\/wp\/v2\/posts\/15361","targetHints":{"allow":["GET"]}}],"collection":[{"href":"https:\/\/www.automakers.cz\/index.php?rest_route=\/wp\/v2\/posts"}],"about":[{"href":"https:\/\/www.automakers.cz\/index.php?rest_route=\/wp\/v2\/types\/post"}],"author":[{"embeddable":true,"href":"https:\/\/www.automakers.cz\/index.php?rest_route=\/wp\/v2\/users\/1"}],"replies":[{"embeddable":true,"href":"https:\/\/www.automakers.cz\/index.php?rest_route=%2Fwp%2Fv2%2Fcomments&post=15361"}],"version-history":[{"count":2,"href":"https:\/\/www.automakers.cz\/index.php?rest_route=\/wp\/v2\/posts\/15361\/revisions"}],"predecessor-version":[{"id":15364,"href":"https:\/\/www.automakers.cz\/index.php?rest_route=\/wp\/v2\/posts\/15361\/revisions\/15364"}],"wp:featuredmedia":[{"embeddable":true,"href":"https:\/\/www.automakers.cz\/index.php?rest_route=\/wp\/v2\/media\/15362"}],"wp:attachment":[{"href":"https:\/\/www.automakers.cz\/index.php?rest_route=%2Fwp%2Fv2%2Fmedia&parent=15361"}],"wp:term":[{"taxonomy":"category","embeddable":true,"href":"https:\/\/www.automakers.cz\/index.php?rest_route=%2Fwp%2Fv2%2Fcategories&post=15361"},{"taxonomy":"post_tag","embeddable":true,"href":"https:\/\/www.automakers.cz\/index.php?rest_route=%2Fwp%2Fv2%2Ftags&post=15361"}],"curies":[{"name":"wp","href":"https:\/\/api.w.org\/{rel}","templated":true}]}}