{"id":15365,"date":"2025-08-11T11:08:05","date_gmt":"2025-08-11T11:08:05","guid":{"rendered":"https:\/\/www.automakers.cz\/?p=15365"},"modified":"2025-08-12T15:32:01","modified_gmt":"2025-08-12T15:32:01","slug":"skoda-auto-vs-s-novou-kvestorkou","status":"publish","type":"post","link":"https:\/\/www.automakers.cz\/?p=15365","title":{"rendered":"Martina Zimmermann kvestorkou \u0160koda Auto V\u0160"},"content":{"rendered":"<p><strong>Martina Zimmermann kon\u010d\u00ed v marketingu \u0160kodovky a nastupuje na pozici Kvestora \u0160kody Auto Vysok\u00e1 \u0161kola.<\/strong><!--more--><\/p>\n<p>Martina m\u011bla dosud ve \u0160kod\u011b Auto na starosti oblast diverzity a inkluze.<\/p>\n<p>&#8222;Nyn\u00ed se posouv\u00e1m do prost\u0159ed\u00ed, kde se propojuje sv\u011bt praxe a vzd\u011bl\u00e1v\u00e1n\u00ed. V\u011b\u0159\u00edm, \u017ee sv\u00e9 zku\u0161enosti z financ\u00ed, marketingu, tvorby strategi\u00ed i z budov\u00e1n\u00ed inkluzivn\u00edho prost\u0159ed\u00ed uplatn\u00edm v nov\u00e9 roli kvestorky,&#8220; p\u0159ibl\u00ed\u017eila Zimmermann zm\u011bnu an profesn\u00ed s\u00edti Linkedin.<\/p>\n<p>Martina Zimmermann vystudovala obor Podnikov\u00e1 ekonomika a management na Vysok\u00e9 \u0161kole ekonomick\u00e9, zah\u00e1jila svoji profesn\u00ed kari\u00e9ru u \u010desk\u00e9ho import\u00e9ra zna\u010dek koncernu Volkswagen. Tam p\u016fsobila v r\u016fzn\u00fdch pozic\u00edch 9 let, z toho 4 roky jako marketingov\u00e1 mana\u017eerka divize Volkswagen osobn\u00ed vozy. Posledn\u00ed roky byla sou\u010d\u00e1st\u00ed marketingov\u00e9ho t\u00fdmu \u0160KODA AUTO \u010cesk\u00e1 republika.<\/p>\n","protected":false},"excerpt":{"rendered":"<p>Martina Zimmermann kon\u010d\u00ed v marketingu \u0160kodovky a nastupuje na pozici Kvestora \u0160kody Auto Vysok\u00e1 \u0161kola.<\/p>\n","protected":false},"author":1,"featured_media":15368,"comment_status":"closed","ping_status":"closed","sticky":false,"template":"","format":"standard","meta":{"footnotes":""},"categories":[7,36,5],"tags":[],"class_list":["post-15365","post","type-post","status-publish","format-standard","has-post-thumbnail","hentry","category-kariera","category-marketing","category-personalie"],"_links":{"self":[{"href":"https:\/\/www.automakers.cz\/index.php?rest_route=\/wp\/v2\/posts\/15365","targetHints":{"allow":["GET"]}}],"collection":[{"href":"https:\/\/www.automakers.cz\/index.php?rest_route=\/wp\/v2\/posts"}],"about":[{"href":"https:\/\/www.automakers.cz\/index.php?rest_route=\/wp\/v2\/types\/post"}],"author":[{"embeddable":true,"href":"https:\/\/www.automakers.cz\/index.php?rest_route=\/wp\/v2\/users\/1"}],"replies":[{"embeddable":true,"href":"https:\/\/www.automakers.cz\/index.php?rest_route=%2Fwp%2Fv2%2Fcomments&post=15365"}],"version-history":[{"count":6,"href":"https:\/\/www.automakers.cz\/index.php?rest_route=\/wp\/v2\/posts\/15365\/revisions"}],"predecessor-version":[{"id":15417,"href":"https:\/\/www.automakers.cz\/index.php?rest_route=\/wp\/v2\/posts\/15365\/revisions\/15417"}],"wp:featuredmedia":[{"embeddable":true,"href":"https:\/\/www.automakers.cz\/index.php?rest_route=\/wp\/v2\/media\/15368"}],"wp:attachment":[{"href":"https:\/\/www.automakers.cz\/index.php?rest_route=%2Fwp%2Fv2%2Fmedia&parent=15365"}],"wp:term":[{"taxonomy":"category","embeddable":true,"href":"https:\/\/www.automakers.cz\/index.php?rest_route=%2Fwp%2Fv2%2Fcategories&post=15365"},{"taxonomy":"post_tag","embeddable":true,"href":"https:\/\/www.automakers.cz\/index.php?rest_route=%2Fwp%2Fv2%2Ftags&post=15365"}],"curies":[{"name":"wp","href":"https:\/\/api.w.org\/{rel}","templated":true}]}}