{"id":15404,"date":"2025-08-14T11:35:26","date_gmt":"2025-08-14T11:35:26","guid":{"rendered":"https:\/\/www.automakers.cz\/?p=15404"},"modified":"2025-08-14T14:36:13","modified_gmt":"2025-08-14T14:36:13","slug":"byd-shani-specialistu-marketingu","status":"publish","type":"post","link":"https:\/\/www.automakers.cz\/?p=15404","title":{"rendered":"BYD sh\u00e1n\u00ed specialistu marketingu"},"content":{"rendered":"<p><strong>\u010c\u00ednsk\u00fd BYD stav\u00ed tov\u00e1rnu v Ma\u010farsku a po cel\u00e9 Evrop\u011b sh\u00e1n\u00ed \u0159adu nov\u00fdch pracovn\u00edk\u016f. \u010cesk\u00fd import m\u00e1 v sou\u010dasnosti otev\u0159enou jednu pozici.<\/strong><!--more--><\/p>\n<p>Zna\u010dka BYD ofici\u00e1ln\u011b vstoupila na \u010desk\u00fd trh 1. dubna na velk\u00e9 akci v karl\u00ednsk\u00e9m F\u00f3ru, od jara d\u00e1v\u00e1 dohromady mana\u017eersk\u00fd t\u00fdm pro \u010ceskou republiku.<\/p>\n<p><img loading=\"lazy\" decoding=\"async\" class=\"alignnone size-medium wp-image-12093\" src=\"http:\/\/www.automakers.cz\/wp-content\/uploads\/2025\/04\/BYD-Karlin-Harmansky-auta-podium-900x506.jpg\" alt=\"\" width=\"900\" height=\"506\" srcset=\"https:\/\/www.automakers.cz\/wp-content\/uploads\/2025\/04\/BYD-Karlin-Harmansky-auta-podium-900x506.jpg 900w, https:\/\/www.automakers.cz\/wp-content\/uploads\/2025\/04\/BYD-Karlin-Harmansky-auta-podium-1024x576.jpg 1024w, https:\/\/www.automakers.cz\/wp-content\/uploads\/2025\/04\/BYD-Karlin-Harmansky-auta-podium-768x432.jpg 768w, https:\/\/www.automakers.cz\/wp-content\/uploads\/2025\/04\/BYD-Karlin-Harmansky-auta-podium-1536x864.jpg 1536w, https:\/\/www.automakers.cz\/wp-content\/uploads\/2025\/04\/BYD-Karlin-Harmansky-auta-podium-1280x720.jpg 1280w, https:\/\/www.automakers.cz\/wp-content\/uploads\/2025\/04\/BYD-Karlin-Harmansky-auta-podium.jpg 2040w\" sizes=\"auto, (max-width: 900px) 100vw, 900px\" \/>V sou\u010dasnosti \u010desk\u00fd BYD popt\u00e1v\u00e1 <strong>marketingov\u00e9ho specialistu,<\/strong> kter\u00fd by m\u011bl b\u00fdt podle popt\u00e1vky na s\u00edti Linkedin \u010dlov\u011bk st\u0159edn\u00edho v\u011bku, kter\u00fd by do firmy nastoupil na pln\u00fd \u00favazek. Mezi jeho dovednosti by m\u011blo pat\u0159it zad\u00e1v\u00e1n\u00ed inzerce.<\/p>\n<p><strong>Marketing importu koordinuje od dubna Jan Hauptvogel, kter\u00fd do listopadu lo\u0148sk\u00e9ho\u00a0 roku pracoval ve skupin\u011b Emil Frey. P\u0159edt\u00edm p\u016fsobil tak\u00e9 u zna\u010dky Hyundai. <\/strong><\/p>\n<p><strong>Zdroj: archiv, Linkedin BYD, Jan Hauptvogel<\/strong><\/p>\n<p><img loading=\"lazy\" decoding=\"async\" class=\"alignnone size-full wp-image-15483\" src=\"http:\/\/www.automakers.cz\/wp-content\/uploads\/2025\/08\/BYD-Jan-Hauptvogel.jpg\" alt=\"\" width=\"800\" height=\"692\" srcset=\"https:\/\/www.automakers.cz\/wp-content\/uploads\/2025\/08\/BYD-Jan-Hauptvogel.jpg 800w, https:\/\/www.automakers.cz\/wp-content\/uploads\/2025\/08\/BYD-Jan-Hauptvogel-768x664.jpg 768w\" sizes=\"auto, (max-width: 800px) 100vw, 800px\" \/><\/p>\n","protected":false},"excerpt":{"rendered":"<p>\u010c\u00ednsk\u00fd BYD stav\u00ed tov\u00e1rnu v Ma\u010farsku a po cel\u00e9 Evrop\u011b sh\u00e1n\u00ed \u0159adu nov\u00fdch pracovn\u00edk\u016f. \u010cesk\u00fd&#8230;<\/p>\n","protected":false},"author":1,"featured_media":12099,"comment_status":"closed","ping_status":"closed","sticky":false,"template":"","format":"standard","meta":{"footnotes":""},"categories":[7,36,5],"tags":[],"class_list":["post-15404","post","type-post","status-publish","format-standard","has-post-thumbnail","hentry","category-kariera","category-marketing","category-personalie"],"_links":{"self":[{"href":"https:\/\/www.automakers.cz\/index.php?rest_route=\/wp\/v2\/posts\/15404","targetHints":{"allow":["GET"]}}],"collection":[{"href":"https:\/\/www.automakers.cz\/index.php?rest_route=\/wp\/v2\/posts"}],"about":[{"href":"https:\/\/www.automakers.cz\/index.php?rest_route=\/wp\/v2\/types\/post"}],"author":[{"embeddable":true,"href":"https:\/\/www.automakers.cz\/index.php?rest_route=\/wp\/v2\/users\/1"}],"replies":[{"embeddable":true,"href":"https:\/\/www.automakers.cz\/index.php?rest_route=%2Fwp%2Fv2%2Fcomments&post=15404"}],"version-history":[{"count":9,"href":"https:\/\/www.automakers.cz\/index.php?rest_route=\/wp\/v2\/posts\/15404\/revisions"}],"predecessor-version":[{"id":15487,"href":"https:\/\/www.automakers.cz\/index.php?rest_route=\/wp\/v2\/posts\/15404\/revisions\/15487"}],"wp:featuredmedia":[{"embeddable":true,"href":"https:\/\/www.automakers.cz\/index.php?rest_route=\/wp\/v2\/media\/12099"}],"wp:attachment":[{"href":"https:\/\/www.automakers.cz\/index.php?rest_route=%2Fwp%2Fv2%2Fmedia&parent=15404"}],"wp:term":[{"taxonomy":"category","embeddable":true,"href":"https:\/\/www.automakers.cz\/index.php?rest_route=%2Fwp%2Fv2%2Fcategories&post=15404"},{"taxonomy":"post_tag","embeddable":true,"href":"https:\/\/www.automakers.cz\/index.php?rest_route=%2Fwp%2Fv2%2Ftags&post=15404"}],"curies":[{"name":"wp","href":"https:\/\/api.w.org\/{rel}","templated":true}]}}