{"id":15407,"date":"2025-08-12T14:12:02","date_gmt":"2025-08-12T14:12:02","guid":{"rendered":"https:\/\/www.automakers.cz\/?p=15407"},"modified":"2025-08-12T14:12:37","modified_gmt":"2025-08-12T14:12:37","slug":"skoda-slovakia-s-novym-sefem-prodeje","status":"publish","type":"post","link":"https:\/\/www.automakers.cz\/?p=15407","title":{"rendered":"\u0160koda Slovakia s nov\u00fdm \u0161\u00e9fem prodeje"},"content":{"rendered":"<p><strong>\u0160kodov\u00e1k Michal \u010c\u00ed\u017eek p\u0159e\u0161el od srpna z \u010desk\u00e9 centr\u00e1ly na pozici vedouc\u00edho prodej\u016f slovensk\u00e9 \u0160kody Auto. Bude \u0159\u00eddit jak prodejn\u00ed strategii zna\u010dky na Slovensku, tak vztahy s m\u00edstn\u00edmi dealery.<\/strong><!--more--><\/p>\n<p>Michala \u010c\u00ed\u017eka u\u017e potk\u00e1v\u00e1me v oboru p\u0159es 20 let, v minulosti nap\u0159\u00edklad v Import Volkswagen Group jako brand mana\u017eera zna\u010dek Audi nebo SEAT. Posledn\u00edch 12 let p\u016fsob\u00ed ve \u0160kod\u011b Auto, kde zast\u00e1val n\u011bkoli mana\u017eersk\u00fdch pozic v oblasti prodeje.<\/p>\n<p>&#8222;Michal \u010c\u00ed\u017eek, expert s 25-ro\u010dn\u00fdmi sk\u00fasenos\u0165ami v automobilovom priemysle, sa prip\u00e1ja k n\u00e1\u0161mu t\u00edmu ako ved\u00faci predaja. V\u010faka medzin\u00e1rodn\u00e9mu rozh\u013eadu, strategick\u00e9mu mysleniu a zanieteniu pre zna\u010dku bude pr\u00ednosom pre n\u00e1\u0161 t\u00edm aj pre na\u0161ich partnerov,&#8220; p\u0159iv\u00edtala posilu slovensk\u00e1 \u0160kodovka.<\/p>\n<p><strong>Zdroj: Linkedin<\/strong><\/p>\n","protected":false},"excerpt":{"rendered":"<p>\u0160kodov\u00e1k Michal \u010c\u00ed\u017eek p\u0159e\u0161el od srpna z \u010desk\u00e9 centr\u00e1ly na pozici vedouc\u00edho prodej\u016f slovensk\u00e9 \u0160kody&#8230;<\/p>\n","protected":false},"author":1,"featured_media":15408,"comment_status":"closed","ping_status":"closed","sticky":false,"template":"","format":"standard","meta":{"footnotes":""},"categories":[7,6,5],"tags":[],"class_list":["post-15407","post","type-post","status-publish","format-standard","has-post-thumbnail","hentry","category-kariera","category-management","category-personalie"],"_links":{"self":[{"href":"https:\/\/www.automakers.cz\/index.php?rest_route=\/wp\/v2\/posts\/15407","targetHints":{"allow":["GET"]}}],"collection":[{"href":"https:\/\/www.automakers.cz\/index.php?rest_route=\/wp\/v2\/posts"}],"about":[{"href":"https:\/\/www.automakers.cz\/index.php?rest_route=\/wp\/v2\/types\/post"}],"author":[{"embeddable":true,"href":"https:\/\/www.automakers.cz\/index.php?rest_route=\/wp\/v2\/users\/1"}],"replies":[{"embeddable":true,"href":"https:\/\/www.automakers.cz\/index.php?rest_route=%2Fwp%2Fv2%2Fcomments&post=15407"}],"version-history":[{"count":3,"href":"https:\/\/www.automakers.cz\/index.php?rest_route=\/wp\/v2\/posts\/15407\/revisions"}],"predecessor-version":[{"id":15411,"href":"https:\/\/www.automakers.cz\/index.php?rest_route=\/wp\/v2\/posts\/15407\/revisions\/15411"}],"wp:featuredmedia":[{"embeddable":true,"href":"https:\/\/www.automakers.cz\/index.php?rest_route=\/wp\/v2\/media\/15408"}],"wp:attachment":[{"href":"https:\/\/www.automakers.cz\/index.php?rest_route=%2Fwp%2Fv2%2Fmedia&parent=15407"}],"wp:term":[{"taxonomy":"category","embeddable":true,"href":"https:\/\/www.automakers.cz\/index.php?rest_route=%2Fwp%2Fv2%2Fcategories&post=15407"},{"taxonomy":"post_tag","embeddable":true,"href":"https:\/\/www.automakers.cz\/index.php?rest_route=%2Fwp%2Fv2%2Ftags&post=15407"}],"curies":[{"name":"wp","href":"https:\/\/api.w.org\/{rel}","templated":true}]}}