{"id":15432,"date":"2025-08-14T05:58:16","date_gmt":"2025-08-14T05:58:16","guid":{"rendered":"https:\/\/www.automakers.cz\/?p=15432"},"modified":"2025-08-14T05:58:16","modified_gmt":"2025-08-14T05:58:16","slug":"asociace-autoskol-zahajuje-vzdelavaci-akce-pro-mentory-l17","status":"publish","type":"post","link":"https:\/\/www.automakers.cz\/?p=15432","title":{"rendered":"Asociace auto\u0161kol zahajuje vzd\u011bl\u00e1vac\u00ed akce pro Mentory L17"},"content":{"rendered":"<p><span style=\"color: #000000;\"><b>Asociace auto\u0161kol a partne\u0159i aktu\u00e1ln\u011b startuj\u00ed s\u00e9rii bezplatn\u00fdch vzd\u011bl\u00e1vac\u00edch semin\u00e1\u0159\u016f ur\u010den\u00fdch pro Mentory L17, kte\u0159\u00ed se cht\u011bj\u00ed p\u0159ed zapojen\u00edm do cel\u00e9ho syst\u00e9mu na v\u0161e p\u0159ipravit za \u00fa\u010dasti kvalifikovan\u00e9ho u\u010ditele auto\u0161koly a na bezpe\u010dn\u00fdch vozidlech.<\/b><!--more--><\/span><\/p>\n<p><span style=\"color: #000000;\">Dny pro Mentory L17 po pilotn\u00edm testov\u00e1n\u00ed v Praze a Mlad\u00e9 Boleslavi se nov\u011b od z\u00e1\u0159\u00ed roz\u0161i\u0159uj\u00ed do dal\u0161\u00edch m\u00edst \u010cesk\u00e9 republiky s c\u00edlem edukovat a p\u0159ipravit Mentory L17 na jejich zapojen\u00ed do syst\u00e9mu L17.\u00a0<\/span><\/p>\n<p class=\"-wm-MsoNormal\"><span style=\"color: #000000;\">Aktu\u00e1ln\u011b je mo\u017en\u00e1 registrace do 10 vypsan\u00fdch term\u00edn\u016f na <a style=\"color: #000000;\" href=\"http:\/\/www.autoskolal17.cz\/\" target=\"_blank\" rel=\"noopener\">autoskolaL17.cz<\/a><\/span><\/p>\n<p class=\"-wm-MsoNormal\"><span style=\"color: #000000;\">\u201e<i>Kvalifikovan\u00fd a p\u0159ipraven\u00fd Mentor je z\u00e1kladem \u00fasp\u011bchu pro spr\u00e1vn\u00fd rozvoj znalost\u00ed a dovednost\u00ed na\u0161ich \u017e\u00e1k\u016f v syst\u00e9mu L17. V pilotn\u00edch term\u00ednech jsme identifikovali velik\u00fd z\u00e1jem ze strany Mentor\u016f o tento typ kurz\u016f a m\u011b osobn\u011b velmi t\u011b\u0161\u00ed zodpov\u011bdn\u00fd p\u0159\u00edstup rodi\u010d\u016f k problematice \u0159\u00edzen\u00ed motorov\u00fdch vozidel jejich d\u011bt\u00ed\u00a0<\/i>,\u201c \u0159\u00edk\u00e1 Ale\u0161 Hor\u010di\u010dka, p\u0159edseda Asociace auto\u0161kol \u010cR.<\/span><\/p>\n<p class=\"-wm-MsoNormal\"><span style=\"color: #000000;\"><strong>Vzd\u011bl\u00e1vac\u00ed akce nejen pro tat\u00ednky a maminky\u00a0\u017e\u00e1k\u016f v syst\u00e9mu L17, kde:<\/strong><\/span><\/p>\n<p class=\"-wm-MsoNormal\"><span style=\"color: #000000;\">\u2022 Se sezn\u00e1m\u00ed s cel\u00fdm fungov\u00e1n\u00edm syst\u00e9mu L17.<\/span><\/p>\n<p class=\"-wm-MsoNormal\"><span style=\"color: #000000;\">\u2022 Obdr\u017e\u00ed zdarma Manu\u00e1l pro Mentory L17.<\/span><\/p>\n<p class=\"-wm-MsoNormal\"><span style=\"color: #000000;\">\u2022 Absolvuj\u00ed zdarma kondi\u010dn\u00ed j\u00edzdu\u00a0s kvalifikovan\u00fdm u\u010ditelem auto\u0161koly, kter\u00fd\u00a0V\u00e1m uk\u00e1\u017ee jak b\u00fdt spr\u00e1vn\u00fdm Mentorem L17.<\/span><\/p>\n<p class=\"-wm-MsoNormal\"><span style=\"color: #000000;\">\u2022 Si vyzkou\u0161\u00ed zdarma vozidlo dle Va\u0161ich p\u0159edstav (Enyaq, Octavia, Kamiq, Karoq, Fabia).<\/span><\/p>\n<p><span style=\"color: #000000;\">\u201e<i>Kombinace teoretick\u00e9 p\u0159edn\u00e1\u0161ky od kvalifikovan\u00e9ho u\u010ditele auto\u0161koly, praktick\u00e1 kondi\u010dn\u00ed j\u00edzda s u\u010ditelem auto\u0161koly a to v\u0161e na modern\u00edch vozidlech \u0160koda Auto umo\u017e\u0148uje Mentor\u016fm L17 nejen zv\u00fd\u0161it svou kvalifikaci, ale z\u00e1rove\u0148 se nap\u0159\u00edklad sezn\u00e1mit s elektromobilitou a t\u00e9\u017e se zamyslet jak\u00fdm vozidlem vlastn\u011b bude \u0159\u00eddit jejich syn \u010di dcera samostatn\u011b po absolvov\u00e1n\u00ed auto\u0161koly<\/i>\u201c \u0159\u00edk\u00e1\u00a0Ale\u0161 Hor\u010di\u010dka, p\u0159edseda Asociace auto\u0161kol \u010cR<\/span><\/p>\n<p><span style=\"color: #000000;\"><b>JAK DLOUHO<\/b><\/span><\/p>\n<p class=\"-wm-MsoNormal\"><span style=\"color: #000000;\">Trv\u00e1n\u00ed kurzu cca 90 minut kombinuje teoretickou \u010d\u00e1st na u\u010debn\u011b i praktickou \u010d\u00e1st ve vozidle.<\/span><\/p>\n<p><span style=\"color: #000000;\"><b>KDE<\/b><\/span><\/p>\n<p class=\"-wm-MsoNormal\"><span style=\"color: #000000;\">Ve spolupr\u00e1ci se \u0160koda Auto a spole\u010dnost\u00ed GasNet se n\u00e1m poda\u0159ilo zajistit financov\u00e1n\u00ed Dn\u016f pro Mentory L17 a mohou tak po p\u0159edchoz\u00ed registraci na\u00a0<a style=\"color: #000000;\" href=\"http:\/\/www.autoskolal17.cz\/\" target=\"_blank\" rel=\"noopener\">autoskolaL17.cz<\/a>\u00a0b\u00fdt pro p\u0159ihl\u00e1\u0161en\u00e9 kompletn\u011b zdarma. Kurzy se konaj\u00ed konkr\u00e9tn\u00edch lokac\u00edch\u00a0<\/span><\/p>\n<p><span style=\"color: #000000;\">\u201e<i>Spojit edukaci Mentor\u016f L17 a spole\u010denskou odpov\u011bdnost na\u0161ich dlouholet\u00fdch komer\u010dn\u00edch partner\u016f pova\u017euji za unik\u00e1tn\u00ed uk\u00e1zku dobr\u00e9 praxe, kter\u00e1 se nyn\u00ed p\u0159en\u00e1\u0161\u00ed a\u017e do jednotliv\u00fdch region\u016f \u010cR a m\u00e1me v pl\u00e1nu v dal\u0161\u00edch obdob\u00edch je\u0161t\u011b p\u0159id\u00e1vat nejen term\u00edny, ale i dal\u0161\u00ed lokace tak aby tento typ vzd\u011bl\u00e1vac\u00edch kurz\u016f byl dob\u0159e dostupn\u00fd pro v\u0161echny Mentory L17<\/i>\u201c \u0159\u00edk\u00e1 Ale\u0161 Hor\u010di\u010dka, p\u0159edseda Asociace auto\u0161kol \u010cR.<\/span><\/p>\n<p><span style=\"color: #000000;\"><b>Term\u00edny:<\/b><\/span><\/p>\n<table border=\"0\" width=\"336\" cellspacing=\"0\" cellpadding=\"0\">\n<colgroup>\n<col width=\"152\" \/>\n<col width=\"184\" \/><\/colgroup>\n<tbody>\n<tr>\n<td class=\"-wm-xl69\" height=\"17\"><span style=\"color: #000000;\">P\u00e1tek 19.9.<\/span><\/td>\n<td class=\"-wm-xl67\"><span style=\"color: #000000;\">Praha 9<\/span><\/td>\n<\/tr>\n<tr>\n<td class=\"-wm-xl70\" height=\"17\"><span style=\"color: #000000;\">P\u00e1tek 26.9.<\/span><\/td>\n<td class=\"-wm-xl67\"><span style=\"color: #000000;\">Liberec<\/span><\/td>\n<\/tr>\n<tr>\n<td class=\"-wm-xl68\" height=\"17\"><span style=\"color: #000000;\">P\u00e1tek 26.9.\u00a0<\/span><\/td>\n<td class=\"-wm-xl67\"><span style=\"color: #000000;\">\u017d\u010f\u00e1r nad S\u00e1zavou<\/span><\/td>\n<\/tr>\n<tr>\n<td class=\"-wm-xl68\" height=\"17\"><span style=\"color: #000000;\">P\u00e1tek 26.9.\u00a0<\/span><\/td>\n<td class=\"-wm-xl67\"><span style=\"color: #000000;\">Jind\u0159ich\u016fv Hradec<\/span><\/td>\n<\/tr>\n<tr>\n<td class=\"-wm-xl72\" height=\"17\"><span style=\"color: #000000;\">P\u00e1tek 10.10.<\/span><\/td>\n<td class=\"-wm-xl75\"><span style=\"color: #000000;\">Mlad\u00e1 Boleslav<\/span><\/td>\n<\/tr>\n<tr>\n<td class=\"-wm-xl69\" height=\"17\"><span style=\"color: #000000;\">P\u00e1tek 17.10.<\/span><\/td>\n<td class=\"-wm-xl67\"><span style=\"color: #000000;\">Praha 10<\/span><\/td>\n<\/tr>\n<tr>\n<td class=\"-wm-xl74\" height=\"17\"><span style=\"color: #000000;\">P\u00e1tek 17.10.<\/span><\/td>\n<td class=\"-wm-xl77\"><span style=\"color: #000000;\">Brno<\/span><\/td>\n<\/tr>\n<tr>\n<td class=\"-wm-xl68\" height=\"17\"><span style=\"color: #000000;\">P\u00e1tek 24.10.<\/span><\/td>\n<td class=\"-wm-xl67\"><span style=\"color: #000000;\">Kladno<\/span><\/td>\n<\/tr>\n<tr>\n<td class=\"-wm-xl68\" height=\"17\"><span style=\"color: #000000;\">P\u00e1tek 31.10.\u00a0<\/span><\/td>\n<td class=\"-wm-xl67\"><span style=\"color: #000000;\">Praha 8<\/span><\/td>\n<\/tr>\n<tr>\n<td class=\"-wm-xl73\" height=\"17\"><span style=\"color: #000000;\">P\u00e1tek 7.11.<\/span><\/td>\n<td class=\"-wm-xl76\"><span style=\"color: #000000;\">Mlad\u00e1 Boleslav<\/span><\/td>\n<\/tr>\n<\/tbody>\n<\/table>\n<table border=\"0\" width=\"336\" cellspacing=\"0\" cellpadding=\"0\">\n<colgroup>\n<col width=\"152\" \/>\n<col width=\"184\" \/><\/colgroup>\n<tbody>\n<tr>\n<td class=\"-wm-xl73\" height=\"17\"><span style=\"color: #000000;\"><b>Registrace:\u00a0<\/b><\/span><br \/>\n<span style=\"color: #000000;\"><a style=\"color: #000000;\" title=\"http:\/\/www.autoskolaL17.cz\" href=\"http:\/\/www.autoskolal17.cz\/\" target=\"_blank\" rel=\"noopener\" aria-label=\"http:\/\/www.autoskolaL17.cz\">www.autoskolaL17.cz<\/a><\/span><\/td>\n<td class=\"-wm-xl76\"><\/td>\n<\/tr>\n<\/tbody>\n<\/table>\n","protected":false},"excerpt":{"rendered":"<p>Asociace auto\u0161kol a partne\u0159i aktu\u00e1ln\u011b startuj\u00ed s\u00e9rii bezplatn\u00fdch vzd\u011bl\u00e1vac\u00edch semin\u00e1\u0159\u016f ur\u010den\u00fdch pro Mentory L17, kte\u0159\u00ed&#8230;<\/p>\n","protected":false},"author":2,"featured_media":15444,"comment_status":"closed","ping_status":"closed","sticky":false,"template":"","format":"standard","meta":{"footnotes":""},"categories":[47,46],"tags":[],"class_list":["post-15432","post","type-post","status-publish","format-standard","has-post-thumbnail","hentry","category-doprava","category-vzdelani"],"_links":{"self":[{"href":"https:\/\/www.automakers.cz\/index.php?rest_route=\/wp\/v2\/posts\/15432","targetHints":{"allow":["GET"]}}],"collection":[{"href":"https:\/\/www.automakers.cz\/index.php?rest_route=\/wp\/v2\/posts"}],"about":[{"href":"https:\/\/www.automakers.cz\/index.php?rest_route=\/wp\/v2\/types\/post"}],"author":[{"embeddable":true,"href":"https:\/\/www.automakers.cz\/index.php?rest_route=\/wp\/v2\/users\/2"}],"replies":[{"embeddable":true,"href":"https:\/\/www.automakers.cz\/index.php?rest_route=%2Fwp%2Fv2%2Fcomments&post=15432"}],"version-history":[{"count":8,"href":"https:\/\/www.automakers.cz\/index.php?rest_route=\/wp\/v2\/posts\/15432\/revisions"}],"predecessor-version":[{"id":15456,"href":"https:\/\/www.automakers.cz\/index.php?rest_route=\/wp\/v2\/posts\/15432\/revisions\/15456"}],"wp:featuredmedia":[{"embeddable":true,"href":"https:\/\/www.automakers.cz\/index.php?rest_route=\/wp\/v2\/media\/15444"}],"wp:attachment":[{"href":"https:\/\/www.automakers.cz\/index.php?rest_route=%2Fwp%2Fv2%2Fmedia&parent=15432"}],"wp:term":[{"taxonomy":"category","embeddable":true,"href":"https:\/\/www.automakers.cz\/index.php?rest_route=%2Fwp%2Fv2%2Fcategories&post=15432"},{"taxonomy":"post_tag","embeddable":true,"href":"https:\/\/www.automakers.cz\/index.php?rest_route=%2Fwp%2Fv2%2Ftags&post=15432"}],"curies":[{"name":"wp","href":"https:\/\/api.w.org\/{rel}","templated":true}]}}