{"id":15517,"date":"2025-08-18T06:27:48","date_gmt":"2025-08-18T06:27:48","guid":{"rendered":"https:\/\/www.automakers.cz\/?p=15517"},"modified":"2025-08-18T06:29:10","modified_gmt":"2025-08-18T06:29:10","slug":"besip-pocet-obeti-dopravnich-nehod-je-nejnizsi-v-historii","status":"publish","type":"post","link":"https:\/\/www.automakers.cz\/?p=15517","title":{"rendered":"BESIP: Po\u010det ob\u011bt\u00ed dopravn\u00edch nehod je nejni\u017e\u0161\u00ed v historii"},"content":{"rendered":"<p class=\"-wm-MsoNormal\"><b>Dopravn\u00ed nehody v \u010cesku si za prvn\u00edch sedm m\u011bs\u00edc\u016f roku vy\u017e\u00e1daly 218 lidsk\u00fdch \u017eivot\u016f, z toho 28 motocyklist\u016f. Po\u010det ob\u011bt\u00ed se meziro\u010dn\u011b sn\u00ed\u017eil o desetinu a celkov\u011b jde o nejni\u017e\u0161\u00ed bilanci na \u010desk\u00fdch silnic\u00edch v historii. Poklesl tak\u00e9 po\u010det usmrcen\u00fdch motocyklist\u016f. <\/b><!--more--><\/p>\n<p class=\"-wm-MsoNormal\"><b>\u201c<\/b><i>Zat\u00edmco loni za prvn\u00edch sedm m\u011bs\u00edc\u016f zem\u0159elo 50 motocyklist\u016f, letos je zat\u00edm po\u010det ob\u011bt\u00ed t\u00e9m\u011b\u0159 o polovinu ni\u017e\u0161\u00ed. V\u011b\u0159\u00edm, \u017ee jsme na dobr\u00e9 cest\u011b k dal\u0161\u00edmu zv\u00fd\u0161en\u00ed bezpe\u010dnosti na na\u0161ich silnic\u00edch. Nyn\u00ed n\u00e1s ale \u010dekaj\u00ed letn\u00ed dny s vysok\u00fdmi teplotami, kdy roste riziko z\u00e1va\u017en\u00fdch dopravn\u00edch nehod kv\u016fli \u00fanav\u011b a nepozornosti. Na silnice nav\u00edc vyraz\u00ed velk\u00fd po\u010det motocyklist\u016f a cyklist\u016f,\u201d\u00a0<\/i><b>\u0159ekl ministr dopravy Martin Kupka.<\/b><\/p>\n<figure id=\"attachment_14884\" aria-describedby=\"caption-attachment-14884\" style=\"width: 900px\" class=\"wp-caption alignnone\"><img loading=\"lazy\" decoding=\"async\" class=\"size-medium wp-image-14884\" src=\"http:\/\/www.automakers.cz\/wp-content\/uploads\/2025\/07\/Kupka-Handl-ministr-900x506.jpg\" alt=\"\" width=\"900\" height=\"506\" srcset=\"https:\/\/www.automakers.cz\/wp-content\/uploads\/2025\/07\/Kupka-Handl-ministr-900x506.jpg 900w, https:\/\/www.automakers.cz\/wp-content\/uploads\/2025\/07\/Kupka-Handl-ministr-1024x576.jpg 1024w, https:\/\/www.automakers.cz\/wp-content\/uploads\/2025\/07\/Kupka-Handl-ministr-768x432.jpg 768w, https:\/\/www.automakers.cz\/wp-content\/uploads\/2025\/07\/Kupka-Handl-ministr-1536x864.jpg 1536w, https:\/\/www.automakers.cz\/wp-content\/uploads\/2025\/07\/Kupka-Handl-ministr-1280x720.jpg 1280w, https:\/\/www.automakers.cz\/wp-content\/uploads\/2025\/07\/Kupka-Handl-ministr.jpg 2048w\" sizes=\"auto, (max-width: 900px) 100vw, 900px\" \/><figcaption id=\"caption-attachment-14884\" class=\"wp-caption-text\"><strong>Statistiku jsme probrali s ministrem dopravy Martinem Kupkou<\/strong><\/figcaption><\/figure>\n<p class=\"-wm-MsoNormal\">Motocyklist\u00e9 dlouhodob\u011b pat\u0159\u00ed mezi nejzraniteln\u011bj\u0161\u00ed \u00fa\u010dastn\u00edky silni\u010dn\u00edho provozu. P\u0159esto do\u0161lo k pozitivn\u00edmu v\u00fdvoji, kdy nehody s \u00fa\u010dast\u00ed motocyklu od lo\u0148ska klesly shodn\u011b o 6 % a s t\u00edm i po\u010det usmrcen\u00fdch jezdc\u016f. V samotn\u00e9m \u010dervenci zem\u0159elo p\u0159i nehod\u00e1ch 8 motork\u00e1\u0159\u016f, zat\u00edmco loni jich bylo skoro dvakr\u00e1t v\u00edce.<\/p>\n<p class=\"-wm-MsoNormal\">\u201e<i>Nejtragi\u010dt\u011bj\u0161\u00edm m\u011bs\u00edcem pro motocyklisty z\u016fstal tradi\u010dn\u011b \u010derven,<\/i>\u00a0<i>nej\u010dern\u011bj\u0161\u00edm dnem t\u00fddne je letos p\u00e1tek, kdy ji\u017e zahynulo 10 motork\u00e1\u0159\u016f. Nej\u010dast\u011bj\u0161\u00ed i nejtragi\u010dt\u011bj\u0161\u00ed p\u0159\u00ed\u010dinou dlouhodob\u011b z\u016fst\u00e1v\u00e1 nep\u0159im\u011b\u0159en\u00e1 rychlost, n\u00e1sledovan\u00e1 nezvl\u00e1dnut\u00edm \u0159\u00edzen\u00ed motocyklu a nev\u011bnov\u00e1n\u00edm se \u0159\u00edzen\u00ed,<\/i>\u201c\u00a0<b>\u0159\u00edk\u00e1 Jan Straka z \u0158editelstv\u00ed slu\u017eby dopravn\u00ed policie Policejn\u00edho prezidia \u010cR<\/b>.<\/p>\n<p class=\"-wm-MsoNormal\">Na v\u011bt\u0161\u00ed ohleduplnost v\u016f\u010di motork\u00e1\u0159\u016fm c\u00edl\u00ed kampa\u0148 \u201eHele, motorka!\u201c, kterou p\u0159ipravil BESIP ve spolupr\u00e1ci s \u010ceskou asociac\u00ed poji\u0161\u0165oven. Zam\u011b\u0159uje se na \u0159idi\u010de aut, kte\u0159\u00ed podle statistik stoj\u00ed za 4 z 10 nehod s \u00fa\u010dast\u00ed motocyklu.<\/p>\n<p class=\"-wm-MsoNormal\">\u201c<i>C\u00edlem kampan\u011b je zv\u00fd\u0161it pozornost \u0159idi\u010d\u016f v\u016f\u010di motocyklist\u016fm, kter\u00e9 p\u0159i vn\u00edm\u00e1n\u00ed dopravn\u00ed situace \u010dasto vyt\u011bsn\u00edme a p\u0159ehl\u00e9dneme. Nej\u010dast\u011bj\u0161\u00ed p\u0159\u00ed\u010dinou smrteln\u00fdch nehod motork\u00e1\u0159\u016f, kter\u00e9 zavin\u00ed \u0159idi\u010di aut, je ned\u00e1n\u00ed p\u0159ednosti p\u0159i odbo\u010dov\u00e1n\u00ed vlevo nebo v m\u00edst\u011b k\u0159\u00ed\u017een\u00ed vedlej\u0161\u00ed a hlavn\u00ed silnice,\u201d\u00a0<\/i><b>dod\u00e1v\u00e1 Tom\u00e1\u0161 Ne\u0159old, vedouc\u00ed odd\u011blen\u00ed BESIP Ministerstva dopravy.\u00a0<\/b><\/p>\n<p class=\"-wm-MsoNormal\">Z\u00e1rove\u0148 je ale bezpe\u010dnost motocyklist\u016f do velk\u00e9 m\u00edry v ruk\u00e1ch samotn\u00fdch motork\u00e1\u0159\u016f, kte\u0159\u00ed by m\u011bli volit p\u0159im\u011b\u0159enou rychlost a p\u0159edv\u00eddat rizikov\u00e9 situace. Na prevenci v t\u00e9to oblasti se zam\u011b\u0159uje projekt\u00a0<a href=\"https:\/\/www.ucmeseprezit.cz\/\" target=\"_blank\" rel=\"noopener\">U\u010dme se p\u0159e\u017e\u00edt<\/a>.<\/p>\n<p class=\"-wm-MsoNormal\">Aktu\u00e1ln\u00ed \u00fadaje o dopravn\u00ed nehodovosti jsou dostupn\u00e9 na webov\u00fdch str\u00e1nk\u00e1ch Centra dopravn\u00edho v\u00fdzkumu:\u00a0<a href=\"http:\/\/nehody.cdv.cz\/\" target=\"_blank\" rel=\"noopener\">nehody.cdv.cz<\/a>\u00a0a\u00a0<a href=\"http:\/\/cdv.cz\/vizenula\" target=\"_blank\" rel=\"noopener\">cdv.cz\/vizenula<\/a>. V\u00edce informac\u00ed o kampani BESIP a \u010cAP najdete na<a href=\"https:\/\/www.helemotorka.cz\/\" target=\"_blank\" rel=\"noopener\">\u00a0www.helemotorka.cz<\/a>.<\/p>\n<p><img loading=\"lazy\" decoding=\"async\" class=\"alignnone wp-image-15521\" src=\"http:\/\/www.automakers.cz\/wp-content\/uploads\/2025\/08\/skutr-small-900x506.jpg\" alt=\"\" width=\"973\" height=\"547\" srcset=\"https:\/\/www.automakers.cz\/wp-content\/uploads\/2025\/08\/skutr-small-900x506.jpg 900w, https:\/\/www.automakers.cz\/wp-content\/uploads\/2025\/08\/skutr-small-1024x575.jpg 1024w, https:\/\/www.automakers.cz\/wp-content\/uploads\/2025\/08\/skutr-small-768x432.jpg 768w, https:\/\/www.automakers.cz\/wp-content\/uploads\/2025\/08\/skutr-small-1536x863.jpg 1536w, https:\/\/www.automakers.cz\/wp-content\/uploads\/2025\/08\/skutr-small-2048x1151.jpg 2048w, https:\/\/www.automakers.cz\/wp-content\/uploads\/2025\/08\/skutr-small-1280x720.jpg 1280w\" sizes=\"auto, (max-width: 973px) 100vw, 973px\" \/><\/p>\n","protected":false},"excerpt":{"rendered":"<p>Dopravn\u00ed nehody v \u010cesku si za prvn\u00edch sedm m\u011bs\u00edc\u016f roku vy\u017e\u00e1daly 218 lidsk\u00fdch \u017eivot\u016f, z&#8230;<\/p>\n","protected":false},"author":2,"featured_media":15519,"comment_status":"closed","ping_status":"closed","sticky":false,"template":"","format":"standard","meta":{"footnotes":""},"categories":[47,54,10],"tags":[],"class_list":["post-15517","post","type-post","status-publish","format-standard","has-post-thumbnail","hentry","category-doprava","category-motocykly","category-statistika"],"_links":{"self":[{"href":"https:\/\/www.automakers.cz\/index.php?rest_route=\/wp\/v2\/posts\/15517","targetHints":{"allow":["GET"]}}],"collection":[{"href":"https:\/\/www.automakers.cz\/index.php?rest_route=\/wp\/v2\/posts"}],"about":[{"href":"https:\/\/www.automakers.cz\/index.php?rest_route=\/wp\/v2\/types\/post"}],"author":[{"embeddable":true,"href":"https:\/\/www.automakers.cz\/index.php?rest_route=\/wp\/v2\/users\/2"}],"replies":[{"embeddable":true,"href":"https:\/\/www.automakers.cz\/index.php?rest_route=%2Fwp%2Fv2%2Fcomments&post=15517"}],"version-history":[{"count":5,"href":"https:\/\/www.automakers.cz\/index.php?rest_route=\/wp\/v2\/posts\/15517\/revisions"}],"predecessor-version":[{"id":15528,"href":"https:\/\/www.automakers.cz\/index.php?rest_route=\/wp\/v2\/posts\/15517\/revisions\/15528"}],"wp:featuredmedia":[{"embeddable":true,"href":"https:\/\/www.automakers.cz\/index.php?rest_route=\/wp\/v2\/media\/15519"}],"wp:attachment":[{"href":"https:\/\/www.automakers.cz\/index.php?rest_route=%2Fwp%2Fv2%2Fmedia&parent=15517"}],"wp:term":[{"taxonomy":"category","embeddable":true,"href":"https:\/\/www.automakers.cz\/index.php?rest_route=%2Fwp%2Fv2%2Fcategories&post=15517"},{"taxonomy":"post_tag","embeddable":true,"href":"https:\/\/www.automakers.cz\/index.php?rest_route=%2Fwp%2Fv2%2Ftags&post=15517"}],"curies":[{"name":"wp","href":"https:\/\/api.w.org\/{rel}","templated":true}]}}