{"id":15532,"date":"2025-08-18T06:35:50","date_gmt":"2025-08-18T06:35:50","guid":{"rendered":"https:\/\/www.automakers.cz\/?p=15532"},"modified":"2025-08-18T06:45:02","modified_gmt":"2025-08-18T06:45:02","slug":"kopecky-vyhral-barum-czech-rally-zlin","status":"publish","type":"post","link":"https:\/\/www.automakers.cz\/?p=15532","title":{"rendered":"Kopeck\u00fd vyhr\u00e1l Barum Czech Rally Zl\u00edn"},"content":{"rendered":"<p><strong><span class=\"highlight-E2id1 highlight-E2M\">Jan<\/span> <span class=\"highlight-E2id1 highlight-E2M\">Kopeck\u00fd<\/span> vyhr\u00e1l podvan\u00e1ct\u00e9 v kari\u00e9\u0159e Barum Czech rallye Zl\u00edn a dostal se do \u010dela pr\u016fb\u011b\u017en\u00e9ho po\u0159ad\u00ed mistrovstv\u00ed <span class=\"highlight-E0id1 highlight-E0M\">\u010cR<\/span>. Druh\u00fd dojel v sout\u011b\u017ei, kter\u00e1 byla tradi\u010dn\u011b sou\u010d\u00e1st\u00ed i kontinent\u00e1ln\u00edho \u0161ampion\u00e1tu, <span class=\"highlight-E5id1 highlight-E5M\">Ir<\/span> <span class=\"highlight-E2id0 highlight-E2M\">Jon<\/span> <span class=\"highlight-E2id0 highlight-E2M\">Armstrong<\/span>. T\u0159et\u00ed m\u00edsto obsadil Andrea Mabellini z <span class=\"highlight-E0id3 highlight-E0M\">It\u00e1lie<\/span>.<\/strong><!--more--><\/p>\n<p>Z dom\u00e1c\u00edch jezdc\u016f se do elitn\u00ed des\u00edtky prosadili je\u0161t\u011b p\u00e1t\u00fd <span class=\"highlight-E2id4 highlight-E2M\">Erik<\/span> <span class=\"highlight-E2id4 highlight-E2M\">Cais<\/span>, \u0161est\u00fd <span class=\"highlight-E2id3 highlight-E2M\">Filip<\/span> <span class=\"highlight-E2id3 highlight-E2M\">Mare\u0161<\/span> a osm\u00fd Adam B\u0159ez\u00edk. O \u010desk\u00fd titul bojuje i <span class=\"highlight-E5id2 highlight-E5M\">Raku\u0161an<\/span> Simon Wagner, kter\u00fd byl ve <span class=\"highlight-E0id2 highlight-E0M\">Zl\u00edn\u011b<\/span> \u010dtvrt\u00fd. T\u0159ia\u010dty\u0159icetilet\u00fd <span class=\"highlight-E2id1 highlight-E2M\">Kopeck\u00fd<\/span> se dostal do \u010dela rallye v sobotn\u00ed prvn\u00ed rychlostn\u00ed zkou\u0161ce a vedouc\u00ed pozici ji\u017e neopustil.<\/p>\n<p>V ned\u011bln\u00ed odpoledn\u00ed z\u00e1v\u011bre\u010dn\u00e9 sekci m\u011b\u0159en\u00fdch test\u016f sp\u00ed\u0161e kontroloval sv\u00e9 postaven\u00ed a nakonec porazil <span class=\"highlight-E2id0 highlight-E2M\">Armstronga<\/span> o deset sekund. Mabellini byl dal\u0161\u00ed t\u0159i sekundy zp\u011bt.<\/p>\n<p><img loading=\"lazy\" decoding=\"async\" class=\"alignnone size-medium wp-image-5026\" src=\"http:\/\/www.automakers.cz\/wp-content\/uploads\/2024\/06\/SkodaMotorsport-RallyPoland-Solberg-scaled-1-900x600.jpg\" alt=\"\" width=\"900\" height=\"600\" srcset=\"https:\/\/www.automakers.cz\/wp-content\/uploads\/2024\/06\/SkodaMotorsport-RallyPoland-Solberg-scaled-1-900x600.jpg 900w, https:\/\/www.automakers.cz\/wp-content\/uploads\/2024\/06\/SkodaMotorsport-RallyPoland-Solberg-scaled-1-1024x683.jpg 1024w, https:\/\/www.automakers.cz\/wp-content\/uploads\/2024\/06\/SkodaMotorsport-RallyPoland-Solberg-scaled-1-768x512.jpg 768w, https:\/\/www.automakers.cz\/wp-content\/uploads\/2024\/06\/SkodaMotorsport-RallyPoland-Solberg-scaled-1-1536x1024.jpg 1536w, https:\/\/www.automakers.cz\/wp-content\/uploads\/2024\/06\/SkodaMotorsport-RallyPoland-Solberg-scaled-1-2048x1366.jpg 2048w\" sizes=\"auto, (max-width: 900px) 100vw, 900px\" \/>\u201eAbych se p\u0159iznal, tak po lo\u0148sk\u00e9m roce jsem ne\u010dekal, \u017ee m\u016f\u017eu b\u00fdt je\u0161t\u011b tak rychl\u00fd. D\u011bkuji t\u00fdmu, spolujezdci a rodin\u011b. Byla to dlouh\u00e1 cesta, ale vyplatila se,\u201c \u0159ekl <strong><span class=\"highlight-E2id1 highlight-E2M\">Kopeck\u00fd<\/span> v televizn\u00edm rozhovoru<\/strong> v c\u00edli. <span class=\"highlight-E5id0 highlight-E5M\">\u010clen<\/span> t\u00fdmu <span class=\"highlight-E1id2 highlight-E4id1 highlight-E1M highlight-E4M\">Agrotec<\/span> \u0160koda rallye loni po defektu skon\u010dil a\u017e dev\u00e1t\u00fd a v \u010desk\u00e9m \u0161ampion\u00e1tu byl celkov\u011b druh\u00fd.<\/p>\n<p><img loading=\"lazy\" decoding=\"async\" class=\"alignnone size-medium wp-image-6504\" src=\"http:\/\/www.automakers.cz\/wp-content\/uploads\/2024\/08\/Barum-Czech-Rally-Zlin-2024-scaled-1-900x600.jpg\" alt=\"\" width=\"900\" height=\"600\" \/><strong>V \u010dele ME je i nad\u00e1le Pol\u00e1k <span class=\"highlight-E2id2 highlight-E2M\">Miko<\/span> <span class=\"highlight-E2id2 highlight-E2M\">Marczyk<\/span><\/strong>, kter\u00fd byl na <span class=\"highlight-E0id0 highlight-E0M\">Morav\u011b<\/span> sedm\u00fd. V\u00fdsledky Barum Czech rallye Zl\u00edn 1. <span class=\"highlight-E2id1 highlight-E2M\">Kopeck\u00fd<\/span>, Hovorka (<span class=\"highlight-E3id2 highlight-E3M\">\u0160koda<\/span> <span class=\"highlight-E3id2 highlight-E3M\">Fabia<\/span> <span class=\"highlight-E3id2 highlight-E3M\">RS<\/span> Rally2) 2:00:49,3, 2. <span class=\"highlight-E2id0 highlight-E2M\">Armstrong<\/span>, Byrne (<span class=\"highlight-E5id1 highlight-E5M\">Ir<\/span>.\/<span class=\"highlight-E4id0 highlight-E1id0 highlight-E4M highlight-E1M\">Ford<\/span> Fiesta Rally2) -10,7, 3. Mabellini, Lenziov\u00e1 (It.\/\u0160koda <span class=\"highlight-E3id2 highlight-E3M\">Fabia<\/span> RS Rally2) -13,8, 4. Wagner, Ostlenderov\u00e1 (Rak., N\u011bm.\/<span class=\"highlight-E1id1 highlight-E4id0 highlight-E1M highlight-E4M\">Hyundai<\/span> i20 N Rally2) -30,3, 5. <span class=\"highlight-E2id4 highlight-E2M\">Cais<\/span>, Trunk\u00e1t (<span class=\"highlight-E3id0 highlight-E3M\">Hyundai<\/span> <span class=\"highlight-E3id0 highlight-E3M\">i20<\/span> <span class=\"highlight-E3id0 highlight-E3M\">N<\/span> <span class=\"highlight-E3id0 highlight-E3M\">Rally2<\/span>) -59,3, 6. <span class=\"highlight-E2id3 highlight-E2M\">Mare\u0161<\/span>, <span class=\"highlight-E0id4 highlight-E0M\">Bucha<\/span> (<span class=\"highlight-E3id1 highlight-E3M\">Toyota<\/span> <span class=\"highlight-E3id1 highlight-E3M\">GR<\/span> <span class=\"highlight-E3id1 highlight-E3M\">Yaris<\/span> <span class=\"highlight-E3id1 highlight-E3M\">Rally2<\/span>) -1:04,1, 7. <span class=\"highlight-E2id2 highlight-E2M\">Marczyk<\/span>, Gospodarczyk (Pol.\/\u0160koda <span class=\"highlight-E3id2 highlight-E3M\">Fabia<\/span> RS Rally2) -1:08,0, 8. B\u0159ez\u00edk, Kraj\u010da (<span class=\"highlight-E3id2 highlight-E3M\">\u0160koda<\/span> <span class=\"highlight-E3id2 highlight-E3M\">Fabia<\/span> <span class=\"highlight-E3id2 highlight-E3M\">RS<\/span> Rally2) -1:23,8.<\/p>\n<p><strong>Zdroj: iSport.cz<\/strong><\/p>\n","protected":false},"excerpt":{"rendered":"<p>Jan Kopeck\u00fd vyhr\u00e1l podvan\u00e1ct\u00e9 v kari\u00e9\u0159e Barum Czech rallye Zl\u00edn a dostal se do \u010dela&#8230;<\/p>\n","protected":false},"author":1,"featured_media":15535,"comment_status":"closed","ping_status":"closed","sticky":false,"template":"","format":"standard","meta":{"footnotes":""},"categories":[19,53],"tags":[],"class_list":["post-15532","post","type-post","status-publish","format-standard","has-post-thumbnail","hentry","category-motorsport","category-vysledky"],"_links":{"self":[{"href":"https:\/\/www.automakers.cz\/index.php?rest_route=\/wp\/v2\/posts\/15532","targetHints":{"allow":["GET"]}}],"collection":[{"href":"https:\/\/www.automakers.cz\/index.php?rest_route=\/wp\/v2\/posts"}],"about":[{"href":"https:\/\/www.automakers.cz\/index.php?rest_route=\/wp\/v2\/types\/post"}],"author":[{"embeddable":true,"href":"https:\/\/www.automakers.cz\/index.php?rest_route=\/wp\/v2\/users\/1"}],"replies":[{"embeddable":true,"href":"https:\/\/www.automakers.cz\/index.php?rest_route=%2Fwp%2Fv2%2Fcomments&post=15532"}],"version-history":[{"count":4,"href":"https:\/\/www.automakers.cz\/index.php?rest_route=\/wp\/v2\/posts\/15532\/revisions"}],"predecessor-version":[{"id":15537,"href":"https:\/\/www.automakers.cz\/index.php?rest_route=\/wp\/v2\/posts\/15532\/revisions\/15537"}],"wp:featuredmedia":[{"embeddable":true,"href":"https:\/\/www.automakers.cz\/index.php?rest_route=\/wp\/v2\/media\/15535"}],"wp:attachment":[{"href":"https:\/\/www.automakers.cz\/index.php?rest_route=%2Fwp%2Fv2%2Fmedia&parent=15532"}],"wp:term":[{"taxonomy":"category","embeddable":true,"href":"https:\/\/www.automakers.cz\/index.php?rest_route=%2Fwp%2Fv2%2Fcategories&post=15532"},{"taxonomy":"post_tag","embeddable":true,"href":"https:\/\/www.automakers.cz\/index.php?rest_route=%2Fwp%2Fv2%2Ftags&post=15532"}],"curies":[{"name":"wp","href":"https:\/\/api.w.org\/{rel}","templated":true}]}}