{"id":15567,"date":"2025-08-19T06:55:24","date_gmt":"2025-08-19T06:55:24","guid":{"rendered":"https:\/\/www.automakers.cz\/?p=15567"},"modified":"2025-08-19T06:55:24","modified_gmt":"2025-08-19T06:55:24","slug":"omoda-predstavi-model-9-v-pragovce","status":"publish","type":"post","link":"https:\/\/www.automakers.cz\/?p=15567","title":{"rendered":"Omoda p\u0159edstav\u00ed model 9 v Pragovce"},"content":{"rendered":"<p><strong>Na \u010desk\u00fd trh vstupuje vlajkov\u00e1 lo\u010f zna\u010dky OMODA, model 9 SHS. \u010c\u00ed\u0148an\u00e9 chystaj\u00ed na z\u00e1\u0159\u00ed slavnostn\u00ed launch event v Praze v prostoru Pragovka Art District, kde si novinku budou moci vyzkou\u0161et novin\u00e1\u0159i, influence\u0159i i VIP host\u00e9. <\/strong><!--more--><\/p>\n<p>Sou\u010d\u00e1st\u00ed akce budou DJs, m\u00f3dn\u00ed performance a prezentace dvou voz\u016f. OMODA 9 oak bude v prodeji od z\u00e1\u0159\u00ed 2025 u v\u0161ech autorizovan\u00fdch dealer\u016f za ak\u010dn\u00ed cenu od<strong> 1 199 000 K\u010d<\/strong> v\u010detn\u011b DPH.<\/p>\n<p>Pod kapotou se skr\u00fdv\u00e1\u00a0<strong>1,5litrov\u00fd p\u0159epl\u0148ovan\u00fd benzinov\u00fd motor<\/strong>\u00a0a\u00a0<strong>t\u0159i elektromotory<\/strong>, kter\u00e9 spole\u010dn\u011b umo\u017e\u0148uj\u00ed j\u00edzdu v n\u011bkolika re\u017eimech \u2013 od \u010dist\u011b elektrick\u00e9ho, p\u0159es hybridn\u00ed a\u017e po re\u017eim rekuperace energie.<\/p>\n<p>V \u010dist\u011b elektrick\u00e9m m\u00f3du zvl\u00e1dne podle v\u00fdrobce a\u017e <strong>169 km<\/strong>\u00a0(NEDC) a v kombinaci s benzinov\u00fdm pohonem ujede p\u0159es\u00a0<strong>1 100 km<\/strong>\u00a0bez nutnosti tankov\u00e1n\u00ed. Celkov\u00fd v\u00fdkon soustavy \u010din\u00ed\u00a0<strong>395 kW<\/strong>, co\u017e umo\u017e\u0148uje zrychlen\u00ed z\u00a0<strong>0\u2013100 km\/h za p\u0159ibli\u017en\u011b 4,9 sekundy.<\/strong><\/p>\n<p>Uvnit\u0159 vozu lze nal\u00e9zt <strong>luxusn\u00ed interi\u00e9r<\/strong>\u00a0s panoramatickou st\u0159echou o d\u00e9lce 1,3 metru, ambientn\u00edm osv\u011btlen\u00edm a dvojic\u00ed zak\u0159iven\u00fdch displej\u016f o \u00fahlop\u0159\u00ed\u010dce 24,6 palce, kter\u00e9 integruj\u00ed digit\u00e1ln\u00ed p\u0159\u00edstrojov\u00fd \u0161t\u00edt i infotainment. Komfort dopl\u0148uje\u00a0<strong>14-reproduktorov\u00fd audiosyst\u00e9m Sony<\/strong>, bezdr\u00e1tov\u00e1 rychlonab\u00edje\u010dka pro telefon, 540\u00b0 kamera, head-up displej, vyh\u0159\u00edvan\u00e1 a ventilovan\u00e1 sedadla vp\u0159edu i vzadu a pr\u00e9miov\u00e9 materi\u00e1ly.<\/p>\n<p><strong>Zdroj: Grand Automotive<\/strong><\/p>\n<p><img loading=\"lazy\" decoding=\"async\" class=\"alignnone size-medium wp-image-15570\" src=\"http:\/\/www.automakers.cz\/wp-content\/uploads\/2025\/08\/Omoda-9-black1-720x900.jpg\" alt=\"\" width=\"720\" height=\"900\" \/><\/p>\n","protected":false},"excerpt":{"rendered":"<p>Na \u010desk\u00fd trh vstupuje vlajkov\u00e1 lo\u010f zna\u010dky OMODA, model 9 SHS. \u010c\u00ed\u0148an\u00e9 chystaj\u00ed na z\u00e1\u0159\u00ed&#8230;<\/p>\n","protected":false},"author":1,"featured_media":15569,"comment_status":"closed","ping_status":"closed","sticky":false,"template":"","format":"standard","meta":{"footnotes":""},"categories":[37,26,11],"tags":[],"class_list":["post-15567","post","type-post","status-publish","format-standard","has-post-thumbnail","hentry","category-ceny-novinek","category-eventy","category-importeri"],"_links":{"self":[{"href":"https:\/\/www.automakers.cz\/index.php?rest_route=\/wp\/v2\/posts\/15567","targetHints":{"allow":["GET"]}}],"collection":[{"href":"https:\/\/www.automakers.cz\/index.php?rest_route=\/wp\/v2\/posts"}],"about":[{"href":"https:\/\/www.automakers.cz\/index.php?rest_route=\/wp\/v2\/types\/post"}],"author":[{"embeddable":true,"href":"https:\/\/www.automakers.cz\/index.php?rest_route=\/wp\/v2\/users\/1"}],"replies":[{"embeddable":true,"href":"https:\/\/www.automakers.cz\/index.php?rest_route=%2Fwp%2Fv2%2Fcomments&post=15567"}],"version-history":[{"count":3,"href":"https:\/\/www.automakers.cz\/index.php?rest_route=\/wp\/v2\/posts\/15567\/revisions"}],"predecessor-version":[{"id":15572,"href":"https:\/\/www.automakers.cz\/index.php?rest_route=\/wp\/v2\/posts\/15567\/revisions\/15572"}],"wp:featuredmedia":[{"embeddable":true,"href":"https:\/\/www.automakers.cz\/index.php?rest_route=\/wp\/v2\/media\/15569"}],"wp:attachment":[{"href":"https:\/\/www.automakers.cz\/index.php?rest_route=%2Fwp%2Fv2%2Fmedia&parent=15567"}],"wp:term":[{"taxonomy":"category","embeddable":true,"href":"https:\/\/www.automakers.cz\/index.php?rest_route=%2Fwp%2Fv2%2Fcategories&post=15567"},{"taxonomy":"post_tag","embeddable":true,"href":"https:\/\/www.automakers.cz\/index.php?rest_route=%2Fwp%2Fv2%2Ftags&post=15567"}],"curies":[{"name":"wp","href":"https:\/\/api.w.org\/{rel}","templated":true}]}}