{"id":15573,"date":"2025-08-19T16:31:49","date_gmt":"2025-08-19T16:31:49","guid":{"rendered":"https:\/\/www.automakers.cz\/?p=15573"},"modified":"2025-08-19T16:31:49","modified_gmt":"2025-08-19T16:31:49","slug":"vw-golf-v-operaku-od-5990-kc-mesicne","status":"publish","type":"post","link":"https:\/\/www.automakers.cz\/?p=15573","title":{"rendered":"VW Golf v oper\u00e1ku od 5990 K\u010d m\u011bs\u00ed\u010dn\u011b"},"content":{"rendered":"<p><b>Volkswagen nab\u00eddl ak\u010dn\u00ed operativn\u00ed leasing na model Golf. Alternativn\u011b si mohou z\u00e1kazn\u00edci sv\u016fj Golf sn\u016f nakonfigurovat a objednat do v\u00fdroby. V\u016fz lze po\u0159\u00eddit od 5990 K\u010d s DPH m\u011bs\u00ed\u010dn\u011b.<\/b><!--more--><\/p>\n<p>\u201eN\u00e1v\u0161t\u011bva autorizovan\u00e9ho prodejce zna\u010dky Volkswagen se nyn\u00ed na\u0161im z\u00e1kazn\u00edk\u016fm, kte\u0159\u00ed uva\u017euj\u00ed o po\u0159\u00edzen\u00ed v\u0161estrann\u00e9ho Golfu, vyplat\u00ed dvojn\u00e1sob,\u201c \u0159\u00edk\u00e1 Jakub \u0160ebesta, vedouc\u00ed divize Volkswagen spole\u010dnosti Porsche \u010cesk\u00e1 republika, a dod\u00e1v\u00e1: \u201eKrom\u011b \u0161irok\u00e9ho v\u00fdb\u011bru ihned dostupn\u00fdch skladov\u00fdch voz\u016f na n\u011b \u010dek\u00e1 mimo\u0159\u00e1dn\u011b v\u00fdhodn\u00fd ak\u010dn\u00ed operativn\u00ed leasing, s n\u00edm\u017e si lze bezstarostnou mobilitu s vysokou \u00farovn\u00ed komfortu u\u017e\u00edvat ji\u017e od 5990 K\u010d s DPH m\u011bs\u00ed\u010dn\u011b. U na\u0161ich autorizovan\u00fdch prodejc\u016f nav\u00edc st\u00e1le pokra\u010duje nab\u00eddka ak\u010dn\u00edch model\u016f Love (Taigo Love, T-Cross Love, Touran Love, T-Roc Love a Polo Love), a to a\u017e do vyprod\u00e1n\u00ed z\u00e1sob.\u201c<\/p>\n<p>Ak\u010dn\u00ed operativn\u00ed leasing plat\u00ed pro vozy Golf jak ze skladov\u00fdch z\u00e1sob, tak pro individu\u00e1ln\u011b nakonfigurovan\u00e9 vozy. N\u00ed\u017ee uveden\u00e9 spl\u00e1tky obsahuj\u00ed DPH a plat\u00ed pro smlouvy uzav\u0159en\u00e9 na dobu 36 m\u011bs\u00edc\u016f s\u00a0limitem 10\u00a0000 ujet\u00fdch kilometr\u016f ro\u010dn\u011b a mo\u017enost\u00ed p\u0159ejet\u00ed celkov\u00e9ho n\u00e1jezdu o 5\u00a0000 km bez dodate\u010dn\u00fdch poplatk\u016f. Jejich sou\u010d\u00e1st\u00ed je servis po celou dobu leasingu, povinn\u00e9 ru\u010den\u00ed a havarijn\u00ed poji\u0161t\u011bn\u00ed s 10% spolu\u00fa\u010dast\u00ed.<\/p>\n<p>Z\u00e1kazn\u00edci si v\u0161ak mohou financov\u00e1n\u00ed p\u0159izp\u016fsobit sv\u00fdm pot\u0159eb\u00e1m, proto\u017ee mezi variabiln\u00ed parametry pat\u0159\u00ed krom\u011b po\u010dtu ujet\u00fdch kilometr\u016f a d\u00e9lky financov\u00e1n\u00ed, tak\u00e9 spolu\u00fa\u010dast nebo rozsah slu\u017eeb. S individu\u00e1ln\u00edmi zm\u011bnami pak m\u016f\u017ee b\u00fdt spojena zm\u011bna m\u011bs\u00ed\u010dn\u00ed spl\u00e1tky.<\/p>\n<p>Se spl\u00e1tkou 5990 K\u010d m\u011bs\u00ed\u010dn\u011b l\u00e1k\u00e1 k autorizovan\u00fdm prodejc\u016fm zna\u010dky Volkswagen Golf People, jeho\u017e p\u0159edn\u00ed kola jsou poh\u00e1n\u011bna p\u0159epl\u0148ovan\u00fdm \u010dty\u0159v\u00e1lcem 1.5 TSI o v\u00fdkonu 85 kW prost\u0159ednictv\u00edm 6stup\u0148ov\u00e9 manu\u00e1ln\u00ed p\u0159evodovky.<\/p>\n<p>Jednotka 1.5 eTSI pod kapotou modelu Golf People nab\u00edz\u00ed rovn\u011b\u017e nejvy\u0161\u0161\u00ed v\u00fdkon 85 kW a d\u00edky mild-hybridn\u00edmu syst\u00e9mu vy\u0161\u0161\u00ed hospod\u00e1rnost, a to v\u0161e umoc\u0148uje komfort automatick\u00e9 p\u0159evodovky DSG. M\u011bs\u00ed\u010dn\u00ed spl\u00e1tka je v tomto p\u0159\u00edpad\u011b 7360 K\u010d.<\/p>\n<p>Sportovn\u011b zam\u011b\u0159en\u00e9 \u0159idi\u010de oslov\u00ed Golf R-Line People 1.5 TSI vylad\u011bn\u00fd na nejvy\u0161\u0161\u00ed v\u00fdkon 110 kW. S\u00a0\u0161estistup\u0148ovou manu\u00e1ln\u00ed p\u0159evodovkou vych\u00e1z\u00ed m\u011bs\u00ed\u010dn\u00ed spl\u00e1tka v r\u00e1mci\u00a0ak\u010dn\u00edho operativn\u00edho leasingu na 8550 K\u010d. Sportovn\u011b st\u0159i\u017een\u00fd Golf R-Line People je k\u00a0dispozici tak\u00e9 s\u00a0mild-hybridn\u00ed jednotkou 1.5 eTSI s\u00a0nejvy\u0161\u0161\u00edm v\u00fdkonem 110 kW a automatickou p\u0159evodovkou DSG za 9740 K\u010d m\u011bs\u00ed\u010dn\u011b.<\/p>\n<p>Ak\u010dn\u00ed nab\u00eddka model\u016f Golf na operativn\u00ed leasing plat\u00ed do vyprod\u00e1n\u00ed skladov\u00fdch z\u00e1sob nebo do 30. z\u00e1\u0159\u00ed 2025.<\/p>\n<p><img loading=\"lazy\" decoding=\"async\" class=\"alignnone size-medium wp-image-15574\" src=\"http:\/\/www.automakers.cz\/wp-content\/uploads\/2025\/08\/Volkswagen-nabizi-Golf-od-5990-Kc-mesicne-2-small-900x600.jpg\" alt=\"\" width=\"900\" height=\"600\" srcset=\"https:\/\/www.automakers.cz\/wp-content\/uploads\/2025\/08\/Volkswagen-nabizi-Golf-od-5990-Kc-mesicne-2-small-900x600.jpg 900w, https:\/\/www.automakers.cz\/wp-content\/uploads\/2025\/08\/Volkswagen-nabizi-Golf-od-5990-Kc-mesicne-2-small-1024x683.jpg 1024w, https:\/\/www.automakers.cz\/wp-content\/uploads\/2025\/08\/Volkswagen-nabizi-Golf-od-5990-Kc-mesicne-2-small-768x512.jpg 768w, https:\/\/www.automakers.cz\/wp-content\/uploads\/2025\/08\/Volkswagen-nabizi-Golf-od-5990-Kc-mesicne-2-small-1536x1024.jpg 1536w, https:\/\/www.automakers.cz\/wp-content\/uploads\/2025\/08\/Volkswagen-nabizi-Golf-od-5990-Kc-mesicne-2-small-2048x1366.jpg 2048w\" sizes=\"auto, (max-width: 900px) 100vw, 900px\" \/><\/p>\n","protected":false},"excerpt":{"rendered":"<p>Volkswagen nab\u00eddl ak\u010dn\u00ed operativn\u00ed leasing na model Golf. Alternativn\u011b si mohou z\u00e1kazn\u00edci sv\u016fj Golf sn\u016f&#8230;<\/p>\n","protected":false},"author":2,"featured_media":15575,"comment_status":"closed","ping_status":"closed","sticky":false,"template":"","format":"standard","meta":{"footnotes":""},"categories":[24,33],"tags":[],"class_list":["post-15573","post","type-post","status-publish","format-standard","has-post-thumbnail","hentry","category-akce","category-leasing"],"_links":{"self":[{"href":"https:\/\/www.automakers.cz\/index.php?rest_route=\/wp\/v2\/posts\/15573","targetHints":{"allow":["GET"]}}],"collection":[{"href":"https:\/\/www.automakers.cz\/index.php?rest_route=\/wp\/v2\/posts"}],"about":[{"href":"https:\/\/www.automakers.cz\/index.php?rest_route=\/wp\/v2\/types\/post"}],"author":[{"embeddable":true,"href":"https:\/\/www.automakers.cz\/index.php?rest_route=\/wp\/v2\/users\/2"}],"replies":[{"embeddable":true,"href":"https:\/\/www.automakers.cz\/index.php?rest_route=%2Fwp%2Fv2%2Fcomments&post=15573"}],"version-history":[{"count":2,"href":"https:\/\/www.automakers.cz\/index.php?rest_route=\/wp\/v2\/posts\/15573\/revisions"}],"predecessor-version":[{"id":15587,"href":"https:\/\/www.automakers.cz\/index.php?rest_route=\/wp\/v2\/posts\/15573\/revisions\/15587"}],"wp:featuredmedia":[{"embeddable":true,"href":"https:\/\/www.automakers.cz\/index.php?rest_route=\/wp\/v2\/media\/15575"}],"wp:attachment":[{"href":"https:\/\/www.automakers.cz\/index.php?rest_route=%2Fwp%2Fv2%2Fmedia&parent=15573"}],"wp:term":[{"taxonomy":"category","embeddable":true,"href":"https:\/\/www.automakers.cz\/index.php?rest_route=%2Fwp%2Fv2%2Fcategories&post=15573"},{"taxonomy":"post_tag","embeddable":true,"href":"https:\/\/www.automakers.cz\/index.php?rest_route=%2Fwp%2Fv2%2Ftags&post=15573"}],"curies":[{"name":"wp","href":"https:\/\/api.w.org\/{rel}","templated":true}]}}