{"id":15588,"date":"2025-08-20T05:42:59","date_gmt":"2025-08-20T05:42:59","guid":{"rendered":"https:\/\/www.automakers.cz\/?p=15588"},"modified":"2025-08-20T05:47:26","modified_gmt":"2025-08-20T05:47:26","slug":"citroen-zvazuje-e-salon-peugeot-nepujde","status":"publish","type":"post","link":"https:\/\/www.automakers.cz\/?p=15588","title":{"rendered":"Citro\u00ebn zva\u017euje e-SALON, Peugeot nejde"},"content":{"rendered":"<div><strong>Vrcholem leto\u0161n\u00ed v\u00fdstavn\u00ed sez\u00f3ny bude pro \u010desk\u00e9 import\u00e9ry elektroaut op\u011bt listopadov\u00fd e-SALON.\u00a0<\/strong><strong>Redakce AUTOmakers p\u0159ipravila anketu mezi dovozci, kter\u00e1 navazuje na podepsan\u00e9 partnerstv\u00ed \u010dasopisu s veletrhem. Jak se k v\u00fdstav\u011b letos postav\u00ed zna\u010dky Citro\u00ebn a Peugeot?<\/strong><\/div>\n<p><!--more--><\/p>\n<div>Ob\u011b francouzsk\u00e9 zna\u010dky dov\u00e1\u017e\u00ed do \u010cR Emil Frey. Po\u010d\u00edt\u00e1 <strong>C &#8211; automobil &#8211; import<\/strong> s \u00fa\u010dast<strong>\u00ed Citro\u00ebnu<\/strong> na listopadov\u00e9m e-Salonu? A co by p\u0159\u00edpadn\u011b vystavil?<\/div>\n<div><\/div>\n<div>&#8222;\u00da\u010dast zva\u017eujeme, ale je\u0161t\u011b nejsme rozhodnuti. Pokud se e-Salonu z\u00fa\u010dastn\u00edme, bylo by to ur\u010dit\u011b s nov\u00fdm modelem <strong>Citro\u00ebn \u00eb-C5 Aircross.<\/strong> D\u00e1le bychom vystavili i dal\u0161\u00ed leto\u0161n\u00ed novinky &#8211; <strong>\u00eb-C3 a \u00eb-C3 Aircross<\/strong>,&#8220; sd\u011blila na\u0161\u00ed redakci mluv\u010d\u00ed zna\u010dky <strong>Radka Matthey<\/strong> s t\u00edm, \u017ee se Citro\u00ebn je\u0161t\u011b chyst\u00e1 6. z\u00e1\u0159\u00ed na akci <strong>ELEKTROMOBILITA V PRAXI: J\u00cdZDY SV\u011aTA MOTOR\u016e.<\/strong> Dal\u0161\u00ed v\u00fdstavy zat\u00edm import v pl\u00e1nu nem\u00e1.<\/div>\n<div><img loading=\"lazy\" decoding=\"async\" class=\"alignnone size-medium wp-image-268\" src=\"http:\/\/www.automakers.cz\/wp-content\/uploads\/2023\/11\/eSalon-Vchod-e1699953457942-900x638.jpg\" alt=\"\" width=\"900\" height=\"638\" srcset=\"https:\/\/www.automakers.cz\/wp-content\/uploads\/2023\/11\/eSalon-Vchod-e1699953457942-900x638.jpg 900w, https:\/\/www.automakers.cz\/wp-content\/uploads\/2023\/11\/eSalon-Vchod-e1699953457942-1024x725.jpg 1024w, https:\/\/www.automakers.cz\/wp-content\/uploads\/2023\/11\/eSalon-Vchod-e1699953457942-768x544.jpg 768w, https:\/\/www.automakers.cz\/wp-content\/uploads\/2023\/11\/eSalon-Vchod-e1699953457942-1536x1088.jpg 1536w, https:\/\/www.automakers.cz\/wp-content\/uploads\/2023\/11\/eSalon-Vchod-e1699953457942.jpg 2040w\" sizes=\"auto, (max-width: 900px) 100vw, 900px\" \/><\/div>\n<div>Sestersk\u00fd <strong>Peugeot <\/strong>letos veletrh e-Salon letos vynech\u00e1. &#8222;Z\u00fa\u010dastn\u00edme se s na\u0161imi vozy v\u00fd\u0161e zm\u00edn\u011bn\u00fdch z\u00e1\u0159ijov\u00fdch j\u00edzd Sv\u011bta motor\u016f a 4. \u0159\u00edjna akce <strong>THE MOST CLASSIC 2025<\/strong>,&#8220; up\u0159esnila Matthey.<\/div>\n<div><\/div>\n<div><strong>Zdroj: veletr\u017en\u00ed anketa AUTOmakers<\/strong><\/div>\n<div><img loading=\"lazy\" decoding=\"async\" class=\"alignnone size-full wp-image-15397\" src=\"http:\/\/www.automakers.cz\/wp-content\/uploads\/2025\/08\/e-SALON_25_640x120.jpg\" alt=\"\" width=\"640\" height=\"120\" \/><\/div>\n","protected":false},"excerpt":{"rendered":"<p>Vrcholem leto\u0161n\u00ed v\u00fdstavn\u00ed sez\u00f3ny bude pro \u010desk\u00e9 import\u00e9ry elektroaut op\u011bt listopadov\u00fd e-SALON.\u00a0Redakce AUTOmakers p\u0159ipravila anketu&#8230;<\/p>\n","protected":false},"author":1,"featured_media":8915,"comment_status":"closed","ping_status":"closed","sticky":false,"template":"","format":"standard","meta":{"footnotes":""},"categories":[32,11,8],"tags":[],"class_list":["post-15588","post","type-post","status-publish","format-standard","has-post-thumbnail","hentry","category-ankety","category-importeri","category-vystavy"],"_links":{"self":[{"href":"https:\/\/www.automakers.cz\/index.php?rest_route=\/wp\/v2\/posts\/15588","targetHints":{"allow":["GET"]}}],"collection":[{"href":"https:\/\/www.automakers.cz\/index.php?rest_route=\/wp\/v2\/posts"}],"about":[{"href":"https:\/\/www.automakers.cz\/index.php?rest_route=\/wp\/v2\/types\/post"}],"author":[{"embeddable":true,"href":"https:\/\/www.automakers.cz\/index.php?rest_route=\/wp\/v2\/users\/1"}],"replies":[{"embeddable":true,"href":"https:\/\/www.automakers.cz\/index.php?rest_route=%2Fwp%2Fv2%2Fcomments&post=15588"}],"version-history":[{"count":10,"href":"https:\/\/www.automakers.cz\/index.php?rest_route=\/wp\/v2\/posts\/15588\/revisions"}],"predecessor-version":[{"id":15594,"href":"https:\/\/www.automakers.cz\/index.php?rest_route=\/wp\/v2\/posts\/15588\/revisions\/15594"}],"wp:featuredmedia":[{"embeddable":true,"href":"https:\/\/www.automakers.cz\/index.php?rest_route=\/wp\/v2\/media\/8915"}],"wp:attachment":[{"href":"https:\/\/www.automakers.cz\/index.php?rest_route=%2Fwp%2Fv2%2Fmedia&parent=15588"}],"wp:term":[{"taxonomy":"category","embeddable":true,"href":"https:\/\/www.automakers.cz\/index.php?rest_route=%2Fwp%2Fv2%2Fcategories&post=15588"},{"taxonomy":"post_tag","embeddable":true,"href":"https:\/\/www.automakers.cz\/index.php?rest_route=%2Fwp%2Fv2%2Ftags&post=15588"}],"curies":[{"name":"wp","href":"https:\/\/api.w.org\/{rel}","templated":true}]}}