{"id":1559,"date":"2024-01-19T09:54:29","date_gmt":"2024-01-19T09:54:29","guid":{"rendered":"https:\/\/www.automakers.cz\/?p=1559"},"modified":"2024-01-19T09:54:29","modified_gmt":"2024-01-19T09:54:29","slug":"kerry-logistics-ridi-martin-hrbek","status":"publish","type":"post","link":"https:\/\/www.automakers.cz\/?p=1559","title":{"rendered":"Kerry Logistics \u0159\u00edd\u00ed Martin Hrbek"},"content":{"rendered":"<p><strong>Asijsk\u00e1 Kerry Logistics, specialista na 3PL logistiku, posiluje svou pozici v Evrop\u011b i v \u010cR. Se z\u00e1zem\u00edm evropsk\u00e9 centr\u00e1ly v Amsterdamu letos otev\u0159ela, vedle ji\u017e funguj\u00edc\u00ed brn\u011bnsk\u00e9, tak\u00e9 dal\u0161\u00ed \u010deskou pobo\u010dku s kancel\u00e1\u0159emi v Praze. Do pozice country mana\u017eera pro \u010cesko byl k 1. lednu 2024 jmenov\u00e1n Martin Hrbek. <\/strong><!--more--><\/p>\n<p><strong>\u00a0<\/strong><em>\u201eJsme r\u00e1di, \u017ee se n\u00e1m pro \u010desk\u00fd trh poda\u0159ilo z\u00edskat Martina Hrbka, zku\u0161en\u00e9ho logistick\u00e9ho mana\u017eera, kter\u00fd disponuje hlubokou znalost\u00ed trhu a ji\u017e v\u00a0p\u0159edchoz\u00edch pozic\u00edch prok\u00e1zal tak\u00e9 schopnost \u00fasp\u011b\u0161n\u011b v\u00e9st t\u00fdm,\u201c<\/em>\u00a0uvedl Nils Haring, \u0159editel spole\u010dnosti Kerry Logistics pro \u010ceskou republiku, N\u011bmecko a Polsko.<\/p>\n<p>Martin Hrbek se v oboru pohybuje od roku 2009. V uplynul\u00fdch \u0161esti letech byl obchodn\u00edm \u0159editelem divize Air &amp; Sea spole\u010dnosti GEFCO (pozd\u011bji CEVA Logistics), kde se v\u011bnoval p\u0159edev\u0161\u00edm rozvoji leteck\u00e9 a \u017eelezni\u010dn\u00ed transkontinent\u00e1ln\u00ed dopravy, \u010dasov\u011b kritick\u00fdm p\u0159eprav\u00e1m a celn\u00edm slu\u017eb\u00e1m. P\u0159edt\u00edm p\u016fsobil p\u011bt let ve spole\u010dnosti DHL.<\/p>\n<p><em>\u201eVeden\u00ed aktivit renomovan\u00e9 logistick\u00e9 spole\u010dnosti na \u010desk\u00e9m trhu je pro mne novou pracovn\u00ed v\u00fdzvou a z\u00e1rove\u0148 p\u0159\u00edle\u017eitost\u00ed, jak z\u00faro\u010dit v\u00edce ne\u017e patn\u00e1ctilet\u00e9 zku\u0161enosti v oboru logistiky. V n\u00e1sleduj\u00edc\u00edch m\u011bs\u00edc\u00edch se chci zam\u011b\u0159it na rozvoj slu\u017eeb pro lok\u00e1ln\u00ed pobo\u010dky glob\u00e1ln\u00edch klient\u016f a dopln\u011bn\u00ed klientsk\u00e9ho portfolia o st\u0159edn\u00ed a men\u0161\u00ed \u010desk\u00e9 podniky s mezin\u00e1rodn\u00edm p\u0159esahem,\u201c<\/em>\u00a0okomentoval nejbli\u017e\u0161\u00ed c\u00edle Country mana\u017eer Martin Hrbek a dodal, \u017ee konkuren\u010dn\u00ed v\u00fdhodou budou nap\u0159\u00edklad kapacity v leteck\u00e9 doprav\u011b, kde spole\u010dnost Kerry Logistics d\u00edky vlastnick\u00e9 struktu\u0159e (pozn.: spole\u010dnost SF Holding vlastn\u00ed od roku 2021 51,8 % pod\u00edl v Kerry Logistics) disponuje flotilou 97 freighter\u016f spole\u010dnosti SF, d\u00edky nim\u017e nab\u00edz\u00ed p\u0159epravu mezi Evropou a V\u00fdchodn\u00ed Asi\u00ed i mezi Evropou a Amerikou na denn\u00ed b\u00e1zi. Samoz\u0159ejmost\u00ed je pak \u017eelezni\u010dn\u00ed spojen\u00ed Evropy s Asi\u00ed, multimod\u00e1ln\u00ed doprava a ve spolupr\u00e1ci s kl\u00ed\u010dov\u00fdmi sv\u011btov\u00fdmi rejda\u0159i tak\u00e9 n\u00e1mo\u0159n\u00ed doprava, to v\u0161e ve spojen\u00ed s celn\u00edmi slu\u017ebami.<\/p>\n<p><strong>Kompletn\u00ed integrovan\u00e1 logistika<\/strong><\/p>\n<p>Kerry Logistics nab\u00edz\u00ed komplexn\u00ed servis integrovan\u00e9 logistiky, urgentn\u00edch p\u0159eprav i freight forwardingu klient\u016fm z r\u016fzn\u00fdch pr\u016fmyslov\u00fdch odv\u011btv\u00ed od automobilov\u00e9ho pr\u016fmyslu p\u0159es fashion a lifestyle, FMCG, farmaceutick\u00fd pr\u016fmysl, elektroniku, a\u017e po p\u0159epravy rychle se kaz\u00edc\u00edho zbo\u017e\u00ed. S v\u00edce ne\u017e 43 000 zam\u011bstnanci po cel\u00e9m sv\u011bt\u011b, flotilou v\u00edce ne\u017e 10 000 vlastn\u00edch vozidel, 70 miliony m2 skladovac\u00edch ploch a p\u0159\u00edstupu k leteck\u00e9 flotile spole\u010dnosti SF Holding, je na poli p\u0159eprav mezi Asi\u00ed a Evropou jedn\u00edm z kl\u00ed\u010dov\u00fdch hr\u00e1\u010d\u016f.<\/p>\n<p><em>\u201ePro \u010ceskou republiku, zemi s t\u00e9m\u011b\u0159 t\u0159\u00ed \u010dtvrtinov\u00fdm importem z oblasti Jihov\u00fdchodn\u00ed Asie, je na\u0161e nab\u00eddka p\u0159epravn\u00edch kapacit z \u010c\u00edny do st\u0159edn\u00ed Asie a d\u00e1le do Evropy produkt s obrovsk\u00fdm potenci\u00e1lem,\u201c<\/em>\u00a0v\u011b\u0159\u00ed Martin Hrbek.<\/p>\n<p><strong>Zdroj: Bene\u0161 Consulting Group<\/strong><\/p>\n<p>&nbsp;<\/p>\n<p>&nbsp;<\/p>\n","protected":false},"excerpt":{"rendered":"<p>Asijsk\u00e1 Kerry Logistics, specialista na 3PL logistiku, posiluje svou pozici v Evrop\u011b i v \u010cR&#8230;.<\/p>\n","protected":false},"author":1,"featured_media":1561,"comment_status":"open","ping_status":"open","sticky":false,"template":"","format":"standard","meta":{"footnotes":""},"categories":[43,5],"tags":[],"class_list":["post-1559","post","type-post","status-publish","format-standard","has-post-thumbnail","hentry","category-logistika","category-personalie"],"_links":{"self":[{"href":"https:\/\/www.automakers.cz\/index.php?rest_route=\/wp\/v2\/posts\/1559","targetHints":{"allow":["GET"]}}],"collection":[{"href":"https:\/\/www.automakers.cz\/index.php?rest_route=\/wp\/v2\/posts"}],"about":[{"href":"https:\/\/www.automakers.cz\/index.php?rest_route=\/wp\/v2\/types\/post"}],"author":[{"embeddable":true,"href":"https:\/\/www.automakers.cz\/index.php?rest_route=\/wp\/v2\/users\/1"}],"replies":[{"embeddable":true,"href":"https:\/\/www.automakers.cz\/index.php?rest_route=%2Fwp%2Fv2%2Fcomments&post=1559"}],"version-history":[{"count":2,"href":"https:\/\/www.automakers.cz\/index.php?rest_route=\/wp\/v2\/posts\/1559\/revisions"}],"predecessor-version":[{"id":1562,"href":"https:\/\/www.automakers.cz\/index.php?rest_route=\/wp\/v2\/posts\/1559\/revisions\/1562"}],"wp:featuredmedia":[{"embeddable":true,"href":"https:\/\/www.automakers.cz\/index.php?rest_route=\/wp\/v2\/media\/1561"}],"wp:attachment":[{"href":"https:\/\/www.automakers.cz\/index.php?rest_route=%2Fwp%2Fv2%2Fmedia&parent=1559"}],"wp:term":[{"taxonomy":"category","embeddable":true,"href":"https:\/\/www.automakers.cz\/index.php?rest_route=%2Fwp%2Fv2%2Fcategories&post=1559"},{"taxonomy":"post_tag","embeddable":true,"href":"https:\/\/www.automakers.cz\/index.php?rest_route=%2Fwp%2Fv2%2Ftags&post=1559"}],"curies":[{"name":"wp","href":"https:\/\/api.w.org\/{rel}","templated":true}]}}