{"id":15599,"date":"2025-08-20T11:10:55","date_gmt":"2025-08-20T11:10:55","guid":{"rendered":"https:\/\/www.automakers.cz\/?p=15599"},"modified":"2025-08-20T14:13:03","modified_gmt":"2025-08-20T14:13:03","slug":"mg-resi-nahradu-za-prazsky-orbion-cars","status":"publish","type":"post","link":"https:\/\/www.automakers.cz\/?p=15599","title":{"rendered":"MG \u0159e\u0161\u00ed n\u00e1hradu za pra\u017esk\u00fd Orbion Cars"},"content":{"rendered":"<p><strong>Trojice pra\u017esk\u00fdch dealer\u016f Stolejda, Vesel\u00fd, Chlad loni otev\u0159ela nov\u00e9 dealerstv\u00ed zna\u010dky MG\u00a0 Orbion Cars v pra\u017esk\u00fdch Stod\u016flk\u00e1ch. Vydr\u017eelo ale jen rok, letos v kv\u011btnu opustili pronajatou halu. Zna\u010dka MG \u0159e\u0161\u00ed n\u00e1hradu pro Prahu.<\/strong><span id=\"more-4362\"><\/span><!--more--><\/p>\n<p>Orbion Cars ve Stod\u016flk\u00e1ch byl rok nejv\u011bt\u0161\u00edm pra\u017esk\u00fdm dealerem,\u00a0 \u0161lo <strong>o prvn\u00ed implementaci korpor\u00e1tn\u00edch prvk\u016f MG v \u010cesku.<\/strong><\/p>\n<p><img loading=\"lazy\" decoding=\"async\" class=\"alignnone size-medium wp-image-4384\" src=\"http:\/\/www.automakers.cz\/wp-content\/uploads\/2024\/05\/MG-Orbion-showroom-recepce-900x675.jpg\" sizes=\"auto, (max-width: 900px) 100vw, 900px\" srcset=\"https:\/\/www.automakers.cz\/wp-content\/uploads\/2024\/05\/MG-Orbion-showroom-recepce-900x675.jpg 900w, https:\/\/www.automakers.cz\/wp-content\/uploads\/2024\/05\/MG-Orbion-showroom-recepce-1024x768.jpg 1024w, https:\/\/www.automakers.cz\/wp-content\/uploads\/2024\/05\/MG-Orbion-showroom-recepce-768x576.jpg 768w, https:\/\/www.automakers.cz\/wp-content\/uploads\/2024\/05\/MG-Orbion-showroom-recepce-1536x1152.jpg 1536w, https:\/\/www.automakers.cz\/wp-content\/uploads\/2024\/05\/MG-Orbion-showroom-recepce.jpg 2040w\" alt=\"\" width=\"900\" height=\"675\" \/> Za projektem byli majitel\u00e9 skupiny <strong>Albion Cars<\/strong>, kter\u00e1 se v \u010desku specializuje na prodej jaguar\u016f a land rover\u016f.<\/p>\n<p><img loading=\"lazy\" decoding=\"async\" class=\"size-medium wp-image-4365\" src=\"http:\/\/www.automakers.cz\/wp-content\/uploads\/2024\/05\/Orbion-Stolejda-Chald-900x506.jpg\" alt=\"\" width=\"900\" height=\"506\" srcset=\"https:\/\/www.automakers.cz\/wp-content\/uploads\/2024\/05\/Orbion-Stolejda-Chald-900x506.jpg 900w, https:\/\/www.automakers.cz\/wp-content\/uploads\/2024\/05\/Orbion-Stolejda-Chald-768x432.jpg 768w, https:\/\/www.automakers.cz\/wp-content\/uploads\/2024\/05\/Orbion-Stolejda-Chald.jpg 1024w\" sizes=\"auto, (max-width: 900px) 100vw, 900px\" \/>\u201eChceme z\u00e1kazn\u00edk\u016fm poskytnout nejv\u011bt\u0161\u00ed nab\u00eddku skladov\u00fdch voz\u016f zna\u010dky MG, a to jak nov\u00fdch, tak ojet\u00fdch. Samoz\u0159ejmost\u00ed je i autorizovan\u00fd servis s nejvy\u0161\u0161\u00ed kvalitou slu\u017eeb orientovan\u00fdch na maxim\u00e1ln\u00ed spokojenost klient\u016f,\u201c \u0159ekl na lo\u0148sk\u00e9m openingu v\u00fdkonn\u00fd \u0159editel Orbion Cars <strong>Du\u0161an Chlad<\/strong>.<strong><b><br \/>\n<\/b><\/strong><span id=\"more-3327\"><\/span><\/p>\n<p><img loading=\"lazy\" decoding=\"async\" class=\"alignnone size-medium wp-image-4373\" src=\"http:\/\/www.automakers.cz\/wp-content\/uploads\/2024\/05\/MG-Orbion-showroom-900x675.jpg\" sizes=\"auto, (max-width: 900px) 100vw, 900px\" srcset=\"https:\/\/www.automakers.cz\/wp-content\/uploads\/2024\/05\/MG-Orbion-showroom-900x675.jpg 900w, https:\/\/www.automakers.cz\/wp-content\/uploads\/2024\/05\/MG-Orbion-showroom-1024x768.jpg 1024w, https:\/\/www.automakers.cz\/wp-content\/uploads\/2024\/05\/MG-Orbion-showroom-768x576.jpg 768w, https:\/\/www.automakers.cz\/wp-content\/uploads\/2024\/05\/MG-Orbion-showroom-1536x1152.jpg 1536w, https:\/\/www.automakers.cz\/wp-content\/uploads\/2024\/05\/MG-Orbion-showroom.jpg 2040w\" alt=\"\" width=\"900\" height=\"675\" \/><strong>Byznys Orbionu ve Stod\u016flk\u00e1ch ale vydr\u017eel jen zhruba rok<\/strong>. <strong>Hala b\u00fdval\u00e9ho dealerstv\u00ed v Praze<\/strong> <strong>zeje pr\u00e1zdnotou a se zna\u010dkou MG d\u00e1le pokra\u010duje jen Orbion v Brn\u011b.<\/strong><\/p>\n<p><img loading=\"lazy\" decoding=\"async\" class=\"alignnone size-medium wp-image-15604\" src=\"http:\/\/www.automakers.cz\/wp-content\/uploads\/2025\/08\/MG-Orbion-prazdna-hala-1-900x506.jpg\" alt=\"\" width=\"900\" height=\"506\" srcset=\"https:\/\/www.automakers.cz\/wp-content\/uploads\/2025\/08\/MG-Orbion-prazdna-hala-1-900x506.jpg 900w, https:\/\/www.automakers.cz\/wp-content\/uploads\/2025\/08\/MG-Orbion-prazdna-hala-1-1024x576.jpg 1024w, https:\/\/www.automakers.cz\/wp-content\/uploads\/2025\/08\/MG-Orbion-prazdna-hala-1-768x432.jpg 768w, https:\/\/www.automakers.cz\/wp-content\/uploads\/2025\/08\/MG-Orbion-prazdna-hala-1-1536x864.jpg 1536w, https:\/\/www.automakers.cz\/wp-content\/uploads\/2025\/08\/MG-Orbion-prazdna-hala-1-1280x720.jpg 1280w, https:\/\/www.automakers.cz\/wp-content\/uploads\/2025\/08\/MG-Orbion-prazdna-hala-1.jpg 2048w\" sizes=\"auto, (max-width: 900px) 100vw, 900px\" \/><strong>D\u016fvody?<\/strong> Podle dostupn\u00fdch informac\u00ed p\u0159\u00edli\u0161 vysok\u00fd n\u00e1jem. &#8222;<strong>Platili m\u011bs\u00ed\u010dn\u011b milion korun<\/strong>, co\u017e se uk\u00e1zalo p\u0159\u00edli\u0161,&#8220; \u0159ekl na\u0161emu \u010dasopisu dob\u0159e informovan\u00fd zdroj.<\/p>\n<p><strong>Nov\u00e9 dealerstv\u00ed u\u017e je v p\u0159\u00edprav\u011b<\/strong><\/p>\n<p>\u0160\u00e9f zna\u010dky MG<strong> Martin Kr\u00e1l\u00ed\u010dek<\/strong> tak op\u011bt \u0159e\u0161\u00ed dealera, kter\u00fd by obsluhoval jak lev\u00fd b\u0159eh Vltavy, tak i podstatn\u00e9 \u010d\u00e1sti St\u0159edo\u010desk\u00e9ho kraje v r\u00e1mci okresu Praha \u2013 Z\u00e1pad.<\/p>\n<p>&#8222;Nov\u00e9 dealerstv\u00ed v Praze je ji\u017e v p\u0159\u00edprav\u011b, ale detailn\u00ed informace si zat\u00edm nech\u00e1me pro sebe,&#8220; sd\u011blila na\u0161emu \u010dasopisu mluv\u010d\u00ed importu<strong> Dominika Beranov\u00e1<\/strong>.<\/p>\n<p><strong>Erich Handl, TK MG Stod\u016flky 2024, archiv; FOTO: Lud\u011bk Kortus, autor<\/strong><\/p>\n","protected":false},"excerpt":{"rendered":"<p>Trojice pra\u017esk\u00fdch dealer\u016f Stolejda, Vesel\u00fd, Chlad loni otev\u0159ela nov\u00e9 dealerstv\u00ed zna\u010dky MG\u00a0 Orbion Cars v&#8230;<\/p>\n","protected":false},"author":1,"featured_media":15603,"comment_status":"closed","ping_status":"closed","sticky":false,"template":"","format":"standard","meta":{"footnotes":""},"categories":[17,11],"tags":[],"class_list":["post-15599","post","type-post","status-publish","format-standard","has-post-thumbnail","hentry","category-dealeri","category-importeri"],"_links":{"self":[{"href":"https:\/\/www.automakers.cz\/index.php?rest_route=\/wp\/v2\/posts\/15599","targetHints":{"allow":["GET"]}}],"collection":[{"href":"https:\/\/www.automakers.cz\/index.php?rest_route=\/wp\/v2\/posts"}],"about":[{"href":"https:\/\/www.automakers.cz\/index.php?rest_route=\/wp\/v2\/types\/post"}],"author":[{"embeddable":true,"href":"https:\/\/www.automakers.cz\/index.php?rest_route=\/wp\/v2\/users\/1"}],"replies":[{"embeddable":true,"href":"https:\/\/www.automakers.cz\/index.php?rest_route=%2Fwp%2Fv2%2Fcomments&post=15599"}],"version-history":[{"count":9,"href":"https:\/\/www.automakers.cz\/index.php?rest_route=\/wp\/v2\/posts\/15599\/revisions"}],"predecessor-version":[{"id":15616,"href":"https:\/\/www.automakers.cz\/index.php?rest_route=\/wp\/v2\/posts\/15599\/revisions\/15616"}],"wp:featuredmedia":[{"embeddable":true,"href":"https:\/\/www.automakers.cz\/index.php?rest_route=\/wp\/v2\/media\/15603"}],"wp:attachment":[{"href":"https:\/\/www.automakers.cz\/index.php?rest_route=%2Fwp%2Fv2%2Fmedia&parent=15599"}],"wp:term":[{"taxonomy":"category","embeddable":true,"href":"https:\/\/www.automakers.cz\/index.php?rest_route=%2Fwp%2Fv2%2Fcategories&post=15599"},{"taxonomy":"post_tag","embeddable":true,"href":"https:\/\/www.automakers.cz\/index.php?rest_route=%2Fwp%2Fv2%2Ftags&post=15599"}],"curies":[{"name":"wp","href":"https:\/\/api.w.org\/{rel}","templated":true}]}}