{"id":15618,"date":"2025-08-24T20:37:08","date_gmt":"2025-08-24T20:37:08","guid":{"rendered":"https:\/\/www.automakers.cz\/?p=15618"},"modified":"2025-08-24T20:37:08","modified_gmt":"2025-08-24T20:37:08","slug":"iaa-opel-slibuje-brutalni-koncept-corsa-gse-vision-gran-turismo","status":"publish","type":"post","link":"https:\/\/www.automakers.cz\/?p=15618","title":{"rendered":"IAA: Opel slibuje brut\u00e1ln\u00ed koncept Corsa GSE Vision Gran Turismo"},"content":{"rendered":"<p><strong>T\u00fdden pot\u00e9, co Opel zve\u0159ejnil prvn\u00ed detailn\u00ed sn\u00edmky sv\u00e9ho nov\u00e9ho konceptu, odhaluje automobilka dal\u0161\u00ed sadu fotografi\u00ed a odtaj\u0148uje i n\u00e1zev koncep\u010dn\u00edho vozu, kter\u00fd oslav\u00ed sv\u011btovou premi\u00e9ru na autosalonu IAA Mobility 2025 v Mnichov\u011b (8. a\u017e 14. z\u00e1\u0159\u00ed 2025).<\/strong><!--more--><\/p>\n<p>U\u017e letos na podzim bude mo\u017en\u00e9 model Opel Corsa GSE Vision Gran Turismo koupit a \u0159\u00eddit &#8211; i kdy\u017e (zat\u00edm?) jen na simul\u00e1toru ve zn\u00e1m\u00e9 h\u0159e Gran Turismo 7. D\u00edky sv\u00e9mu designu v kombinaci s celkov\u00fdm v\u00fdkonem 588 kW\/800 k, to\u010div\u00fdm momentem 800 Nm a maxim\u00e1ln\u00ed rychlost\u00ed 320 km\/h p\u0159edstavuje Opel Corsa GSE Vision Gran Turismo zt\u011blesn\u011bn\u00ed v\u00fdkonnosti nov\u011b budovan\u00e9 sub-zna\u010dky \u201eGSE\u201c automobilky Opel.<\/p>\n<p>\u201eOpel Corsa GSE Vision Gran Turismo posouv\u00e1 na\u0161i sub-zna\u010dku GSE na novou \u00farove\u0148. Nejen\u017ee ukazuje, co je mo\u017en\u00e9 p\u0159ipravit na platform\u011b mal\u00fdch voz\u016f, ale tak\u00e9 nab\u00edz\u00ed pohled do budoucnosti a oslovuje v\u0161echny automobilov\u00e9 nad\u0161ence. A u\u017e letos na podzim si ka\u017ed\u00fd m\u016f\u017ee d\u00edky h\u0159e Gran Turismo 7 projet tuto \u00fa\u017easnou novinku na po\u010d\u00edta\u010dov\u00e9m simul\u00e1toru! V\u00fdsledek kombinace ikonick\u00e9ho modelu Corsa s vysoce v\u00fdkonn\u00fdmi vlastnostmi \u0159ady GSE mluv\u00ed s\u00e1m za sebe,\u201c \u0159\u00edk\u00e1 Florian Huettl, gener\u00e1ln\u00ed \u0159editel automobilky Opel.<\/p>\n<p>\u201eJsme nad\u0161eni, \u017ee do Gran Turisma vstupuje zna\u010dka Opel s tak vzru\u0161uj\u00edc\u00edm a inovativn\u00edm pojet\u00edm Corsy. Opel m\u00e1 bohatou sportovn\u00ed historii a Corsa GSE Vision Gran Turismo zaujme GT hr\u00e1\u010de po cel\u00e9m sv\u011bt\u011b. T\u011b\u0161\u00edme se samoz\u0159ejm\u011b i na p\u0159edstaven\u00ed fyzick\u00e9ho konceptu na autosalonu IAA Mobility 2025 v Mnichov\u011b 8. z\u00e1\u0159\u00ed. Dal\u0161\u00ed p\u0159\u00edle\u017eitost\u00ed bude akce Gran Turismo World Series v Berl\u00edn\u011b v sobotu 20. z\u00e1\u0159\u00ed,\u201c \u0159\u00edk\u00e1 Kazunori Yamauchi producent s\u00e9rie Gran Turismo.<\/p>\n<p><strong>V\u00fdkony, efektivita, dynamika<\/strong><\/p>\n<p>Efektivita v kombinaci s j\u00edzdn\u00ed dynamikou je pro Opel Corsa GSE Vision Gran Turismo kl\u00ed\u010dov\u00e1. Koncept je vybaven dv\u011bma elektromotory o v\u00fdkonech 350 kW\/476 k, ka\u017ed\u00fd na jedn\u00e9 n\u00e1prav\u011b. Celkov\u00fd syst\u00e9mov\u00fd v\u00fdkon \u010din\u00ed 588 kW\/800 k. Trval\u00fd pohon v\u0161ech kol nav\u00edc zlep\u0161uje ovladatelnost a celkovou stabilitu j\u00edzdy.<\/p>\n<p>V kombinaci s jednostup\u0148ovou p\u0159evodovkou zrychluje Corsa GSE Vision Gran Turismo z klidu na 100 km\/h za 2,0 sekundy a dosahuje maxim\u00e1ln\u00ed rychlosti 320 km\/h. Funkce \u201eBoost\u201c nav\u00edc nab\u00eddne dal\u0161\u00edch 59 kW\/80 k v\u00fdkonu po dobu a\u017e \u010dty\u0159 sekund, co\u017e p\u0159ijde vhod p\u0159i p\u0159edj\u00ed\u017ed\u011bn\u00ed. Po \u00fapln\u00e9m vy\u010derp\u00e1n\u00ed se funkce \u201eBoost\u201c kompletn\u011b obnov\u00ed za 80 sekund j\u00edzdy.<\/p>\n<p>Koncept Corsa GSE Vision Gran Turismo m\u00e1 velkou baterii 82 kWh, ale celkov\u00e1 hmotnost vozu \u010din\u00ed 1170 kg \u2013 to je z\u00e1sluha hojn\u00e9ho vyu\u017eit\u00ed superlehk\u00fdch materi\u00e1l\u016f.<\/p>\n<p><strong>Design<\/strong><\/p>\n<p>Opel Corsa GSE Vision Gran Turismo je postaven\u00fd na platform\u011b STLA Small, koncept m\u00e1 podobn\u00e9 rozm\u011bry jako Corsa, ale je ni\u017e\u0161\u00ed a podstatn\u011b \u0161ir\u0161\u00ed. Karoserie nese p\u0159esn\u011b definovan\u00e9 linie, vp\u0159edu m\u00e1 koncept z R\u00fcsselsheimu \u0161t\u00edhlou masku Opel Vizor. Uprost\u0159ed \u010deln\u00ed masky tr\u016fn\u00ed prosv\u011btlen\u00e9 logo zna\u010dky Opel.<\/p>\n<p><strong>Aerodynamika<\/strong><\/p>\n<p>Aby byl Opel Corsa GSE Vision Gran Turismo stabiln\u00ed, disponuje \u0159adou optimalizovan\u00fdch aerodynamick\u00fdch \u0159e\u0161en\u00ed. Aerodynamick\u00e9 clony p\u0159ed p\u0159edn\u00edmi a zadn\u00edmi blatn\u00edky spolu s roz\u0161\u00ed\u0159en\u00fdmi blatn\u00edky zaji\u0161\u0165uj\u00ed plynul\u00e9 proud\u011bn\u00ed vzduchu, a t\u00edm zlep\u0161uj\u00ed ovladatelnost vozu ve vysok\u00fdch rychlostech. Aerodynamick\u00fd design kol sni\u017euje turbulentn\u00ed proud\u011bn\u00ed vzduchu v podb\u011bz\u00edch. Aktivn\u00ed aerodynamick\u00fd difuzor a aktivn\u00ed aerodynamick\u00fd spoiler pom\u00e1haj\u00ed zv\u00fd\u0161it nebo sn\u00ed\u017eit p\u0159\u00edtlak kol v z\u00e1vislosti na j\u00edzdn\u00ed situaci.<\/p>\n<p>Dal\u0161\u00edm kl\u00ed\u010dov\u00fdm znakem konceptu Opel Corsa GSE Vision Gran Turismo je pozornost, kter\u00e1 byla v\u011bnov\u00e1na ka\u017ed\u00e9mu detailu. Nap\u0159\u00edklad sm\u011brovky jsou za\u010dlen\u011bny do p\u0159edn\u00edch a zadn\u00edch blatn\u00edk\u016f. Krom\u011b toho jsou do r\u016fzn\u00fdch d\u00edl\u016f integrov\u00e1ny elementy ve tvaru zkosen\u00e9ho troj\u00faheln\u00edku \u2013 to je odvol\u00e1vka na vozy historie, jako byl nap\u0159\u00edklad sout\u011b\u017en\u00ed Opel Manta 400.<\/p>\n<p>Celkov\u00fd vzhled je umocn\u011bn kontrastn\u00edm pou\u017eit\u00edm barev. Karoserie je v perle\u0165ov\u011b b\u00edl\u00e9 barv\u011b, aerodynamick\u00e9 prvky (nap\u0159. kapota, spojler nebo difuzor) maj\u00ed v\u00fdraznou \u017elutou barvou, st\u0159echa a aerodynamick\u00e9 roz\u0161\u00ed\u0159en\u00e9 blatn\u00edky jsou \u010dern\u00e9. I disky kol se \u0159\u00edd\u00ed t\u00edmto barevn\u00fdm konceptem. P\u0159edn\u00ed pneumatiky Goodyear jsou obuty na 21\u201c \u010derno-\u017elut\u00fdch r\u00e1fc\u00edch, vzadu jsou b\u00edlo-\u017elut\u00e9 disky rozm\u011bru 22\u201c. V obou p\u0159\u00edpadech pom\u00e1haj\u00ed tlumi\u010de Bilstein udr\u017eovat kontakt kol s vozovkou.<\/p>\n<p><img loading=\"lazy\" decoding=\"async\" class=\"alignnone wp-image-340\" src=\"http:\/\/www.automakers.cz\/wp-content\/uploads\/2023\/11\/Opel-New-Blitz-logo-900x636.jpg\" alt=\"\" width=\"959\" height=\"678\" srcset=\"https:\/\/www.automakers.cz\/wp-content\/uploads\/2023\/11\/Opel-New-Blitz-logo-900x636.jpg 900w, https:\/\/www.automakers.cz\/wp-content\/uploads\/2023\/11\/Opel-New-Blitz-logo-1024x724.jpg 1024w, https:\/\/www.automakers.cz\/wp-content\/uploads\/2023\/11\/Opel-New-Blitz-logo-768x543.jpg 768w, https:\/\/www.automakers.cz\/wp-content\/uploads\/2023\/11\/Opel-New-Blitz-logo-1536x1086.jpg 1536w, https:\/\/www.automakers.cz\/wp-content\/uploads\/2023\/11\/Opel-New-Blitz-logo-2048x1448.jpg 2048w\" sizes=\"auto, (max-width: 959px) 100vw, 959px\" \/><\/p>\n","protected":false},"excerpt":{"rendered":"<p>T\u00fdden pot\u00e9, co Opel zve\u0159ejnil prvn\u00ed detailn\u00ed sn\u00edmky sv\u00e9ho nov\u00e9ho konceptu, odhaluje automobilka dal\u0161\u00ed sadu&#8230;<\/p>\n","protected":false},"author":2,"featured_media":15619,"comment_status":"closed","ping_status":"closed","sticky":false,"template":"","format":"standard","meta":{"footnotes":""},"categories":[13,40,8],"tags":[],"class_list":["post-15618","post","type-post","status-publish","format-standard","has-post-thumbnail","hentry","category-design","category-technologie","category-vystavy"],"_links":{"self":[{"href":"https:\/\/www.automakers.cz\/index.php?rest_route=\/wp\/v2\/posts\/15618","targetHints":{"allow":["GET"]}}],"collection":[{"href":"https:\/\/www.automakers.cz\/index.php?rest_route=\/wp\/v2\/posts"}],"about":[{"href":"https:\/\/www.automakers.cz\/index.php?rest_route=\/wp\/v2\/types\/post"}],"author":[{"embeddable":true,"href":"https:\/\/www.automakers.cz\/index.php?rest_route=\/wp\/v2\/users\/2"}],"replies":[{"embeddable":true,"href":"https:\/\/www.automakers.cz\/index.php?rest_route=%2Fwp%2Fv2%2Fcomments&post=15618"}],"version-history":[{"count":9,"href":"https:\/\/www.automakers.cz\/index.php?rest_route=\/wp\/v2\/posts\/15618\/revisions"}],"predecessor-version":[{"id":15692,"href":"https:\/\/www.automakers.cz\/index.php?rest_route=\/wp\/v2\/posts\/15618\/revisions\/15692"}],"wp:featuredmedia":[{"embeddable":true,"href":"https:\/\/www.automakers.cz\/index.php?rest_route=\/wp\/v2\/media\/15619"}],"wp:attachment":[{"href":"https:\/\/www.automakers.cz\/index.php?rest_route=%2Fwp%2Fv2%2Fmedia&parent=15618"}],"wp:term":[{"taxonomy":"category","embeddable":true,"href":"https:\/\/www.automakers.cz\/index.php?rest_route=%2Fwp%2Fv2%2Fcategories&post=15618"},{"taxonomy":"post_tag","embeddable":true,"href":"https:\/\/www.automakers.cz\/index.php?rest_route=%2Fwp%2Fv2%2Ftags&post=15618"}],"curies":[{"name":"wp","href":"https:\/\/api.w.org\/{rel}","templated":true}]}}