{"id":15657,"date":"2025-08-21T08:47:39","date_gmt":"2025-08-21T08:47:39","guid":{"rendered":"https:\/\/www.automakers.cz\/?p=15657"},"modified":"2025-08-21T08:48:58","modified_gmt":"2025-08-21T08:48:58","slug":"bluelink-store-s-digitalnimi-funkcemi-pro-hyundai-ioniq-9","status":"publish","type":"post","link":"https:\/\/www.automakers.cz\/?p=15657","title":{"rendered":"Bluelink Store s nov\u00fdmi digit\u00e1ln\u00edmi funkcemi pro Hyundai IONIQ 9"},"content":{"rendered":"<p><strong><b>Hyundai p\u0159edstavil mo\u017enosti individualizace a pro IONIQ 9 poprv\u00e9 nab\u00edz\u00ed t<\/b><\/strong><strong><b>\u0159<\/b><\/strong><strong><b>i exkluzivn\u00ed digit\u00e1ln\u00ed funkce prost<\/b><\/strong><strong><b>\u0159<\/b><\/strong><strong><b>ednictv\u00edm obchodu Bluelink Store v aplikaci Bluelink App. Slibuj\u00ed vizu\u00e1ln\u00ed motivy na displej\u00edch, dynamick\u00fd sv<\/b><\/strong><strong><b>\u011b<\/b><\/strong><strong><b>teln\u00fd design a virtu\u00e1ln<\/b><\/strong><strong><b>\u00ed<\/b><\/strong><strong><b>\u00a0<\/b><\/strong><strong><b>\u0159<\/b><\/strong><strong><b>azen\u00ed.<\/b><\/strong><!--more--><\/p>\n<p>IONIQ 9 je prvn\u00edm modelem zna\u010dky Hyundai, kter\u00fd disponuje mo\u017enost\u00ed dodate\u010dn\u00e9ho digit\u00e1ln\u00edho vylep\u0161ov\u00e1n\u00ed. Majitel\u00e9 d\u00edky tomu sv\u00e9 vozy mohou p\u0159izp\u016fsobit vlastn\u00edm p\u0159edstav\u00e1m. Funkce je sou\u010d\u00e1st\u00ed \u0161ir\u0161\u00ed strategie zna\u010dky Hyundai, kter\u00e1 spo\u010d\u00edv\u00e1 ve vylep\u0161ov\u00e1n\u00ed automobil\u016f\u00a0po celou dobu jejich \u017eivotnosti prost\u0159ednictv\u00edm bezdr\u00e1tov\u00fdch aktualizac\u00ed a roz\u0161\u00ed\u0159en\u00ed OTA (Over-the-Air). Z\u00e1kazn\u00edk\u016fm jsou tyto slu\u017eby k\u00a0dispozici v r\u00e1mci obchodu Bluelink Store, kde je ji\u017e mohou prozkoumat a p\u0159\u00edpadn\u011b\u00a0si je aktivovat podle sv\u00fdch pot\u0159eb.<\/p>\n<p>N\u00ed\u017ee popsan\u00e9 funkce ji\u017e byly uvedeny na 14 evropsk\u00fdch trh\u016f\u00a0v\u010detn\u011b \u010cesk\u00e9 republiky a v nadch\u00e1zej\u00edc\u00edch t\u00fddnech budou n\u00e1sledovat dal\u0161\u00ed regiony.<\/p>\n<h2><strong><b>T<\/b><\/strong><strong><b>\u0159<\/b><\/strong><strong><b>i nov\u00e9 funkce pro IONIQ 9<\/b><\/strong><\/h2>\n<ul>\n<li><b><\/b><strong><b>Grafick\u00e9 motivy:<\/b><\/strong>Displej p\u0159\u00edstrojov\u00e9ho \u0161t\u00edtu i dotykov\u00fd displej informa\u010dn\u00edho a z\u00e1bavn\u00edho syst\u00e9mu si lze p\u0159izp\u016fsobit bezplatn\u00fdmi motivy zobrazen\u00ed, kter\u00e9 zahrnuj\u00ed t\u00e9\u017e efektn\u00ed animace p\u0159i zapnut\u00ed nebo vypnut\u00ed vozu. V dob\u011b\u00a0uveden\u00ed funkce na trh jsou k dispozici dva motivy: Nature, klidn\u00fd design inspirovan\u00fd p\u0159\u00edrodou, a Pony, nostalgick\u00fd motiv na po\u010dest modelu Hyundai Pony z roku 1974, kter\u00fd byl navr\u017een italsk\u00fdm design\u00e9rem Giugiarem a stal se prvn\u00edm velkos\u00e9riov\u011b\u00a0vyr\u00e1b\u011bn\u00fdm vozem Hyundai.<\/li>\n<li><b><\/b><strong><b>Sv\u011bteln\u00fd design:<\/b><\/strong>Dynamick\u00e1 uv\u00edtac\u00ed sv\u011btla modelu IONIQ 9 p\u016fsobiv\u011b propojuj\u00ed techniku s designem. Odemknut\u00ed a uzam\u010den\u00ed vozu spust\u00ed d\u016fmyslnou sv\u011btelnou animaci p\u0159edn\u00edch a zadn\u00edch sv\u011btlomet\u016f, kter\u00e1 umocn\u00ed osobit\u00fd pr\u00e9miov\u00fd charakter vozu. Jeden sv\u011bteln\u00fd design je sou\u010d\u00e1st\u00ed standardn\u00ed v\u00fdbavy, dal\u0161\u00ed \u010dty\u0159i varianty lze zakoupit v obchod\u011b\u00a0Bluelink Store.<\/li>\n<li><b><\/b><strong><b>Virtu\u00e1ln\u00ed <\/b><\/strong><strong><b>\u0159<\/b><\/strong><strong><b>azen\u00ed:<\/b><\/strong>Funkce VGS (Virtual Gear Shift) v\u011brn\u011b\u00a0napodobuje pocit ze \u0159\u00edzen\u00ed auta se spalovac\u00edm motorem autentickou imitac\u00ed zvukov\u00e9ho projevu motoru a \u0159azen\u00ed p\u0159evodov\u00fdch stup\u0148\u016f. \u0158idi\u010d\u00a0d\u00edky tomu j\u00edzdu vn\u00edm\u00e1 jako dynami\u010dt\u011bj\u0161\u00ed a z\u00e1bavn\u011bj\u0161\u00ed. K\u00a0dispozici je v\u00fdhradn\u011b t\u011bm majitel\u016fm modelu IONIQ 9, kte\u0159\u00ed zvolili v\u016fz v\u00a0siln\u011bj\u0161\u00ed verzi Performance.<\/li>\n<\/ul>\n<p><img loading=\"lazy\" decoding=\"async\" class=\"alignnone size-medium wp-image-15663\" src=\"http:\/\/www.automakers.cz\/wp-content\/uploads\/2025\/08\/hyundai-ioniq-9-0725-display-96501-900x600.jpg\" alt=\"\" width=\"900\" height=\"600\" srcset=\"https:\/\/www.automakers.cz\/wp-content\/uploads\/2025\/08\/hyundai-ioniq-9-0725-display-96501-900x600.jpg 900w, https:\/\/www.automakers.cz\/wp-content\/uploads\/2025\/08\/hyundai-ioniq-9-0725-display-96501-1024x683.jpg 1024w, https:\/\/www.automakers.cz\/wp-content\/uploads\/2025\/08\/hyundai-ioniq-9-0725-display-96501-768x512.jpg 768w, https:\/\/www.automakers.cz\/wp-content\/uploads\/2025\/08\/hyundai-ioniq-9-0725-display-96501-1536x1024.jpg 1536w, https:\/\/www.automakers.cz\/wp-content\/uploads\/2025\/08\/hyundai-ioniq-9-0725-display-96501.jpg 1920w\" sizes=\"auto, (max-width: 900px) 100vw, 900px\" \/><strong><b>Prvn\u00ed f\u00e1ze uveden\u00ed na trh a budouc\u00ed pl\u00e1ny<\/b><\/strong><\/p>\n<p>Nov\u00e9 digit\u00e1ln\u00ed funkce jsou zpo\u010d\u00e1tku k dispozici v Rakousku, Belgii, \u010cesku, Francii, N\u011bmecku, na Islandu, v Irsku, It\u00e1lii, Lucembursku, Nizozem\u00ed, Norsku, Portugalsku, \u0160pan\u011blsku, na Slovensku, ve \u0160v\u00e9dsku a Velk\u00e9 Brit\u00e1nii. Dal\u0161\u00ed evropsk\u00e9 trhy budou n\u00e1sledovat. V prvn\u00ed f\u00e1zi uveden\u00ed na trh jsou c\u00edlovou skupinou majitel\u00e9 nov\u00e9ho modelu IONIQ 9, Hyundai nicm\u00e9n\u011b pl\u00e1nuje roz\u0161\u00ed\u0159en\u00ed t\u00e9to podpory i na dal\u0161\u00ed modely, kter\u00e9 budou postupn\u011b\u00a0p\u0159edstaveny.<\/p>\n<p>Marcus Welz, gener\u00e1ln\u00ed \u0159editel spole\u010dnosti Hyundai Connected Mobility, k tomu poznamenal: \u201eZaveden\u00edm digit\u00e1ln\u00edch funkc\u00ed a slu\u017eeb zvy\u0161ujeme p\u0159idanou hodnotu pro \u0159idi\u010de a cestuj\u00edc\u00ed, kte\u0159\u00ed\u00a0si budou moci u\u017e\u00edvat v\u00edce individualizovan\u00e9 z\u00e1\u017eitky po cel\u00fd \u017eivotn\u00ed cyklus vozu. Po\u017eitek z j\u00edzdy hodl\u00e1me pr\u016fb\u011b\u017en\u011b\u00a0vylep\u0161ovat v\u00fdvojem nov\u00fdch softwarov\u00fdch funkc\u00ed, kter\u00e9 lze v aut\u011b aktivovat prost\u0159ednictv\u00edm na\u0161eho obchodu Bluelink Store. Trojice nyn\u00ed uveden\u00fdch exkluzivn\u00edch funkc\u00ed je jen za\u010d\u00e1tkem portfolia, kter\u00e9 se bude rozr\u016fstat, a ji\u017e nyn\u00ed se nem\u016f\u017eeme do\u010dkat, a\u017e p\u0159edstav\u00edme dal\u0161\u00ed.\u201c<\/p>\n<p>Obchod Bluelink Store zna\u010dky Hyundai reprezentuje v\u00fdznamn\u00fd krok k poskytov\u00e1n\u00ed flexibiln\u00edch \u0159e\u0161en\u00ed zam\u011b\u0159en\u00fdch na z\u00e1kazn\u00edky. Hyundai prost\u0159ednictv\u00edm bezdr\u00e1tov\u00fdch aktualizac\u00ed OTA zaji\u0161\u0165uje, \u017ee vozy t\u00e9to zna\u010dky budou v\u017edy m\u00edt ty nejmodern\u011bj\u0161\u00ed technologie, kter\u00e9 reaguj\u00ed na m\u011bn\u00edc\u00ed se po\u017eadavky.<\/p>\n","protected":false},"excerpt":{"rendered":"<p>Hyundai p\u0159edstavil mo\u017enosti individualizace a pro IONIQ 9 poprv\u00e9 nab\u00edz\u00ed t\u0159i exkluzivn\u00ed digit\u00e1ln\u00ed funkce prost\u0159ednictv\u00edm&#8230;<\/p>\n","protected":false},"author":1,"featured_media":15660,"comment_status":"closed","ping_status":"closed","sticky":false,"template":"","format":"standard","meta":{"footnotes":""},"categories":[60,85],"tags":[],"class_list":["post-15657","post","type-post","status-publish","format-standard","has-post-thumbnail","hentry","category-software","category-vybava"],"_links":{"self":[{"href":"https:\/\/www.automakers.cz\/index.php?rest_route=\/wp\/v2\/posts\/15657","targetHints":{"allow":["GET"]}}],"collection":[{"href":"https:\/\/www.automakers.cz\/index.php?rest_route=\/wp\/v2\/posts"}],"about":[{"href":"https:\/\/www.automakers.cz\/index.php?rest_route=\/wp\/v2\/types\/post"}],"author":[{"embeddable":true,"href":"https:\/\/www.automakers.cz\/index.php?rest_route=\/wp\/v2\/users\/1"}],"replies":[{"embeddable":true,"href":"https:\/\/www.automakers.cz\/index.php?rest_route=%2Fwp%2Fv2%2Fcomments&post=15657"}],"version-history":[{"count":5,"href":"https:\/\/www.automakers.cz\/index.php?rest_route=\/wp\/v2\/posts\/15657\/revisions"}],"predecessor-version":[{"id":15665,"href":"https:\/\/www.automakers.cz\/index.php?rest_route=\/wp\/v2\/posts\/15657\/revisions\/15665"}],"wp:featuredmedia":[{"embeddable":true,"href":"https:\/\/www.automakers.cz\/index.php?rest_route=\/wp\/v2\/media\/15660"}],"wp:attachment":[{"href":"https:\/\/www.automakers.cz\/index.php?rest_route=%2Fwp%2Fv2%2Fmedia&parent=15657"}],"wp:term":[{"taxonomy":"category","embeddable":true,"href":"https:\/\/www.automakers.cz\/index.php?rest_route=%2Fwp%2Fv2%2Fcategories&post=15657"},{"taxonomy":"post_tag","embeddable":true,"href":"https:\/\/www.automakers.cz\/index.php?rest_route=%2Fwp%2Fv2%2Ftags&post=15657"}],"curies":[{"name":"wp","href":"https:\/\/api.w.org\/{rel}","templated":true}]}}