{"id":15678,"date":"2025-08-22T05:56:35","date_gmt":"2025-08-22T05:56:35","guid":{"rendered":"https:\/\/www.automakers.cz\/?p=15678"},"modified":"2025-08-22T05:56:35","modified_gmt":"2025-08-22T05:56:35","slug":"skladon-vymenil-reditele-logistiky","status":"publish","type":"post","link":"https:\/\/www.automakers.cz\/?p=15678","title":{"rendered":"Skladon vym\u011bnil \u0159editele logistiky"},"content":{"rendered":"<p><strong>Fulfillmentov\u00e1 spole\u010dnost Skladon jmenovala nov\u00e9ho \u0159editele logistiky (CLO). Od srpna 2025 tuto pozici zast\u00e1v\u00e1 Martin Pun\u010doch\u00e1\u0159 (33), kter\u00fd do firmy p\u0159ich\u00e1z\u00ed ze spole\u010dnosti Sportisimo, kde p\u016fsobil jako mana\u017eer logistiky. <\/strong><!--more--><\/p>\n<p>Ve Skladonu je Martin Pun\u010doch\u00e1\u0159 nov\u011b zodpov\u011bdn\u00fd za strategick\u00e9 i provozn\u00ed \u0159\u00edzen\u00ed cel\u00e9ho logistick\u00e9ho odd\u011blen\u00ed, nastavov\u00e1n\u00ed proces\u016f nebo za p\u0159\u00edpravu na nadch\u00e1zej\u00edc\u00ed logistickou sez\u00f3nu. Na t\u00e9to pozici nahrazuje Maxe Kov\u00e1\u0159e, jen\u017e \u0159\u00eddil logistiku Skladonu od roku 2019.<\/p>\n<p><strong>Zku\u0161enosti z logistiky a veden\u00ed velk\u00fdch t\u00fdm\u016f<\/strong><\/p>\n<p>Pun\u010doch\u00e1\u0159 m\u00e1 za sebou v\u00edce ne\u017e desetiletou zku\u0161enost v oboru. Do logistiky vstoupil hned na za\u010d\u00e1tku sv\u00e9 kari\u00e9ry, kdy podnikal v autodoprav\u011b. Dal\u0161\u00ed profesn\u00ed zku\u0161enosti z\u00edskal v DHL, kde se v\u011bnoval \u0159\u00edzen\u00ed skladov\u00fdch proces\u016f a veden\u00ed t\u00fdm\u016f.<\/p>\n<p>Nejv\u00fdrazn\u011bji v\u0161ak Martina Pun\u010doch\u00e1\u0159e profesn\u011b formovalo p\u016fsoben\u00ed ve Sportisimu, kdy\u017e zast\u00e1val pozici Operational Logistic Managera. V t\u00e9to roli vedl ve \u0161pi\u010dce a\u017e 600\u010dlenn\u00fd t\u00fdm a nesl odpov\u011bdnost za kompletn\u00ed provoz a chod distribu\u010dn\u00edho centra. Za sv\u00e9 nejv\u011bt\u0161\u00ed \u00fasp\u011bchy pova\u017euje zejm\u00e9na zvl\u00e1dnut\u00ed rekordn\u00edch objem\u016f objedn\u00e1vek p\u0159i zachov\u00e1n\u00ed vysok\u00e9 \u00farovn\u011b SLA, nastaven\u00ed proces\u016f vedouc\u00edch k r\u016fstu efektivity a sn\u00ed\u017een\u00ed chybovosti, a tak\u00e9 vybudov\u00e1n\u00ed stabiln\u00edho a samostatn\u011b funguj\u00edc\u00edho t\u00fdmu i v t\u011bch nejn\u00e1ro\u010dn\u011bj\u0161\u00edch obdob\u00edch roku.<\/p>\n<p><img loading=\"lazy\" decoding=\"async\" class=\"alignnone wp-image-15681\" src=\"http:\/\/www.automakers.cz\/wp-content\/uploads\/2025\/08\/Skladovani_12-small-2-900x600.jpg\" alt=\"\" width=\"974\" height=\"649\" srcset=\"https:\/\/www.automakers.cz\/wp-content\/uploads\/2025\/08\/Skladovani_12-small-2-900x600.jpg 900w, https:\/\/www.automakers.cz\/wp-content\/uploads\/2025\/08\/Skladovani_12-small-2-1024x682.jpg 1024w, https:\/\/www.automakers.cz\/wp-content\/uploads\/2025\/08\/Skladovani_12-small-2-768x512.jpg 768w, https:\/\/www.automakers.cz\/wp-content\/uploads\/2025\/08\/Skladovani_12-small-2-1536x1024.jpg 1536w, https:\/\/www.automakers.cz\/wp-content\/uploads\/2025\/08\/Skladovani_12-small-2.jpg 2000w\" sizes=\"auto, (max-width: 974px) 100vw, 974px\" \/><\/p>\n<p><strong>Zefektivn\u011bn\u00ed provozu a digitalizace jako kl\u00ed\u010dov\u00e9 pil\u00ed\u0159e rozvoje Skladonu<\/strong><\/p>\n<p>Ve Skladonu se chce v kr\u00e1tkodob\u00e9m horizontu zam\u011b\u0159it na stabilizaci a zefektivn\u011bn\u00ed ka\u017edodenn\u00edch proces\u016f. D\u00e1le pl\u00e1nuje rozvoj digitalizace a automatizace provozn\u00edch operac\u00ed s c\u00edlem zv\u00fd\u0161it flexibilitu i efektivitu logistick\u00e9ho odd\u011blen\u00ed. Jeho dlouhodobou viz\u00ed je upevnit pozici Skladonu mezi p\u0159edn\u00edmi poskytovateli fulfillmentu ve st\u0159edn\u00ed Evrop\u011b a posilovat spolehlivost i kvalitu slu\u017eeb pro klienty.<\/p>\n<p>\u201eT\u011b\u0161\u00edm se na dynamick\u00e9 prost\u0159ed\u00ed a t\u00fdm lid\u00ed, kte\u0159\u00ed maj\u00ed chu\u0165 posouvat hranice logistiky. V\u00fdzvou je pro m\u011b to, \u017ee Skladon proch\u00e1z\u00ed intenzivn\u00edmi zm\u011bnami \u2013 mou rol\u00ed bude jeho sm\u011b\u0159ov\u00e1n\u00ed ke stabiln\u00edmu fungov\u00e1n\u00ed a dlouhodob\u011b udr\u017eiteln\u00e9mu r\u016fstu. Beru to jako p\u0159\u00edle\u017eitost vyu\u017e\u00edt sv\u00e9 dosavadn\u00ed zku\u0161enosti a p\u0159in\u00e9st hodnotu v obdob\u00ed, kdy se rozhoduje o dal\u0161\u00edm v\u00fdvoji spole\u010dnosti,\u201c \u0159\u00edk\u00e1 Martin Pun\u010doch\u00e1\u0159, nov\u00fd \u0159editel logistiky Skladonu.<\/p>\n<p>Mimo pracovn\u00ed oblast se Pun\u010doch\u00e1\u0159 v\u011bnuje rodin\u011b \u2013 je \u010derstv\u00fdm otcem. Ve voln\u00e9m \u010dase r\u00e1d pracuje se d\u0159evem, jezd\u00ed na motorce, podnik\u00e1 vysokohorsk\u00e9 t\u00fary a obecn\u011b jej bav\u00ed sport nebo aktivn\u00ed odpo\u010dinek.<\/p>\n<p><img loading=\"lazy\" decoding=\"async\" class=\"alignnone wp-image-15682\" src=\"http:\/\/www.automakers.cz\/wp-content\/uploads\/2025\/08\/Skladovani_8-small-3-900x600.jpg\" alt=\"\" width=\"992\" height=\"661\" srcset=\"https:\/\/www.automakers.cz\/wp-content\/uploads\/2025\/08\/Skladovani_8-small-3-900x600.jpg 900w, https:\/\/www.automakers.cz\/wp-content\/uploads\/2025\/08\/Skladovani_8-small-3-1024x682.jpg 1024w, https:\/\/www.automakers.cz\/wp-content\/uploads\/2025\/08\/Skladovani_8-small-3-768x512.jpg 768w, https:\/\/www.automakers.cz\/wp-content\/uploads\/2025\/08\/Skladovani_8-small-3-1536x1024.jpg 1536w, https:\/\/www.automakers.cz\/wp-content\/uploads\/2025\/08\/Skladovani_8-small-3.jpg 2000w\" sizes=\"auto, (max-width: 992px) 100vw, 992px\" \/><\/p>\n","protected":false},"excerpt":{"rendered":"<p>Fulfillmentov\u00e1 spole\u010dnost Skladon jmenovala nov\u00e9ho \u0159editele logistiky (CLO). Od srpna 2025 tuto pozici zast\u00e1v\u00e1 Martin&#8230;<\/p>\n","protected":false},"author":2,"featured_media":15679,"comment_status":"closed","ping_status":"closed","sticky":false,"template":"","format":"standard","meta":{"footnotes":""},"categories":[43,6,5],"tags":[],"class_list":["post-15678","post","type-post","status-publish","format-standard","has-post-thumbnail","hentry","category-logistika","category-management","category-personalie"],"_links":{"self":[{"href":"https:\/\/www.automakers.cz\/index.php?rest_route=\/wp\/v2\/posts\/15678","targetHints":{"allow":["GET"]}}],"collection":[{"href":"https:\/\/www.automakers.cz\/index.php?rest_route=\/wp\/v2\/posts"}],"about":[{"href":"https:\/\/www.automakers.cz\/index.php?rest_route=\/wp\/v2\/types\/post"}],"author":[{"embeddable":true,"href":"https:\/\/www.automakers.cz\/index.php?rest_route=\/wp\/v2\/users\/2"}],"replies":[{"embeddable":true,"href":"https:\/\/www.automakers.cz\/index.php?rest_route=%2Fwp%2Fv2%2Fcomments&post=15678"}],"version-history":[{"count":4,"href":"https:\/\/www.automakers.cz\/index.php?rest_route=\/wp\/v2\/posts\/15678\/revisions"}],"predecessor-version":[{"id":15687,"href":"https:\/\/www.automakers.cz\/index.php?rest_route=\/wp\/v2\/posts\/15678\/revisions\/15687"}],"wp:featuredmedia":[{"embeddable":true,"href":"https:\/\/www.automakers.cz\/index.php?rest_route=\/wp\/v2\/media\/15679"}],"wp:attachment":[{"href":"https:\/\/www.automakers.cz\/index.php?rest_route=%2Fwp%2Fv2%2Fmedia&parent=15678"}],"wp:term":[{"taxonomy":"category","embeddable":true,"href":"https:\/\/www.automakers.cz\/index.php?rest_route=%2Fwp%2Fv2%2Fcategories&post=15678"},{"taxonomy":"post_tag","embeddable":true,"href":"https:\/\/www.automakers.cz\/index.php?rest_route=%2Fwp%2Fv2%2Ftags&post=15678"}],"curies":[{"name":"wp","href":"https:\/\/api.w.org\/{rel}","templated":true}]}}