{"id":15699,"date":"2025-08-24T21:10:52","date_gmt":"2025-08-24T21:10:52","guid":{"rendered":"https:\/\/www.automakers.cz\/?p=15699"},"modified":"2025-08-24T21:10:52","modified_gmt":"2025-08-24T21:10:52","slug":"kopecka-v-agenture-msl-czech-republic","status":"publish","type":"post","link":"https:\/\/www.automakers.cz\/?p=15699","title":{"rendered":"Kopeck\u00e1 v agentu\u0159e MSL Czech Republic"},"content":{"rendered":"<p><strong>Petra Kopeck\u00e1, kterou jsme v minulosti potk\u00e1vali mimo jin\u00e9 jako PR mana\u017eerku Raiffeisenbank, nastoupila do PR agentury MSL Czech Republic. V roli Head of Corporate PR povede t\u00fdm, kter\u00fd se prim\u00e1rn\u011b zam\u011b\u0159uje na budov\u00e1n\u00ed firemn\u00ed reputace pro klienty z oblast\u00ed financ\u00ed, technologi\u00ed \u010di FMCG. <\/strong><!--more--><\/p>\n<p>Kopeck\u00e1 v minulosti pracovala krom\u011b anga\u017em\u00e1 v Raiffiesenbank tak\u00e9 pro <strong>GE Capital, Mediclinic<\/strong>\u00a0nebo\u00a0<strong>Aliatel<\/strong>. Jako konzultantka se v\u011bnovala nap\u0159\u00edklad klient\u016fm jako Jet Investment, Tescoma, Planeo, Home Credit, Komer\u010dn\u00ed banka, Schneider Electric, <strong>Citro\u00ebn<\/strong> a mnoha dal\u0161\u00edm.<\/p>\n<p>B\u011bhem sv\u00e9 dosavadn\u00ed kari\u00e9ry v komunika\u010dn\u00ed oblasti z\u00edskala tak\u00e9 n\u011bkolik oborov\u00fdch cen. Jsou mezi nimi dva zlat\u00ed Lemu\u0159i (\u010cesk\u00e1 cena za PR) a 1. m\u00edsto na Zlat\u00e9m st\u0159edn\u00edku za projekt <strong>Open for Opera. <\/strong><\/p>\n<p>Za tent\u00fd\u017e projekt tak\u00e9 vyhr\u00e1la 1. m\u00edsto v kategorii CSR project of the Year v r\u00e1mci IPRN \u2013<strong> International Public Relations Network<\/strong>. Ve voln\u00e9m \u010dase se v\u011bnuje Home-stagingu.<\/p>\n<figure id=\"attachment_15704\" aria-describedby=\"caption-attachment-15704\" style=\"width: 700px\" class=\"wp-caption alignnone\"><img loading=\"lazy\" decoding=\"async\" class=\"size-full wp-image-15704\" src=\"http:\/\/www.automakers.cz\/wp-content\/uploads\/2025\/08\/petra-kopecka-msl-czech-republic-publicis-groupe-2.jpg\" alt=\"\" width=\"700\" height=\"530\" \/><figcaption id=\"caption-attachment-15704\" class=\"wp-caption-text\"><strong>Petra Kopeck\u00e1; FOTO: MSL<\/strong><\/figcaption><\/figure>\n<p><strong>Zdroj: mediaguru.cz<\/strong><\/p>\n","protected":false},"excerpt":{"rendered":"<p>Petra Kopeck\u00e1, kterou jsme v minulosti potk\u00e1vali mimo jin\u00e9 jako PR mana\u017eerku Raiffeisenbank, nastoupila do&#8230;<\/p>\n","protected":false},"author":1,"featured_media":15703,"comment_status":"closed","ping_status":"closed","sticky":false,"template":"","format":"standard","meta":{"footnotes":""},"categories":[7,5,21],"tags":[],"class_list":["post-15699","post","type-post","status-publish","format-standard","has-post-thumbnail","hentry","category-kariera","category-personalie","category-pr"],"_links":{"self":[{"href":"https:\/\/www.automakers.cz\/index.php?rest_route=\/wp\/v2\/posts\/15699","targetHints":{"allow":["GET"]}}],"collection":[{"href":"https:\/\/www.automakers.cz\/index.php?rest_route=\/wp\/v2\/posts"}],"about":[{"href":"https:\/\/www.automakers.cz\/index.php?rest_route=\/wp\/v2\/types\/post"}],"author":[{"embeddable":true,"href":"https:\/\/www.automakers.cz\/index.php?rest_route=\/wp\/v2\/users\/1"}],"replies":[{"embeddable":true,"href":"https:\/\/www.automakers.cz\/index.php?rest_route=%2Fwp%2Fv2%2Fcomments&post=15699"}],"version-history":[{"count":5,"href":"https:\/\/www.automakers.cz\/index.php?rest_route=\/wp\/v2\/posts\/15699\/revisions"}],"predecessor-version":[{"id":15706,"href":"https:\/\/www.automakers.cz\/index.php?rest_route=\/wp\/v2\/posts\/15699\/revisions\/15706"}],"wp:featuredmedia":[{"embeddable":true,"href":"https:\/\/www.automakers.cz\/index.php?rest_route=\/wp\/v2\/media\/15703"}],"wp:attachment":[{"href":"https:\/\/www.automakers.cz\/index.php?rest_route=%2Fwp%2Fv2%2Fmedia&parent=15699"}],"wp:term":[{"taxonomy":"category","embeddable":true,"href":"https:\/\/www.automakers.cz\/index.php?rest_route=%2Fwp%2Fv2%2Fcategories&post=15699"},{"taxonomy":"post_tag","embeddable":true,"href":"https:\/\/www.automakers.cz\/index.php?rest_route=%2Fwp%2Fv2%2Ftags&post=15699"}],"curies":[{"name":"wp","href":"https:\/\/api.w.org\/{rel}","templated":true}]}}