{"id":15715,"date":"2025-08-25T05:50:24","date_gmt":"2025-08-25T05:50:24","guid":{"rendered":"https:\/\/www.automakers.cz\/?p=15715"},"modified":"2025-08-25T06:23:38","modified_gmt":"2025-08-25T06:23:38","slug":"tatra-chce-vyrabet-3000-aut-rocne","status":"publish","type":"post","link":"https:\/\/www.automakers.cz\/?p=15715","title":{"rendered":"Tatra chce vyr\u00e1b\u011bt 3000 aut ro\u010dn\u011b"},"content":{"rendered":"<p><strong><span style=\"color: #000000;\"><span style=\"font-family: Times New Roman, serif;\">Zv\u00fd\u0161en\u00e1 popt\u00e1vka arm\u00e1d po n\u00e1kladn\u00edch automobilech p\u0159im\u011bla <\/span><\/span><span style=\"color: #000000;\"><span style=\"font-family: Times New Roman, serif;\">Tatr<\/span><\/span><span style=\"color: #000000;\"><span style=\"font-family: Times New Roman, serif;\">u <\/span><\/span><span style=\"color: #000000;\"><span style=\"font-family: Times New Roman, serif;\">Trucks <\/span><\/span><span style=\"color: #000000;\"><span style=\"font-family: Times New Roman, serif;\">nachystat <\/span><\/span><span style=\"color: #000000;\"><span style=\"font-family: Times New Roman, serif;\">nejv\u011bt\u0161\u00ed investi\u010dn\u00ed program v <\/span><\/span><span style=\"color: #000000;\"><span style=\"font-family: Times New Roman, serif;\">jej\u00ed <\/span><\/span><span style=\"color: #000000;\"><span style=\"font-family: Times New Roman, serif;\">novodob\u00e9 historii. C\u00edlem je zv\u00fd\u0161it v\u00fdrobn\u00ed kapacitu a\u017e na 3000 vozidel ro\u010dn\u011b. Investice budou financov\u00e1ny kombinac\u00ed bankovn\u00edch \u00fav\u011br\u016f, st\u00e1tn\u00edch dotac\u00ed a nav\u00fd\u0161en\u00edm z\u00e1kladn\u00edho kapit\u00e1lu, p\u00ed\u0161e t\u00fdden\u00edk EURO.<\/span><\/span><\/strong><!--more--><\/p>\n<p><span style=\"color: #000000;\"><span style=\"font-family: Times New Roman, serif;\">S pl\u00e1nem na investice p\u0159i\u0161el m<\/span><\/span><span style=\"color: #000000;\"><span style=\"font-family: Times New Roman, serif;\">anagement <\/span><\/span><span style=\"color: #000000;\"><span style=\"font-family: Times New Roman, serif;\">automobilky<\/span><\/span><span style=\"color: #000000;\"><span style=\"font-family: Times New Roman, serif;\"> pod veden\u00edm gener\u00e1ln\u00edho \u0159editele Kristijana Fiketa. <\/span><\/span><span style=\"color: #000000;\"><span style=\"font-family: Times New Roman, serif;\">Chce proinvestovat celkem <\/span><\/span><span style=\"color: #000000;\"><span style=\"font-family: Times New Roman, serif;\">p\u0159es 7,3 miliardy korun, z toho 4,9 miliardy korun pro <\/span><\/span><span style=\"color: #000000;\"><span style=\"font-family: Times New Roman, serif;\">Tat<\/span><\/span><span style=\"color: #000000;\"><span style=\"font-family: Times New Roman, serif;\">ru <\/span><\/span><span style=\"color: #000000;\"><span style=\"font-family: Times New Roman, serif;\">Trucks. a 2,5 miliardy korun na ekologizaci dce\u0159in\u00e9 spole\u010dnosti <\/span><\/span><span style=\"color: #000000;\"><span style=\"font-family: Times New Roman, serif;\">Tatra <\/span><\/span><span style=\"color: #000000;\"><span style=\"font-family: Times New Roman, serif;\">Metalurgie. Tyto prost\u0159edky umo\u017en\u00ed modernizaci v\u00fdrobn\u00edch technologi\u00ed, digitalizaci proces\u016f, v\u00fdstavbu nov\u00e9 v\u00fdrobn\u00ed haly a centr\u00e1ln\u00edho logistick\u00e9ho skladu a zajist\u00ed udr\u017eiteln\u00fd rozvoj sl\u00e9v\u00e1rny a kov\u00e1ren. <\/span><\/span><\/p>\n<figure id=\"attachment_13196\" aria-describedby=\"caption-attachment-13196\" style=\"width: 900px\" class=\"wp-caption alignnone\"><img loading=\"lazy\" decoding=\"async\" class=\"size-medium wp-image-13196\" src=\"http:\/\/www.automakers.cz\/wp-content\/uploads\/2025\/05\/tatra-2024-force-phoenix-900x446.jpg\" alt=\"\" width=\"900\" height=\"446\" srcset=\"https:\/\/www.automakers.cz\/wp-content\/uploads\/2025\/05\/tatra-2024-force-phoenix-900x446.jpg 900w, https:\/\/www.automakers.cz\/wp-content\/uploads\/2025\/05\/tatra-2024-force-phoenix-1024x507.jpg 1024w, https:\/\/www.automakers.cz\/wp-content\/uploads\/2025\/05\/tatra-2024-force-phoenix-768x380.jpg 768w, https:\/\/www.automakers.cz\/wp-content\/uploads\/2025\/05\/tatra-2024-force-phoenix.jpg 1200w\" sizes=\"auto, (max-width: 900px) 100vw, 900px\" \/><figcaption id=\"caption-attachment-13196\" class=\"wp-caption-text\">Foto: Tatra<\/figcaption><\/figure>\n<p><span style=\"color: #000000;\"><span style=\"font-family: Times New Roman, serif;\">Investi\u010dn\u00ed program bude financov\u00e1n z n\u011bkolika zdroj\u016f:\u00a0Bankovn\u00ed \u00fav\u011bry a intern\u00ed zdroje\u00a0pokryj\u00ed 3,3 miliardy korun.\u00a0Dotace\u00a0pokryj\u00ed 1,3 miliardy korun na ekologizaci sl\u00e9v\u00e1rny a kov\u00e1rny v r\u00e1mci\u00a0<\/span><\/span><em><span style=\"color: #000000;\"><span style=\"font-family: Times New Roman, serif;\">Tatr<\/span><\/span><\/em><em><span style=\"color: #000000;\"><span style=\"font-family: Times New Roman, serif;\">y <\/span><\/span><\/em><span style=\"color: #000000;\"><span style=\"font-family: Times New Roman, serif;\">Metalurgie, co\u017e p\u0159edstavuje 54 % n\u00e1klad\u016f t\u00e9to investice.\u00a0Nav\u00fd\u0161en\u00ed z\u00e1kladn\u00edho kapit\u00e1lu\u00a0p\u0159inese pro spole\u010dnosti\u00a0<\/span><\/span><em><span style=\"color: #000000;\"><span style=\"font-family: Times New Roman, serif;\">Tatra <\/span><\/span><\/em><span style=\"color: #000000;\"><span style=\"font-family: Times New Roman, serif;\">Trucks a\u00a0<\/span><\/span><em><span style=\"color: #000000;\"><span style=\"font-family: Times New Roman, serif;\">Tatra<\/span><\/span><\/em><span style=\"color: #000000;\"><span style=\"font-family: Times New Roman, serif;\">\u00a0Metalurgie dal\u0161\u00edch 2,7 miliardy korun. Investice <\/span><\/span><span style=\"color: #000000;\"><span style=\"font-family: Times New Roman, serif;\">m\u00e1 <\/span><\/span><span style=\"color: #000000;\"><span style=\"font-family: Times New Roman, serif;\">umo\u017en<\/span><\/span><span style=\"color: #000000;\"><span style=\"font-family: Times New Roman, serif;\">it<\/span><\/span><span style=\"color: #000000;\"><span style=\"font-family: Times New Roman, serif;\"> n\u00e1r\u016fst produkce z\u00a0\u00farovn\u011b 1548 vozidel vyroben\u00fdch v roce 2024 a\u017e na po\u010det 3000 vozidel ro\u010dn\u011b s ambic\u00ed dal\u0161\u00edho r\u016fstu. P\u0159inesou tak\u00e9 potenci\u00e1l nav\u00fd\u0161en\u00ed tr\u017eeb oproti roku 2024 o t\u00e9m\u011b\u0159 100 procent do roku 2030 a je\u0161t\u011b v\u00fdznamn\u011bji ovlivn\u00ed ukazatel EBITDA, kter\u00e1 m\u00e1 <\/span><\/span><span style=\"color: #000000;\"><span style=\"font-family: Times New Roman, serif;\">podle veden\u00ed automobilky <\/span><\/span><span style=\"color: #000000;\"><span style=\"font-family: Times New Roman, serif;\">do roku 2030 potenci\u00e1l vzr\u016fst tak\u0159ka trojn\u00e1sobn\u011b.<\/span><\/span><\/p>\n<p><strong>Zdroj: T\u00fdden\u00edk Euro<\/strong><\/p>\n<p><img loading=\"lazy\" decoding=\"async\" class=\"alignnone size-medium wp-image-15718\" src=\"http:\/\/www.automakers.cz\/wp-content\/uploads\/2025\/08\/Euro-Tatra-stranka-e1756103003768-670x900.jpg\" alt=\"\" width=\"670\" height=\"900\" srcset=\"https:\/\/www.automakers.cz\/wp-content\/uploads\/2025\/08\/Euro-Tatra-stranka-e1756103003768-670x900.jpg 670w, https:\/\/www.automakers.cz\/wp-content\/uploads\/2025\/08\/Euro-Tatra-stranka-e1756103003768-762x1024.jpg 762w, https:\/\/www.automakers.cz\/wp-content\/uploads\/2025\/08\/Euro-Tatra-stranka-e1756103003768-768x1032.jpg 768w, https:\/\/www.automakers.cz\/wp-content\/uploads\/2025\/08\/Euro-Tatra-stranka-e1756103003768-1143x1536.jpg 1143w, https:\/\/www.automakers.cz\/wp-content\/uploads\/2025\/08\/Euro-Tatra-stranka-e1756103003768-1024x1376.jpg 1024w, https:\/\/www.automakers.cz\/wp-content\/uploads\/2025\/08\/Euro-Tatra-stranka-e1756103003768.jpg 1494w\" sizes=\"auto, (max-width: 670px) 100vw, 670px\" \/><\/p>\n","protected":false},"excerpt":{"rendered":"<p>Zv\u00fd\u0161en\u00e1 popt\u00e1vka arm\u00e1d po n\u00e1kladn\u00edch automobilech p\u0159im\u011bla Tatru Trucks nachystat nejv\u011bt\u0161\u00ed investi\u010dn\u00ed program v jej\u00ed&#8230;<\/p>\n","protected":false},"author":1,"featured_media":1930,"comment_status":"closed","ping_status":"closed","sticky":false,"template":"","format":"standard","meta":{"footnotes":""},"categories":[3,18],"tags":[],"class_list":["post-15715","post","type-post","status-publish","format-standard","has-post-thumbnail","hentry","category-investice","category-vyroba"],"_links":{"self":[{"href":"https:\/\/www.automakers.cz\/index.php?rest_route=\/wp\/v2\/posts\/15715","targetHints":{"allow":["GET"]}}],"collection":[{"href":"https:\/\/www.automakers.cz\/index.php?rest_route=\/wp\/v2\/posts"}],"about":[{"href":"https:\/\/www.automakers.cz\/index.php?rest_route=\/wp\/v2\/types\/post"}],"author":[{"embeddable":true,"href":"https:\/\/www.automakers.cz\/index.php?rest_route=\/wp\/v2\/users\/1"}],"replies":[{"embeddable":true,"href":"https:\/\/www.automakers.cz\/index.php?rest_route=%2Fwp%2Fv2%2Fcomments&post=15715"}],"version-history":[{"count":2,"href":"https:\/\/www.automakers.cz\/index.php?rest_route=\/wp\/v2\/posts\/15715\/revisions"}],"predecessor-version":[{"id":15719,"href":"https:\/\/www.automakers.cz\/index.php?rest_route=\/wp\/v2\/posts\/15715\/revisions\/15719"}],"wp:featuredmedia":[{"embeddable":true,"href":"https:\/\/www.automakers.cz\/index.php?rest_route=\/wp\/v2\/media\/1930"}],"wp:attachment":[{"href":"https:\/\/www.automakers.cz\/index.php?rest_route=%2Fwp%2Fv2%2Fmedia&parent=15715"}],"wp:term":[{"taxonomy":"category","embeddable":true,"href":"https:\/\/www.automakers.cz\/index.php?rest_route=%2Fwp%2Fv2%2Fcategories&post=15715"},{"taxonomy":"post_tag","embeddable":true,"href":"https:\/\/www.automakers.cz\/index.php?rest_route=%2Fwp%2Fv2%2Ftags&post=15715"}],"curies":[{"name":"wp","href":"https:\/\/api.w.org\/{rel}","templated":true}]}}