{"id":15730,"date":"2025-08-25T10:22:27","date_gmt":"2025-08-25T10:22:27","guid":{"rendered":"https:\/\/www.automakers.cz\/?p=15730"},"modified":"2025-08-25T10:22:27","modified_gmt":"2025-08-25T10:22:27","slug":"prague-harley-days-opet-na-konci-srpna","status":"publish","type":"post","link":"https:\/\/www.automakers.cz\/?p=15730","title":{"rendered":"Prague Harley Days op\u011bt na konci srpna"},"content":{"rendered":"<p><strong>Po roce tu jsou op\u011bt PRAGUE HARLEY DAYS! Akce v duchu motocykl\u016f, p\u0159ev\u00e1\u017en\u011b Harley\u016f, ale i dal\u0161\u00edch stroj\u016f, adrenalinu, hudby, j\u00eddla a z\u00e1bavy, ka\u017edoro\u010dn\u011b op\u011bt zakon\u010d\u00ed l\u00e9to. Letos se akce kon\u00e1 v p\u00e1tek a sobotu, 29. a 30. srpna na Hole\u0161ovick\u00e9m V\u00fdstavi\u0161ti. <\/strong><!--more--><\/p>\n<p><strong>Nabit\u00fd program pro celou rodinu<\/strong><\/p>\n<p>Na Prague Harley Days je p\u0159ipraven nabit\u00fd program, kter\u00fd bude bavit celou rodinu, v\u010detn\u011b t\u011bch nejmen\u0161\u00edch. Dvoudenn\u00ed akce nadchne nejen motork\u00e1\u0159e, ale i rodiny s d\u011btmi, teenagery, maminky a v\u0161echny, kte\u0159\u00ed hledaj\u00ed neokoukanou z\u00e1bavu, bez ohledu na to, zda jezd\u00ed na motorce anebo na akci p\u0159i\u0161li p\u011b\u0161ky, \u0161li n\u00e1hodou kolem nebo dojeli t\u0159eba tramvaj\u00ed.<\/p>\n<p>V programu nechyb\u00ed koncerty, \u017eiv\u00e1 hudba nebo trochu adrenalinu a pod\u00edvan\u00e1, p\u0159i n\u00ed\u017e bude doslova tuhnout krev v \u017eil\u00e1ch \u2013 na programu jsou toti\u017e exhibice ve freestyle motokrosu pod veden\u00edm Petra \u201ePiln\u00edka\u201c Pil\u00e1ta, v\u010detn\u011b ve\u010dern\u00ed show.<\/p>\n<p>Po cel\u00e9 dva dny se mohou n\u00e1v\u0161t\u011bvn\u00edci t\u011b\u0161it i na j\u00eddlo, nesouc\u00ed se v duchu grilovan\u00ed a oslavy p\u0159\u00edpravy pokrm\u016f ohn\u011bm a kou\u0159em pod \u0161ir\u00fdm nebem a pochopiteln\u011b i alko a nealko drinky. Na sv\u00e9 si p\u0159ijdou nejen milovnic\u00ed masa, ale i vyznava\u010di vegetari\u00e1nsk\u00e9 a vegansk\u00e9 kuchyn\u011b a street foodu.<\/p>\n<p>Zapomenuto nebude ani na d\u011bti! Pro n\u011b bude p\u0159ipravena family z\u00f3ny se z\u00e1bavou a workshopy pro nejmen\u0161\u00ed, a hlavn\u011b leto\u0161n\u00ed nejv\u011bt\u0161\u00ed pecka! D\u011btsk\u00e1 spanil\u00e1 j\u00edzda Stromovkou! T\u00e9 se bude moci z\u00fa\u010dastnit jak\u00e9koli d\u00edt\u011b do 15 let, kter\u00e9 doraz\u00ed na kole, kolob\u011b\u017ece, odr\u00e1\u017eedle, t\u0159\u00edkolce nebo t\u0159eba i na skatu \u010di kole\u010dkov\u00fdch brusl\u00edch.<\/p>\n<p><img loading=\"lazy\" decoding=\"async\" class=\"alignnone size-medium wp-image-15734\" src=\"http:\/\/www.automakers.cz\/wp-content\/uploads\/2025\/08\/Prague-Harley-Days-900x600.jpg\" alt=\"\" width=\"900\" height=\"600\" srcset=\"https:\/\/www.automakers.cz\/wp-content\/uploads\/2025\/08\/Prague-Harley-Days-900x600.jpg 900w, https:\/\/www.automakers.cz\/wp-content\/uploads\/2025\/08\/Prague-Harley-Days-768x512.jpg 768w, https:\/\/www.automakers.cz\/wp-content\/uploads\/2025\/08\/Prague-Harley-Days.jpg 1024w\" sizes=\"auto, (max-width: 900px) 100vw, 900px\" \/><\/p>\n<p><strong>Spanil\u00e1 j\u00edzda \u2013 hit pro motork\u00e1\u0159e i pod\u00edvan\u00e1 pro Pra\u017eany<\/strong><\/p>\n<p>Nejv\u011bt\u0161\u00edm hitem Prague Harley Days bude i letos jednozna\u010dn\u011b spanil\u00e1 j\u00edzda! Na \u201espanilku\u201c se ka\u017edoro\u010dn\u011b nejv\u00edc t\u011b\u0161\u00ed jezdci, kte\u0159\u00ed se j\u00ed aktivn\u011b \u00fa\u010dastn\u00ed a u\u017eij\u00ed si j\u00edzdu od Hole\u0161ovick\u00e9ho V\u00fdstavi\u0161t\u011b do historick\u00e9ho centra Prahy a zp\u011bt. Ne nadarmo na n\u00ed ka\u017edoro\u010dn\u011b doraz\u00ed nap\u0159\u00edklad i z Anglie, Rakouska, N\u011bmecka, Francie, ale t\u0159eba i z USA, Mexika nebo Nov\u00e9ho Z\u00e9landu.<\/p>\n<p>Spanil\u00e1 j\u00edzda ale \u010d\u00edm d\u00e1l v\u00edce bav\u00ed i n\u00e1hodn\u00e9 kolemjdouc\u00ed, turisty nebo Pra\u017eany, kte\u0159\u00ed ji maj\u00ed jako skv\u011bl\u00e9 zpest\u0159en\u00ed. P\u0159ece jen, kolona 800 motocykl\u016f, a to nejen Harley\u016f, nejr\u016fzn\u011bj\u0161\u00edch styl\u016f, kubatur a \u00faprav, kter\u00e1 v jeden moment projede ulicemi Prahy je z\u00e1\u017eitek k nepops\u00e1n\u00ed.<\/p>\n<p><img loading=\"lazy\" decoding=\"async\" class=\"alignnone wp-image-15731\" src=\"http:\/\/www.automakers.cz\/wp-content\/uploads\/2025\/08\/element_8819_image_1024-900x518.jpg\" alt=\"\" width=\"969\" height=\"558\" srcset=\"https:\/\/www.automakers.cz\/wp-content\/uploads\/2025\/08\/element_8819_image_1024-900x518.jpg 900w, https:\/\/www.automakers.cz\/wp-content\/uploads\/2025\/08\/element_8819_image_1024-768x442.jpg 768w, https:\/\/www.automakers.cz\/wp-content\/uploads\/2025\/08\/element_8819_image_1024.jpg 1000w\" sizes=\"auto, (max-width: 969px) 100vw, 969px\" \/><\/p>\n<p><strong>Sv\u00e1tek motork\u00e1\u0159\u016f aneb 2 dny ve sv\u00e9m sv\u011bt\u011b<\/strong><\/p>\n<p>Prague Harley Days jsou samoz\u0159ejm\u011b akc\u00ed ur\u010denou pro motork\u00e1\u0159e. Pro jezdce v\u0161ech zna\u010dek a kubatur, sk\u00fatry nevyj\u00edmaje. Motork\u00e1\u0159i se s vlastn\u00ed motorkou budou moci z\u00fa\u010dastnit spanil\u00e9 j\u00edzdy! Po celou dobu Prague Harley Days budou nav\u00edc moci zdarma vyzkou\u0161et motocykly aktu\u00e1ln\u00ed modelov\u00e9 \u0159ady Harley-Davidson dle vlastn\u00ed libosti.<\/p>\n<p>Sta\u010d\u00ed p\u0159ij\u00edt s helmou a oble\u010den\u00edm na motorku, m\u00edt u sebe \u0159idi\u010dsk\u00fd a ob\u010dansk\u00fd pr\u016fkaz a u\u017e se jen t\u011b\u0161it na vyj\u00ed\u017e\u010fku. 40 minut, kdy si spln\u00ed sen o j\u00edzd\u011b na Harleyi a u\u017eij\u00ed si organizovanou j\u00edzdu ve skupince dal\u0161\u00edch Harley\u016f. T\u00edm ale vy\u017eit\u00ed pro motork\u00e1\u0159e nekon\u010d\u00ed! T\u011b\u0161it se d\u00e1l mohou na v\u00fdstavu motocykl\u016f, obdivovat p\u0159estavby v sout\u011b\u017ei Custom Bike Show anebo si v market z\u00f3n\u011b nakoupit oble\u010den\u00ed, v\u00fdbavu a dal\u0161\u00ed dopl\u0148ky pro sebe, svoji motorku i t\u0159eba svoji spolujezdkyni.<\/p>\n<p>\u017deny a d\u00edvky letos ZDARMA!<\/p>\n<p>Vstup zdarma pro v\u0161echny \u017eeny, d\u00e1my, d\u00edvky a sle\u010dny! Po\u0159adatel\u00e9 se letos rozhodli ud\u011blit vstup zdarma v\u0161em \u017een\u00e1m.<\/p>\n<p><img loading=\"lazy\" decoding=\"async\" class=\"alignnone wp-image-15735\" src=\"http:\/\/www.automakers.cz\/wp-content\/uploads\/2025\/08\/Prague-Harley-Days-3-900x600.jpg\" alt=\"\" width=\"963\" height=\"642\" srcset=\"https:\/\/www.automakers.cz\/wp-content\/uploads\/2025\/08\/Prague-Harley-Days-3-900x600.jpg 900w, https:\/\/www.automakers.cz\/wp-content\/uploads\/2025\/08\/Prague-Harley-Days-3-768x512.jpg 768w, https:\/\/www.automakers.cz\/wp-content\/uploads\/2025\/08\/Prague-Harley-Days-3.jpg 1024w\" sizes=\"auto, (max-width: 963px) 100vw, 963px\" \/><\/p>\n","protected":false},"excerpt":{"rendered":"<p>Po roce tu jsou op\u011bt PRAGUE HARLEY DAYS! Akce v duchu motocykl\u016f, p\u0159ev\u00e1\u017en\u011b Harley\u016f, ale&#8230;<\/p>\n","protected":false},"author":2,"featured_media":15733,"comment_status":"closed","ping_status":"closed","sticky":false,"template":"","format":"standard","meta":{"footnotes":""},"categories":[26,54,19],"tags":[],"class_list":["post-15730","post","type-post","status-publish","format-standard","has-post-thumbnail","hentry","category-eventy","category-motocykly","category-motorsport"],"_links":{"self":[{"href":"https:\/\/www.automakers.cz\/index.php?rest_route=\/wp\/v2\/posts\/15730","targetHints":{"allow":["GET"]}}],"collection":[{"href":"https:\/\/www.automakers.cz\/index.php?rest_route=\/wp\/v2\/posts"}],"about":[{"href":"https:\/\/www.automakers.cz\/index.php?rest_route=\/wp\/v2\/types\/post"}],"author":[{"embeddable":true,"href":"https:\/\/www.automakers.cz\/index.php?rest_route=\/wp\/v2\/users\/2"}],"replies":[{"embeddable":true,"href":"https:\/\/www.automakers.cz\/index.php?rest_route=%2Fwp%2Fv2%2Fcomments&post=15730"}],"version-history":[{"count":4,"href":"https:\/\/www.automakers.cz\/index.php?rest_route=\/wp\/v2\/posts\/15730\/revisions"}],"predecessor-version":[{"id":15747,"href":"https:\/\/www.automakers.cz\/index.php?rest_route=\/wp\/v2\/posts\/15730\/revisions\/15747"}],"wp:featuredmedia":[{"embeddable":true,"href":"https:\/\/www.automakers.cz\/index.php?rest_route=\/wp\/v2\/media\/15733"}],"wp:attachment":[{"href":"https:\/\/www.automakers.cz\/index.php?rest_route=%2Fwp%2Fv2%2Fmedia&parent=15730"}],"wp:term":[{"taxonomy":"category","embeddable":true,"href":"https:\/\/www.automakers.cz\/index.php?rest_route=%2Fwp%2Fv2%2Fcategories&post=15730"},{"taxonomy":"post_tag","embeddable":true,"href":"https:\/\/www.automakers.cz\/index.php?rest_route=%2Fwp%2Fv2%2Ftags&post=15730"}],"curies":[{"name":"wp","href":"https:\/\/api.w.org\/{rel}","templated":true}]}}