{"id":15765,"date":"2025-08-26T13:56:54","date_gmt":"2025-08-26T13:56:54","guid":{"rendered":"https:\/\/www.automakers.cz\/?p=15765"},"modified":"2025-08-27T09:52:48","modified_gmt":"2025-08-27T09:52:48","slug":"iaa-mnichov-hyundai-odhalil-deatily-konceptu","status":"publish","type":"post","link":"https:\/\/www.automakers.cz\/?p=15765","title":{"rendered":"IAA Mnichov: Hyundai odhalil detaily konceptu"},"content":{"rendered":"<p><strong>Zna\u010dka Hyundai zve\u0159ejnila prvn\u00ed fotografie sv\u00e9ho nov\u00e9ho koncep\u010dn\u00edho vozu, jeho\u017e sv\u011btov\u00e1 premi\u00e9ra se uskute\u010dn\u00ed ve dnech 9. a\u017e 14. z\u00e1\u0159\u00ed na autosalonu IAA Mobility 2025 v Mnichov\u011b.<\/strong><!--more--><\/p>\n<p>B\u011bhem dvou t\u00fddn\u016f zb\u00fdvaj\u00edc\u00edch do zah\u00e1jen\u00ed autosalonu budou postupn\u011b odhaleny dal\u0161\u00ed dv\u011b sady fotografi\u00ed, kter\u00e9 se zam\u011b\u0159\u00ed na osobit\u00e9 designov\u00e9 prvky koncep\u010dn\u00edho vozu. N\u00e1v\u0161t\u011bvn\u00edci IAA Mobility 2025 se budou moci s progresivn\u00ed viz\u00ed Hyundai sezn\u00e1mit na vlastn\u00ed o\u010di ve venkovn\u00ed expozici zna\u010dky na adrese Ludwigstra\u00dfe 14 v Mnichov\u011b.<\/p>\n<p><img loading=\"lazy\" decoding=\"async\" class=\"alignnone wp-image-15767\" src=\"http:\/\/www.automakers.cz\/wp-content\/uploads\/2025\/08\/Photo1HyundaiMotorOffers-small-2-900x544.jpg\" alt=\"\" width=\"1019\" height=\"616\" srcset=\"https:\/\/www.automakers.cz\/wp-content\/uploads\/2025\/08\/Photo1HyundaiMotorOffers-small-2-900x544.jpg 900w, https:\/\/www.automakers.cz\/wp-content\/uploads\/2025\/08\/Photo1HyundaiMotorOffers-small-2-1024x619.jpg 1024w, https:\/\/www.automakers.cz\/wp-content\/uploads\/2025\/08\/Photo1HyundaiMotorOffers-small-2-768x464.jpg 768w, https:\/\/www.automakers.cz\/wp-content\/uploads\/2025\/08\/Photo1HyundaiMotorOffers-small-2.jpg 1240w\" sizes=\"auto, (max-width: 1019px) 100vw, 1019px\" \/><\/p>\n","protected":false},"excerpt":{"rendered":"<p>Zna\u010dka Hyundai zve\u0159ejnila prvn\u00ed fotografie sv\u00e9ho nov\u00e9ho koncep\u010dn\u00edho vozu, jeho\u017e sv\u011btov\u00e1 premi\u00e9ra se uskute\u010dn\u00ed ve&#8230;<\/p>\n","protected":false},"author":2,"featured_media":15766,"comment_status":"closed","ping_status":"closed","sticky":false,"template":"","format":"standard","meta":{"footnotes":""},"categories":[13,26,8],"tags":[],"class_list":["post-15765","post","type-post","status-publish","format-standard","has-post-thumbnail","hentry","category-design","category-eventy","category-vystavy"],"_links":{"self":[{"href":"https:\/\/www.automakers.cz\/index.php?rest_route=\/wp\/v2\/posts\/15765","targetHints":{"allow":["GET"]}}],"collection":[{"href":"https:\/\/www.automakers.cz\/index.php?rest_route=\/wp\/v2\/posts"}],"about":[{"href":"https:\/\/www.automakers.cz\/index.php?rest_route=\/wp\/v2\/types\/post"}],"author":[{"embeddable":true,"href":"https:\/\/www.automakers.cz\/index.php?rest_route=\/wp\/v2\/users\/2"}],"replies":[{"embeddable":true,"href":"https:\/\/www.automakers.cz\/index.php?rest_route=%2Fwp%2Fv2%2Fcomments&post=15765"}],"version-history":[{"count":3,"href":"https:\/\/www.automakers.cz\/index.php?rest_route=\/wp\/v2\/posts\/15765\/revisions"}],"predecessor-version":[{"id":15829,"href":"https:\/\/www.automakers.cz\/index.php?rest_route=\/wp\/v2\/posts\/15765\/revisions\/15829"}],"wp:featuredmedia":[{"embeddable":true,"href":"https:\/\/www.automakers.cz\/index.php?rest_route=\/wp\/v2\/media\/15766"}],"wp:attachment":[{"href":"https:\/\/www.automakers.cz\/index.php?rest_route=%2Fwp%2Fv2%2Fmedia&parent=15765"}],"wp:term":[{"taxonomy":"category","embeddable":true,"href":"https:\/\/www.automakers.cz\/index.php?rest_route=%2Fwp%2Fv2%2Fcategories&post=15765"},{"taxonomy":"post_tag","embeddable":true,"href":"https:\/\/www.automakers.cz\/index.php?rest_route=%2Fwp%2Fv2%2Ftags&post=15765"}],"curies":[{"name":"wp","href":"https:\/\/api.w.org\/{rel}","templated":true}]}}