{"id":15786,"date":"2025-08-27T09:23:38","date_gmt":"2025-08-27T09:23:38","guid":{"rendered":"https:\/\/www.automakers.cz\/?p=15786"},"modified":"2025-08-27T09:23:38","modified_gmt":"2025-08-27T09:23:38","slug":"euronascar-se-vraci-do-mostu","status":"publish","type":"post","link":"https:\/\/www.automakers.cz\/?p=15786","title":{"rendered":"EuroNASCAR se vrac\u00ed do Mostu"},"content":{"rendered":"<p><b>Czech Truck Prix 2025 (29.\u201331. srpna) nab\u00eddne nejen souboje truck\u016f, ale i n\u00e1vrat NASCAR Euro Series, kde \u010desk\u00e9 barvy ponese dvojn\u00e1sobn\u00fd \u0161ampion Martin Doubek. Ten bude v Most\u011b obhajovat titul v kategorii EuroNASCAR 2 a pat\u0159\u00ed k nejv\u011bt\u0161\u00edm favorit\u016fm v\u00edkendu. <\/b><!--more--><\/p>\n<p>Jak se Martin Doubek p\u0159ipravuje na dom\u00e1c\u00ed z\u00e1vod a co od n\u011bj fanou\u0161ci mohou \u010dekat?<\/p>\n<p><strong>Jak se da\u0159\u00ed v leto\u0161n\u00ed sezon\u011b a s jak\u00fdmi ambicemi m\u00ed\u0159\u00ed\u0161 do Mostu?<\/strong><br \/>\nJsme v polovin\u011b sezony, zb\u00fdvaj\u00ed n\u00e1m t\u0159i posledn\u00ed z\u00e1vody \u2013 Most, N\u011bmecko (Oschersleben) a Belgie (Zolder). Z t\u00e9 z\u00e1kladn\u00ed \u010d\u00e1sti se nejhor\u0161\u00ed j\u00edzda \u0161krt\u00e1 a nav\u00edc Oschersleben i Zolder jsou za dvojn\u00e1sobn\u00fd po\u010det bod\u016f. Moment\u00e1ln\u011b si stoj\u00edm tak, \u017ee v kategorii EuroNASCAR Open jsem na t\u0159et\u00edm m\u00edst\u011b a v EuroNASCAR Pro na p\u00e1t\u00e9m m\u00edst\u011b. Nicm\u00e9n\u011b v\u0161echno se je\u0161t\u011b m\u016f\u017ee zm\u011bnit \u2013 rozhodovat se bude pr\u00e1v\u011b v t\u011bch posledn\u00edch dvou z\u00e1vodech v Belgii a N\u011bmecku.<\/p>\n<p><img loading=\"lazy\" decoding=\"async\" class=\"alignnone size-medium wp-image-15788\" src=\"http:\/\/www.automakers.cz\/wp-content\/uploads\/2025\/08\/EuroNASCAR-se-vraci-do-Mostu-2-SMALL-900x600.jpg\" alt=\"\" width=\"900\" height=\"600\" srcset=\"https:\/\/www.automakers.cz\/wp-content\/uploads\/2025\/08\/EuroNASCAR-se-vraci-do-Mostu-2-SMALL-900x600.jpg 900w, https:\/\/www.automakers.cz\/wp-content\/uploads\/2025\/08\/EuroNASCAR-se-vraci-do-Mostu-2-SMALL-1024x683.jpg 1024w, https:\/\/www.automakers.cz\/wp-content\/uploads\/2025\/08\/EuroNASCAR-se-vraci-do-Mostu-2-SMALL-768x512.jpg 768w, https:\/\/www.automakers.cz\/wp-content\/uploads\/2025\/08\/EuroNASCAR-se-vraci-do-Mostu-2-SMALL-1536x1024.jpg 1536w, https:\/\/www.automakers.cz\/wp-content\/uploads\/2025\/08\/EuroNASCAR-se-vraci-do-Mostu-2-SMALL-2048x1365.jpg 2048w\" sizes=\"auto, (max-width: 900px) 100vw, 900px\" \/><\/p>\n<p><strong>V \u010dem je pro tebe dom\u00e1c\u00ed z\u00e1vod specifick\u00fd a kde na trati c\u00edt\u00ed\u0161 nejv\u011bt\u0161\u00ed v\u00fdhodu?<\/strong><br \/>\nMosteck\u00fd okruh zn\u00e1m velice dob\u0159e a z\u00e1vodil jsem tady mnohokr\u00e1t. Letos jsme dokonce vynechali i testov\u00e1n\u00ed v Most\u011b, proto\u017ee to m\u00e1me naje\u017ed\u011bn\u00e9. Nejv\u011bt\u0161\u00ed v\u00fdhoda asi nen\u00ed v tom, \u017ee je to moje dom\u00e1c\u00ed tra\u0165, ale \u017ee um\u00edme auto spr\u00e1vn\u011b nastavit pr\u00e1v\u011b na Most. Samoz\u0159ejm\u011b z\u00e1vis\u00ed na po\u010das\u00ed \u2013 jestli bude pr\u0161et, nebo sucho. Jezdecky mi ned\u011bl\u00e1 probl\u00e9m ani jedno a auto um\u00edme nastavit na v\u0161echny podm\u00ednky, ale rad\u0161\u00ed jezd\u00edm na suchu. Douf\u00e1m, \u017ee po\u010das\u00ed vydr\u017e\u00ed a bude hezky, proto\u017ee i pro fanou\u0161ky je to pak samoz\u0159ejm\u011b p\u0159\u00edjemn\u011bj\u0161\u00ed.<\/p>\n<p><strong>Jak moc pro tebe hraje roli podpora \u010desk\u00fdch fanou\u0161k\u016f pr\u00e1v\u011b tady v Most\u011b? Dod\u00e1v\u00e1 ti to energii, nebo je to sp\u00ed\u0161 tlak na v\u00fdsledek?<\/strong><br \/>\nUr\u010dit\u011b to pro m\u011b znamen\u00e1 tlak na v\u00fdsledek, ale ne nijak velk\u00fd. Po 25 letech z\u00e1vod\u011bn\u00ed si u\u017e um\u00edm stres korigovat a fanou\u0161ci jsou pro m\u011b obrovsk\u00e1 motivace. Z\u00e1vod v Most\u011b je pro m\u011b topka v sezon\u011b \u2013 proto\u017ee m\u016f\u017ee p\u0159ijet rodina, kamar\u00e1di, fanou\u0161ci, vid\u011bt, co d\u011bl\u00e1me, a t\u0159eba si u\u017e\u00edt i \u010deskou hymnu, kdyby zahr\u00e1la. V p\u0159edchoz\u00edch letech byla atmosf\u00e9ra na z\u00e1vodech v Most\u011b perfektn\u00ed. Kdy\u017e jsem pak vid\u011bl videa, jak to na tribun\u00e1ch v\u0159elo, je to n\u011bco \u00fa\u017easn\u00e9ho, co stoj\u00ed za to za\u017e\u00edt.<\/p>\n<p><strong>Jak prob\u00edh\u00e1 p\u0159\u00edprava na mosteck\u00fd z\u00e1vod? A m\u00e1te pro mosteck\u00fd v\u00edkend n\u011bjakou speci\u00e1ln\u00ed strategii?<\/strong><br \/>\nSpeci\u00e1ln\u00ed strategii nem\u00e1me, ale ur\u010dit\u011b ji budeme \u0159e\u0161it v pr\u016fb\u011bhu v\u00edkendu \u2013 podle postaven\u00ed na startu. Posledn\u00ed z\u00e1vod jsme odjeli v Anglii na Brands Hatch, pak za\u010dala letn\u00ed pauza, b\u011bhem kter\u00e9 se v Belgii pracovalo na aut\u011b. Mus\u00edm p\u0159iznat, \u017ee u\u017e m\u011b svrb\u00ed ruce a do auta se neskute\u010dn\u011b t\u011b\u0161\u00edm.<\/p>\n<p><strong>P\u0159ipravil sis pro mosteck\u00fd v\u00edkend n\u011bco speci\u00e1ln\u00edho?<\/strong><br \/>\nPo dohod\u011b s promot\u00e9rem a Autodromem Most jsme p\u0159ichystali speci\u00e1ln\u00ed z\u00f3nu, kde budeme m\u00edt \u010dty\u0159i boxy. Div\u00e1ci a fanou\u0161ci tam mohou p\u0159ij\u00edt, pod\u00edvat se na pr\u00e1ci mechanik\u016f a p\u0159\u00edpravu auta z bezprost\u0159edn\u00ed bl\u00edzkosti. Z\u00e1rove\u0148 tam bude obchod s merchem a tak\u00e9 n\u00e1\u0161 dakarsk\u00fd t\u00fdm. Erv\u00edn Kraj\u010dovi\u010d doraz\u00ed se z\u00e1vodn\u00edky i s technikou. Bude to opravdu velk\u00e9. Moc se na to t\u011b\u0161\u00edm a douf\u00e1m, \u017ee si to u\u017eijeme minim\u00e1ln\u011b jako loni \u2013 a \u017ee n\u00e1m znovu zahraje \u010desk\u00e1 hymna.<\/p>\n<p><img loading=\"lazy\" decoding=\"async\" class=\"alignnone wp-image-15789\" src=\"http:\/\/www.automakers.cz\/wp-content\/uploads\/2025\/08\/EuroNASCAR-se-vraci-do-Mostu-3-SMALL-900x600.jpg\" alt=\"\" width=\"981\" height=\"654\" srcset=\"https:\/\/www.automakers.cz\/wp-content\/uploads\/2025\/08\/EuroNASCAR-se-vraci-do-Mostu-3-SMALL-900x600.jpg 900w, https:\/\/www.automakers.cz\/wp-content\/uploads\/2025\/08\/EuroNASCAR-se-vraci-do-Mostu-3-SMALL-1024x683.jpg 1024w, https:\/\/www.automakers.cz\/wp-content\/uploads\/2025\/08\/EuroNASCAR-se-vraci-do-Mostu-3-SMALL-768x512.jpg 768w, https:\/\/www.automakers.cz\/wp-content\/uploads\/2025\/08\/EuroNASCAR-se-vraci-do-Mostu-3-SMALL-1536x1024.jpg 1536w, https:\/\/www.automakers.cz\/wp-content\/uploads\/2025\/08\/EuroNASCAR-se-vraci-do-Mostu-3-SMALL.jpg 2048w\" sizes=\"auto, (max-width: 981px) 100vw, 981px\" \/><\/p>\n<h2><strong>Co fanou\u0161ky \u010dek\u00e1 na Czech Truck Prix 2025<\/strong><\/h2>\n<p>Krom\u011b souboj\u016f Martina Doubka v NASCAR a premi\u00e9ry Martina Mac\u00edka v truckracingu p\u0159inese v\u00edkend i doprovodn\u00fd program. <strong>Na gridu Super Sixties se postav\u00ed a\u017e 47 aut<\/strong> \u2013 Shelby Mustang GT350, Fordy GT40, Lotusy Elan nebo Porsche 904. Druh\u00e1 dopl\u0148kov\u00e1 s\u00e9rie Triumph Competition &amp; British GT p\u0159iveze na mosteck\u00fd asfalt klasick\u00e9 britsk\u00e9 stroje s atmosf\u00e9rou \u0161edes\u00e1t\u00fdch let.<\/p>\n<p>Tradi\u010dn\u00ed \u010dtvrte\u010dn\u00ed\u00a0<strong>spanil\u00e1 j\u00edzda p\u0159ivede z\u00e1vodn\u00ed speci\u00e1ly a\u017e do centra Mostu<\/strong>\u00a0a v p\u00e1tek se n\u00e1v\u0161t\u011bvn\u00edci mohou\u00a0<strong>zdarma z\u00fa\u010dastnit b\u011bhu na z\u00e1vodn\u00ed dr\u00e1ze<\/strong>. Cel\u00fd v\u00edkend pak nab\u00eddne rodinn\u00fd program, d\u011btsk\u00e9 z\u00f3ny, autogrami\u00e1dy jezdc\u016f a mo\u017enost dostat se bl\u00ed\u017e k motorsportu ne\u017e kdykoliv jindy.<\/p>\n<p>Chyb\u011bt nebudou ani\u00a0<strong>simul\u00e1torov\u00e9 z\u00e1vody pro fanou\u0161ky<\/strong>, kde si ka\u017ed\u00fd m\u016f\u017ee zdarma vyzkou\u0161et profesion\u00e1ln\u00ed z\u00e1vodn\u00ed simul\u00e1tory s mosteck\u00fdm okruhem a trucky i NASCAR vozy. Dopoledne prob\u011bhnou tr\u00e9ninky a kvalifikace, odpoledne ostr\u00fd z\u00e1vod. Nav\u00edc doraz\u00ed dv\u011b hv\u011bzdy ETRC na exhibi\u010dn\u00ed j\u00edzdu \u2013 a kdo p\u0159ekon\u00e1 jejich \u010das, odnese si tematick\u00fd d\u00e1rek.<\/p>\n<p><em>\u201eNa konci srpna chceme v Most\u011b nab\u00eddnout v\u00edc ne\u017e jen z\u00e1vody \u2013 je to motorsportov\u00fd festival pro v\u0161echny generace. Trucky, NASCAR, historick\u00e9 vozy i doprovodn\u00fd program dohromady tvo\u0159\u00ed v\u00edkend, kter\u00fd si ka\u017ed\u00fd u\u017eije po sv\u00e9m. T\u011b\u0161\u00edme se na fanou\u0161ky a v\u011b\u0159\u00edm, \u017ee Czech Truck Prix 2025 bude pat\u0159it k vrchol\u016fm leto\u0161n\u00ed sez\u00f3ny,\u201c<\/em>\u00a0\u0159\u00edk\u00e1 Josef Zaj\u00ed\u010dek, gener\u00e1ln\u00ed \u0159editel Autodromu Most.<\/p>\n<p>Dal\u0161\u00ed informace, vstupenky, v\u010detn\u011b speci\u00e1ln\u00edch bal\u00ed\u010dk\u016f s Martinem Mac\u00edkem na <a href=\"https:\/\/autodrom-mostcz.t.mailkit.eu\/PfNybCUA0wHwAfCQKCoRYXUmLmh0dHBzOi8vd3d3LmF1dG9kcm9tLW1vc3QuY3ovY3plY2gtdHJ1Y2stcHJpeC9kY2hhbmVlbWFpbGJ0cyD-pLjFBmNjaWRkOTU0N2dpZF9zZW5kILCQlwNhZXJoYW5kbEBjemVjaG5ld3MuY3pmaWRfbXNnINGWCGRpZF9lIOiu3IQDY2xfYycld46BAGhjbHNwAWFhZWNsaWNrYmdhAWNhaWRkMTEwNWYBfWxtZCCntbeAWmNsb2NlZGF0YTFibHADZGlkX3QA\/STYcpaYjwzH1XtY05h2uaM421jOX8pFtqEv246F6D28\/click\" target=\"_new\">www.autodrom-most.cz\/czech-truck-prix<\/a>.<\/p>\n<p><img loading=\"lazy\" decoding=\"async\" class=\"alignnone wp-image-15790\" src=\"http:\/\/www.automakers.cz\/wp-content\/uploads\/2025\/08\/EuroNASCAR-se-vraci-do-Mostu-4-SMALL-900x600.jpg\" alt=\"\" width=\"959\" height=\"639\" srcset=\"https:\/\/www.automakers.cz\/wp-content\/uploads\/2025\/08\/EuroNASCAR-se-vraci-do-Mostu-4-SMALL-900x600.jpg 900w, https:\/\/www.automakers.cz\/wp-content\/uploads\/2025\/08\/EuroNASCAR-se-vraci-do-Mostu-4-SMALL-1024x683.jpg 1024w, https:\/\/www.automakers.cz\/wp-content\/uploads\/2025\/08\/EuroNASCAR-se-vraci-do-Mostu-4-SMALL-768x512.jpg 768w, https:\/\/www.automakers.cz\/wp-content\/uploads\/2025\/08\/EuroNASCAR-se-vraci-do-Mostu-4-SMALL-1536x1024.jpg 1536w, https:\/\/www.automakers.cz\/wp-content\/uploads\/2025\/08\/EuroNASCAR-se-vraci-do-Mostu-4-SMALL-2048x1365.jpg 2048w\" sizes=\"auto, (max-width: 959px) 100vw, 959px\" \/><\/p>\n","protected":false},"excerpt":{"rendered":"<p>Czech Truck Prix 2025 (29.\u201331. srpna) nab\u00eddne nejen souboje truck\u016f, ale i n\u00e1vrat NASCAR Euro&#8230;<\/p>\n","protected":false},"author":2,"featured_media":15787,"comment_status":"closed","ping_status":"closed","sticky":false,"template":"","format":"standard","meta":{"footnotes":""},"categories":[26,71,19],"tags":[],"class_list":["post-15786","post","type-post","status-publish","format-standard","has-post-thumbnail","hentry","category-eventy","category-interview","category-motorsport"],"_links":{"self":[{"href":"https:\/\/www.automakers.cz\/index.php?rest_route=\/wp\/v2\/posts\/15786","targetHints":{"allow":["GET"]}}],"collection":[{"href":"https:\/\/www.automakers.cz\/index.php?rest_route=\/wp\/v2\/posts"}],"about":[{"href":"https:\/\/www.automakers.cz\/index.php?rest_route=\/wp\/v2\/types\/post"}],"author":[{"embeddable":true,"href":"https:\/\/www.automakers.cz\/index.php?rest_route=\/wp\/v2\/users\/2"}],"replies":[{"embeddable":true,"href":"https:\/\/www.automakers.cz\/index.php?rest_route=%2Fwp%2Fv2%2Fcomments&post=15786"}],"version-history":[{"count":4,"href":"https:\/\/www.automakers.cz\/index.php?rest_route=\/wp\/v2\/posts\/15786\/revisions"}],"predecessor-version":[{"id":15822,"href":"https:\/\/www.automakers.cz\/index.php?rest_route=\/wp\/v2\/posts\/15786\/revisions\/15822"}],"wp:featuredmedia":[{"embeddable":true,"href":"https:\/\/www.automakers.cz\/index.php?rest_route=\/wp\/v2\/media\/15787"}],"wp:attachment":[{"href":"https:\/\/www.automakers.cz\/index.php?rest_route=%2Fwp%2Fv2%2Fmedia&parent=15786"}],"wp:term":[{"taxonomy":"category","embeddable":true,"href":"https:\/\/www.automakers.cz\/index.php?rest_route=%2Fwp%2Fv2%2Fcategories&post=15786"},{"taxonomy":"post_tag","embeddable":true,"href":"https:\/\/www.automakers.cz\/index.php?rest_route=%2Fwp%2Fv2%2Ftags&post=15786"}],"curies":[{"name":"wp","href":"https:\/\/api.w.org\/{rel}","templated":true}]}}