{"id":15826,"date":"2025-08-27T09:46:12","date_gmt":"2025-08-27T09:46:12","guid":{"rendered":"https:\/\/www.automakers.cz\/?p=15826"},"modified":"2025-08-27T09:46:12","modified_gmt":"2025-08-27T09:46:12","slug":"aku-bat-shani-koordinatora-marketingu","status":"publish","type":"post","link":"https:\/\/www.automakers.cz\/?p=15826","title":{"rendered":"AKU-BAT sh\u00e1n\u00ed koordin\u00e1tora marketingu"},"content":{"rendered":"<div class=\"t-14 truncate\"><strong>Asociace pro akumulaci energie AKU-BAT CZ vypsala v\u00fdb\u011brov\u00e9 \u0159\u00edzen\u00ed na obsazen\u00ed pozice koordin\u00e1tora marketingu. M\u00e1 pom\u00e1hat s p\u0159\u00edpravou akc\u00ed, konferenc\u00ed, setk\u00e1n\u00ed \u010dlen\u016f asociace, webin\u00e1\u0159\u016f, exkurz\u00ed a podcast\u016f.<\/strong><\/div>\n<p><!--more--><\/p>\n<div>Za vznikem asociace v\u00fdrobc\u016f, provozovatel\u016f, dodavatel\u016f, investor\u016f a servisn\u00edch firem, zab\u00fdvaj\u00edc\u00edch se akumulac\u00ed energie, stoj\u00ed \u010desk\u00e9 firmy v oblasti obnoviteln\u00fdch zdroj\u016f a fotovoltaick\u00e9 energie, spole\u010dnosti <strong>Solar Global, DECCI a Solartec,<\/strong> spole\u010dn\u011b s v\u00fdznamn\u00fdmi v\u00fdrobci bateriov\u00fdch syst\u00e9m\u016f \u2013 firmami<strong> Siemens,<\/strong> se sv\u00fdm syst\u00e9mem SIESTORAGE, a holandskou spole\u010dnost\u00ed <strong>Alfen<\/strong>.<\/div>\n<div><\/div>\n<div><strong>Co bude n\u00e1pln\u00ed pr\u00e1ce nov\u00e9ho market\u00e9ra:\u00a0<\/strong><\/div>\n<p>\ud83d\udd39 Pomoc s p\u0159\u00edpravou a realizac\u00ed akc\u00ed, konferenc\u00ed, setk\u00e1n\u00ed \u010dlen\u016f asociace, webin\u00e1\u0159\u016f, exkurz\u00ed a podcast\u016f<br \/>\n\ud83d\udd39 Podpora marketingov\u00fdch aktivit (tvorba newsletteru, grafika, kampan\u011b na LinkedInu apod.)<br \/>\n\ud83d\udd39 Spr\u00e1va a tvorba obsahu webov\u00fdch str\u00e1nek (pravideln\u00e1 aktualizace, \u00fapravy a n\u00e1vrhy zm\u011bn)<br \/>\n\ud83d\udd39 Pomoc s administrativn\u00ed podporou chodu asociace<br \/>\n\ud83d\udd39 Organiza\u010dn\u00ed komunikace se \u010dleny asociace a partnery<\/p>\n<p><strong>Co asociace od kandid\u00e1t\u016f o\u010dek\u00e1v\u00e1?<\/strong><\/p>\n<p>\u2714\ufe0f V\u00fdborn\u00e9 organiza\u010dn\u00ed a komunika\u010dn\u00ed schopnosti<br \/>\n\u2714\ufe0f Pe\u010dlivost, samostatnost a schopnost efektivn\u011b pracovat s v\u00edce \u00fakoly najednou<br \/>\n\u2714\ufe0f Zku\u0161enosti s koordinac\u00ed akc\u00ed podm\u00ednkou<br \/>\n\u2714\ufe0f Zku\u0161enosti se spr\u00e1vou webu a LinkedInu jsou plus<br \/>\n\u2714\ufe0f Dobr\u00e1 orientace v pr\u00e1ci s grafick\u00fdmi programy (Canva, Affinity Publisher)<br \/>\n\u2714\ufe0f Z\u00e1jem o energetiku a akumulaci energie je v\u00edt\u00e1n, ale nen\u00ed podm\u00ednkou<br \/>\n\u2714\ufe0f Pokro\u010dil\u00e1 znalost angli\u010dtiny \u2013 schopnost samostatn\u011b komunikovat slovem i p\u00edsmem<\/p>\n<p><strong>Zdroj: Linkedin<\/strong><\/p>\n<p><a href=\"https:\/\/www.linkedin.com\/jobs\/search\/?currentJobId=4285922935&amp;f_C=18160446&amp;keywords=Asociace%20pro%20akumulaci%20energie%20AKU-BAT%20CZ&amp;trk=eml-email_jobs_viewed_job_reminder_01-null-0-null\">(24) Pracovn\u00ed p\u0159\u00edle\u017eitosti Asociace pro akumulaci energie AKU-BAT CZ | LinkedIn<\/a><\/p>\n","protected":false},"excerpt":{"rendered":"<p>Asociace pro akumulaci energie AKU-BAT CZ vypsala v\u00fdb\u011brov\u00e9 \u0159\u00edzen\u00ed na obsazen\u00ed pozice koordin\u00e1tora marketingu. M\u00e1&#8230;<\/p>\n","protected":false},"author":1,"featured_media":7951,"comment_status":"closed","ping_status":"closed","sticky":false,"template":"","format":"standard","meta":{"footnotes":""},"categories":[7,36,5],"tags":[],"class_list":["post-15826","post","type-post","status-publish","format-standard","has-post-thumbnail","hentry","category-kariera","category-marketing","category-personalie"],"_links":{"self":[{"href":"https:\/\/www.automakers.cz\/index.php?rest_route=\/wp\/v2\/posts\/15826","targetHints":{"allow":["GET"]}}],"collection":[{"href":"https:\/\/www.automakers.cz\/index.php?rest_route=\/wp\/v2\/posts"}],"about":[{"href":"https:\/\/www.automakers.cz\/index.php?rest_route=\/wp\/v2\/types\/post"}],"author":[{"embeddable":true,"href":"https:\/\/www.automakers.cz\/index.php?rest_route=\/wp\/v2\/users\/1"}],"replies":[{"embeddable":true,"href":"https:\/\/www.automakers.cz\/index.php?rest_route=%2Fwp%2Fv2%2Fcomments&post=15826"}],"version-history":[{"count":1,"href":"https:\/\/www.automakers.cz\/index.php?rest_route=\/wp\/v2\/posts\/15826\/revisions"}],"predecessor-version":[{"id":15827,"href":"https:\/\/www.automakers.cz\/index.php?rest_route=\/wp\/v2\/posts\/15826\/revisions\/15827"}],"wp:featuredmedia":[{"embeddable":true,"href":"https:\/\/www.automakers.cz\/index.php?rest_route=\/wp\/v2\/media\/7951"}],"wp:attachment":[{"href":"https:\/\/www.automakers.cz\/index.php?rest_route=%2Fwp%2Fv2%2Fmedia&parent=15826"}],"wp:term":[{"taxonomy":"category","embeddable":true,"href":"https:\/\/www.automakers.cz\/index.php?rest_route=%2Fwp%2Fv2%2Fcategories&post=15826"},{"taxonomy":"post_tag","embeddable":true,"href":"https:\/\/www.automakers.cz\/index.php?rest_route=%2Fwp%2Fv2%2Ftags&post=15826"}],"curies":[{"name":"wp","href":"https:\/\/api.w.org\/{rel}","templated":true}]}}