{"id":15835,"date":"2025-08-28T06:43:58","date_gmt":"2025-08-28T06:43:58","guid":{"rendered":"https:\/\/www.automakers.cz\/?p=15835"},"modified":"2025-08-28T16:19:29","modified_gmt":"2025-08-28T16:19:29","slug":"peugeot-zacne-v-mylhuzach-vyrabet-nove-verze-modelu-308","status":"publish","type":"post","link":"https:\/\/www.automakers.cz\/?p=15835","title":{"rendered":"Peugeot za\u010dne v Mylh\u00faz\u00e1ch vyr\u00e1b\u011bt nov\u00e9 verze modelu 308"},"content":{"rendered":"<p><strong>Peugeot chyst\u00e1 nov\u00e9 modely Peugeot 308 a 308 SW se \u010dty\u0159mi typy pohon\u016f \u2013 elektrick\u00fdm, plug-in hybridn\u00edm, hybridn\u00edm a dieselov\u00fdm \u2013 a v p\u011bti v\u00fdbavov\u00fdch stupn\u00edch: Style, Allure, GT, GT Exclusive a Business1. Uveden\u00ed na evropsk\u00fd trh se o\u010dek\u00e1v\u00e1 na podzim 2025.<\/strong><!--more--><\/p>\n<p>Nov\u00e9 modely 308 a 308 SW byly navr\u017eeny ve Francii a budou vyr\u00e1b\u011bny v z\u00e1vod\u011b ve francouzsk\u00fdch Mylh\u00faz\u00e1ch.<\/p>\n<p>P\u0159i sv\u00e9m uveden\u00ed na trh byly vozy Peugeot 308 a 308 SW prvn\u00edmi vozy v nab\u00eddce zna\u010dky, kter\u00e9 p\u0159edstavily nov\u00e9 logo Peugeot. Dnes jdou je\u0161t\u011b d\u00e1l a v premi\u00e9\u0159e zav\u00e1d\u011bj\u00ed osv\u011btlen\u00e9 logo.<\/p>\n<p><iframe loading=\"lazy\"  id=\"_ytid_18239\"  width=\"640\" height=\"360\"  data-origwidth=\"640\" data-origheight=\"360\" src=\"https:\/\/www.youtube.com\/embed\/aGK7udb3syw?enablejsapi=1&#038;autoplay=0&#038;cc_load_policy=0&#038;cc_lang_pref=&#038;iv_load_policy=1&#038;loop=0&#038;modestbranding=0&#038;rel=1&#038;fs=1&#038;playsinline=0&#038;autohide=2&#038;theme=dark&#038;color=red&#038;controls=1&#038;\" class=\"__youtube_prefs__  epyt-is-override  no-lazyload\" title=\"YouTube player\"  allow=\"accelerometer; autoplay; clipboard-write; encrypted-media; gyroscope; picture-in-picture\" allowfullscreen data-no-lazy=\"1\" data-skipgform_ajax_framebjll=\"\"><\/iframe><\/p>\n<p>Osv\u011btlen\u00e9 logo Peugeot je prvkem podtrhuj\u00edc\u00edm osobnost model\u016f 308 a 308 SW. V t\u00e9to podob\u011b je logo v r\u00e1mci zna\u010dky pou\u017eito v\u016fbec poprv\u00e9. St\u00e1v\u00e1 se st\u0159edobodem p\u0159epracovan\u00e9 p\u0159\u00edd\u011b a vyjad\u0159uje p\u0159\u00edslu\u0161nost ke zna\u010dce. Radar slou\u017e\u00edc\u00ed asisten\u010dn\u00edm syst\u00e9m\u016fm z\u016fst\u00e1v\u00e1 ukryt\u00fd za logem a zaji\u0161\u0165uje bezpe\u010dnost.<\/p>\n<p>Nad symbolem zna\u010dky je um\u00edst\u011bna soustava sv\u011bteln\u00fdch pruh\u016f, kter\u00e1 zv\u00fdraz\u0148uje masku a roz\u0161i\u0159uje osv\u011btlen\u00ed vozu sm\u011brem ke sv\u011btlomet\u016fm.<\/p>\n<p>Postoj nov\u00fdch voz\u016f 308 a 308 SW je zd\u016frazn\u011bn pos\u00edlen\u00fdm ramenem, kter\u00e9 se t\u00e1hne od za\u010d\u00e1tku blatn\u00edk\u016f a\u017e po konec p\u0159edn\u00ed \u010d\u00e1sti, v n\u00e1vaznosti na sv\u011btlomety.<\/p>\n<p><img loading=\"lazy\" decoding=\"async\" class=\"alignnone wp-image-15837\" src=\"http:\/\/www.automakers.cz\/wp-content\/uploads\/2025\/08\/PEUGEOT_GAM-E308-E308SW_2508STYP_290_FR-small-2-900x675.jpg\" alt=\"\" width=\"989\" height=\"742\" srcset=\"https:\/\/www.automakers.cz\/wp-content\/uploads\/2025\/08\/PEUGEOT_GAM-E308-E308SW_2508STYP_290_FR-small-2-900x675.jpg 900w, https:\/\/www.automakers.cz\/wp-content\/uploads\/2025\/08\/PEUGEOT_GAM-E308-E308SW_2508STYP_290_FR-small-2-1024x768.jpg 1024w, https:\/\/www.automakers.cz\/wp-content\/uploads\/2025\/08\/PEUGEOT_GAM-E308-E308SW_2508STYP_290_FR-small-2-768x576.jpg 768w, https:\/\/www.automakers.cz\/wp-content\/uploads\/2025\/08\/PEUGEOT_GAM-E308-E308SW_2508STYP_290_FR-small-2-1536x1152.jpg 1536w, https:\/\/www.automakers.cz\/wp-content\/uploads\/2025\/08\/PEUGEOT_GAM-E308-E308SW_2508STYP_290_FR-small-2-2048x1536.jpg 2048w\" sizes=\"auto, (max-width: 989px) 100vw, 989px\" \/><\/p>\n<p>Lichob\u011b\u017en\u00edkov\u00fd tvar spodn\u00ed \u010d\u00e1sti nov\u00e9ho n\u00e1razn\u00edku posiluje stabilitu voz\u016f na silnici. Na okraj\u00edch n\u00e1razn\u00edku jsou um\u00edst\u011bny vzduchov\u00e9 p\u0159\u00edvody, kter\u00e9 usm\u011br\u0148uj\u00ed proud\u011bn\u00ed vzduchu do vnit\u0159ku podb\u011bh\u016f kol, \u010d\u00edm\u017e \u0159ad\u00ed modely Peugeot 308 mezi nejv\u00edce aerodynamick\u00e9 v r\u00e1mci segmentu. Tato optimalizace tak\u00e9 p\u0159isp\u00edv\u00e1 ke sn\u00ed\u017een\u00ed spot\u0159eby paliva a u plug-in hybridn\u00edch a elektrick\u00fdch motor\u016f k prodlou\u017een\u00ed dojezdu.<\/p>\n<p>Maska chladi\u010de v barv\u011b karoserie je v souladu s nejnov\u011bj\u0161\u00edmi modely zna\u010dky integrov\u00e1na do p\u0159edn\u00ed \u010d\u00e1sti vozu. Prvky m\u0159\u00ed\u017eky jsou \u0161ir\u0161\u00ed uprost\u0159ed, aby optimalizovaly proud\u011bn\u00ed vzduchu, a sm\u011brem ke stran\u00e1m se st\u00e1vaj\u00ed hust\u0161\u00edmi, \u010d\u00edm\u017e posiluj\u00ed vizu\u00e1ln\u00ed identitu. V\u00fdbava GT je standardn\u011b dod\u00e1v\u00e1na s osv\u011btlenou p\u0159\u00edd\u00ed.<\/p>\n<p>Vozy Peugeot 308 maj\u00ed sv\u011bteln\u00fd podpis tvo\u0159en\u00fd t\u0159emi tenk\u00fdmi LED dr\u00e1py. Potk\u00e1vac\u00ed a d\u00e1lkov\u00e1 sv\u011btla byla uspo\u0159\u00e1d\u00e1na do dvou horizont\u00e1ln\u00edch vrstev nad sebou (potk\u00e1vac\u00ed sv\u011btla naho\u0159e, d\u00e1lkov\u00e1 sv\u011btla dole) a byla um\u00edst\u011bna n\u00ed\u017ee. D\u00edky kompaktn\u00edm modul\u016fm jsou integrov\u00e1na do n\u00e1razn\u00edku a p\u0159i st\u00e1n\u00ed vozu se st\u00e1vaj\u00ed t\u00e9m\u011b\u0159 neviditeln\u00fdmi.<\/p>\n<p>Sv\u011btlomety vyu\u017e\u00edvaj\u00ed technologii Peugeot FULL LED u v\u00fdbav Style, Business a Allure, zat\u00edmco \u00farovn\u011b v\u00fdbavy GT a GT Exclusive nab\u00edzej\u00ed technologii Peugeot Matrix LED.<\/p>\n<p>Vozy 308 a 308 SW zav\u00e1d\u011bj\u00ed v\u00fdraznou zadn\u00ed sv\u011btelnou signaturu. Tento podpis se vyzna\u010duje trojic\u00ed naklon\u011bn\u00fdch LED dr\u00e1p\u016f um\u00edst\u011bn\u00fdch na ka\u017ed\u00e9 stran\u011b \u010dern\u00e9 lakovan\u00e9 li\u0161ty nad znakem Peugeot.<\/p>\n<p><img loading=\"lazy\" decoding=\"async\" class=\"alignnone wp-image-15840\" src=\"http:\/\/www.automakers.cz\/wp-content\/uploads\/2025\/08\/PEUGEOT_E308_2508CV_509_FR-1-small-900x600.jpg\" alt=\"\" width=\"963\" height=\"642\" srcset=\"https:\/\/www.automakers.cz\/wp-content\/uploads\/2025\/08\/PEUGEOT_E308_2508CV_509_FR-1-small-900x600.jpg 900w, https:\/\/www.automakers.cz\/wp-content\/uploads\/2025\/08\/PEUGEOT_E308_2508CV_509_FR-1-small-1024x683.jpg 1024w, https:\/\/www.automakers.cz\/wp-content\/uploads\/2025\/08\/PEUGEOT_E308_2508CV_509_FR-1-small-768x512.jpg 768w, https:\/\/www.automakers.cz\/wp-content\/uploads\/2025\/08\/PEUGEOT_E308_2508CV_509_FR-1-small-1536x1024.jpg 1536w, https:\/\/www.automakers.cz\/wp-content\/uploads\/2025\/08\/PEUGEOT_E308_2508CV_509_FR-1-small-2048x1366.jpg 2048w\" sizes=\"auto, (max-width: 963px) 100vw, 963px\" \/><\/p>\n<p>Hatchback 308 se sv\u00fdmi v\u00fdrazn\u00fdmi k\u0159ivkami nab\u00edz\u00ed jeden z nejsportovn\u011bj\u0161\u00edch design\u016f v segmentu C. Kombi 308 SW vynik\u00e1 sofistikovanou z\u00e1d\u00ed .<\/p>\n<p>Vozy 308 a 308 SW ve v\u00fdbav\u00e1ch Allure, GT a GT Exclusive jsou vybaveny nov\u00fdmi disky kol s diamantov\u00fdm v\u00fdbrusem. P\u0159in\u00e1\u0161ej\u00ed aerodynamiku a jsou v\u00fdsledkem pr\u00e1ce design\u00e9rsk\u00e9ho t\u00fdmu Peugeot. Ve v\u00fdbav\u011b Allure jsou k dispozici kola 17palcov\u00e1, ve v\u00fdbav\u00e1ch GT a GT Exclusive pak 18palcov\u00e1. V\u0161echny elektrick\u00e9 verze model\u016f Peugeot 308 a 308 SW jsou standardn\u011b vybaveny 18palcov\u00fdmi hlin\u00edkov\u00fdmi koly s diamantov\u00fdm v\u00fdbrusem, nap\u0159\u00ed\u010d v\u0161emi v\u00fdbavami. V\u00fdbavy Style a Business maj\u00ed kola v \u010dern\u00e9m hlin\u00edkov\u00e9m proveden\u00ed.<\/p>\n<p>Peugeot 308 je k dispozici v barv\u011b Modr\u00e1 Lagoa. Paleta nov\u00e9ho modelu Peugeot 308 SW je obohacena o barvu Modr\u00e1 Ingaro.<\/p>\n<p>Dynamika vn\u011bj\u0161\u00edho designu se odr\u00e1\u017e\u00ed i uvnit\u0159. Linie integruj\u00ed p\u0159\u00edstrojov\u00fd panel, 10\u2019\u2019 centr\u00e1ln\u00ed dotykovou obrazovku a hlavn\u00ed ovl\u00e1dac\u00ed prvky. Architektura palubn\u00ed desky je navr\u017eena tak, aby uvolnila maximum prostoru ve prosp\u011bch cestuj\u00edc\u00edch sed\u00edc\u00edch vp\u0159edu.<\/p>\n<p>Modely Peugeot 308 a 308 SW jsou standardn\u011b vybaveny digit\u00e1ln\u00edm p\u0159\u00edstrojov\u00fdm panelem s novou 3D grafikou (voliteln\u011b u verze GT a standardn\u011b u verze GT Exclusive).<\/p>\n<p>P\u011bt kl\u00e1ves i-Toggles integrovan\u00fdch do \u010dern\u00e9ho p\u00e1su pod centr\u00e1ln\u00ed dotykovou obrazovkou umo\u017e\u0148uje u\u017eivatel\u016fm vozu nastavit si zkratky k preferovan\u00fdm funkc\u00edm: klimatizace, telefonn\u00ed kontakt, r\u00e1diov\u00e1 stanice, navigace dom\u016f atd.<\/p>\n<p>Peugeot 308 SW nab\u00edz\u00ed ka\u017edodenn\u00ed prakti\u010dnost d\u00edky zadn\u00edm sedadl\u016fm, kter\u00e1 lze d\u011blit na t\u0159i \u010d\u00e1sti (40\/20\/40) a skl\u00e1p\u011bt. Dvou\u00farov\u0148ov\u00e1 podlaha pom\u00e1h\u00e1 uspo\u0159\u00e1dat zavazadlov\u00fd prostor, jeho\u017e objem je od 598 po 1487 litr\u016f.<\/p>\n<p><img loading=\"lazy\" decoding=\"async\" class=\"alignnone wp-image-15838\" src=\"http:\/\/www.automakers.cz\/wp-content\/uploads\/2025\/08\/PEUGEOT_E308_2508STYP_230_FR-small-3-900x675.jpg\" alt=\"\" width=\"983\" height=\"737\" srcset=\"https:\/\/www.automakers.cz\/wp-content\/uploads\/2025\/08\/PEUGEOT_E308_2508STYP_230_FR-small-3-900x675.jpg 900w, https:\/\/www.automakers.cz\/wp-content\/uploads\/2025\/08\/PEUGEOT_E308_2508STYP_230_FR-small-3-1024x768.jpg 1024w, https:\/\/www.automakers.cz\/wp-content\/uploads\/2025\/08\/PEUGEOT_E308_2508STYP_230_FR-small-3-768x576.jpg 768w, https:\/\/www.automakers.cz\/wp-content\/uploads\/2025\/08\/PEUGEOT_E308_2508STYP_230_FR-small-3-1536x1152.jpg 1536w, https:\/\/www.automakers.cz\/wp-content\/uploads\/2025\/08\/PEUGEOT_E308_2508STYP_230_FR-small-3-2048x1535.jpg 2048w\" sizes=\"auto, (max-width: 983px) 100vw, 983px\" \/><\/p>\n","protected":false},"excerpt":{"rendered":"<p>Peugeot chyst\u00e1 nov\u00e9 modely Peugeot 308 a 308 SW se \u010dty\u0159mi typy pohon\u016f \u2013 elektrick\u00fdm,&#8230;<\/p>\n","protected":false},"author":2,"featured_media":15836,"comment_status":"closed","ping_status":"closed","sticky":false,"template":"","format":"standard","meta":{"footnotes":""},"categories":[13,40,66],"tags":[],"class_list":["post-15835","post","type-post","status-publish","format-standard","has-post-thumbnail","hentry","category-design","category-technologie","category-video"],"_links":{"self":[{"href":"https:\/\/www.automakers.cz\/index.php?rest_route=\/wp\/v2\/posts\/15835","targetHints":{"allow":["GET"]}}],"collection":[{"href":"https:\/\/www.automakers.cz\/index.php?rest_route=\/wp\/v2\/posts"}],"about":[{"href":"https:\/\/www.automakers.cz\/index.php?rest_route=\/wp\/v2\/types\/post"}],"author":[{"embeddable":true,"href":"https:\/\/www.automakers.cz\/index.php?rest_route=\/wp\/v2\/users\/2"}],"replies":[{"embeddable":true,"href":"https:\/\/www.automakers.cz\/index.php?rest_route=%2Fwp%2Fv2%2Fcomments&post=15835"}],"version-history":[{"count":12,"href":"https:\/\/www.automakers.cz\/index.php?rest_route=\/wp\/v2\/posts\/15835\/revisions"}],"predecessor-version":[{"id":15880,"href":"https:\/\/www.automakers.cz\/index.php?rest_route=\/wp\/v2\/posts\/15835\/revisions\/15880"}],"wp:featuredmedia":[{"embeddable":true,"href":"https:\/\/www.automakers.cz\/index.php?rest_route=\/wp\/v2\/media\/15836"}],"wp:attachment":[{"href":"https:\/\/www.automakers.cz\/index.php?rest_route=%2Fwp%2Fv2%2Fmedia&parent=15835"}],"wp:term":[{"taxonomy":"category","embeddable":true,"href":"https:\/\/www.automakers.cz\/index.php?rest_route=%2Fwp%2Fv2%2Fcategories&post=15835"},{"taxonomy":"post_tag","embeddable":true,"href":"https:\/\/www.automakers.cz\/index.php?rest_route=%2Fwp%2Fv2%2Ftags&post=15835"}],"curies":[{"name":"wp","href":"https:\/\/api.w.org\/{rel}","templated":true}]}}