{"id":15859,"date":"2025-08-28T11:22:41","date_gmt":"2025-08-28T11:22:41","guid":{"rendered":"https:\/\/www.automakers.cz\/?p=15859"},"modified":"2025-08-31T22:15:28","modified_gmt":"2025-08-31T22:15:28","slug":"iveco-hleda-technology-stream-leadera","status":"publish","type":"post","link":"https:\/\/www.automakers.cz\/?p=15859","title":{"rendered":"Iveco hled\u00e1 technology stream leadera"},"content":{"rendered":"<p><strong>Iveco hled\u00e1 Project Managera \/ Technology Stream Leadera, kter\u00fd bude podporovat a koordinovat technick\u00e9 projekty a pod\u00edlet se na budoucnosti udr\u017eiteln\u00e9 dopravy \u2013 v\u010detn\u011b implementace norem Euro 7.<\/strong><!--more--><\/p>\n<p><strong>Co bude n\u00e1pln\u00ed pr\u00e1ce:<\/strong><\/p>\n<ul>\n<li>Koordinace projektov\u00fdch aktivit nap\u0159\u00ed\u010d odd\u011blen\u00edmi s d\u016frazem na kvalitu, rozpo\u010det a term\u00edny.<\/li>\n<li>Podpora projektov\u00fdch leader\u016f p\u0159i n\u00e1vrhu, pl\u00e1nov\u00e1n\u00ed a rozpo\u010dtov\u00e1n\u00ed projekt\u016f.<\/li>\n<li>Monitoring a reporting planningu, n\u00e1klad\u016f a miln\u00edk\u016f projekt\u016f.<\/li>\n<li>Spolupr\u00e1ce na valida\u010dn\u00edch pl\u00e1nech, v\u00fdb\u011bru komponent a testov\u00e1n\u00ed.<\/li>\n<li>P\u0159\u00edprava technick\u00e9 dokumentace pro intern\u00ed t\u00fdmy, z\u00e1kazn\u00edky a platformy.<\/li>\n<li>Spolupr\u00e1ce s odd\u011blen\u00edm Customer Service na p\u0159\u00edprav\u011b n\u00e1vod\u016f a pl\u00e1n\u016f \u00fadr\u017eby.<\/li>\n<\/ul>\n<p><strong>Co by kandid\u00e1t m\u011bl spl\u0148ovat:<\/strong><\/p>\n<ul>\n<li>Vysoko\u0161kolsk\u00e9 technick\u00e9 vzd\u011bl\u00e1n\u00ed (ide\u00e1ln\u011b v oblasti automobilov\u00e9ho nebo strojn\u00edho in\u017een\u00fdrstv\u00ed)<\/li>\n<li><strong>Angli\u010dtina na \u00farovni B2<\/strong>, v\u00fdhodou z\u00e1kladn\u00ed znalost \u010de\u0161tiny, francouz\u0161tiny nebo ital\u0161tiny (A2\u2013B1)<\/li>\n<li>V\u00fdborn\u00e9 komunika\u010dn\u00ed a koordina\u010dn\u00ed schopnosti nap\u0159\u00ed\u010d t\u00fdmy<\/li>\n<li>Znalost MS Office a projektov\u00fdch n\u00e1stroj\u016f<\/li>\n<li>Minim\u00e1ln\u011b 5 let praxe v automobilov\u00e9m pr\u016fmyslu<\/li>\n<li>V\u00fdhodou: zku\u0161enosti s projektov\u00fdm \u0159\u00edzen\u00edm a pr\u00e1ci v multikulturn\u00edm prost\u0159ed\u00ed<\/li>\n<\/ul>\n<p><strong>Co na opl\u00e1tku nab\u00edz\u00ed Iveco:<\/strong><\/p>\n<ul>\n<li>Nadstandardn\u00ed mzda u n\u00e1s nen\u00ed jen pr\u00e1zdn\u00e1 fr\u00e1ze, jist\u00e1 mzda ka\u017ed\u00fd 14. den v m\u011bs\u00edci.<\/li>\n<li>Zkr\u00e1cen\u00e1 pracovn\u00ed doba 7,5 hodiny.<\/li>\n<li>Benefitn\u00ed program min. 2500 K\u010d \u2013 2x ro\u010dn\u011b.<\/li>\n<li>Ro\u010dn\u00ed individu\u00e1ln\u00ed odm\u011bna 21 000 K\u010d.<\/li>\n<li>T\u00fdden dovolen\u00e9 nav\u00edc.<\/li>\n<li>Ob\u011bdy\/ve\u010de\u0159e od 60 K\u010d \/p\u0159\u00edsp\u011bvek 43 K\u010d\/ v na\u0161\u00ed j\u00eddeln\u011b, v\u00fdb\u011br ze 6 druh\u016f j\u00eddel.<\/li>\n<li>P\u0159\u00edsp\u011bvek na penzijn\u00ed p\u0159ipoji\u0161t\u011bn\u00ed.<\/li>\n<li>P\u0159\u00edsp\u011bvek p\u0159i narozen\u00ed d\u00edt\u011bte 5000 K\u010d.<\/li>\n<li>P\u0159\u00edplatky nad r\u00e1mec z\u00e1kona (p\u0159es\u010dasy) a p\u0159\u00edplatek na odpoledn\u00ed a no\u010dn\u00ed sm\u011bny.<\/li>\n<li>Konzulta\u010dn\u00ed poradensk\u00e1 slu\u017eba ELA v oblasti \u017eiv. stylu, finan\u010dn\u00ed, psychologick\u00e1, soci\u00e1ln\u00ed a pr\u00e1vn\u00ed pomoc.<\/li>\n<\/ul>\n<p>Zdroj: Linkedin<\/p>\n<p><a href=\"https:\/\/www.linkedin.com\/jobs\/view\/4278733624\/?alternateChannel=search&amp;eBP=CwEAAAGY3gNCNq6fkonf9n_Y1eC_GAn7aGHtjSFhqix6NCczs_2VUILaM4gpkDpaxGHVtricmV7xAFlgM1hz2ZTzsWGKoB9vrgYek0FSzHPgWql-67V7AR9xGteMWsYbYmCa-1LmYEbKIzRnZWuKwiFH9yWGEZjQOdGXcg5okXQyHMh3jkxZys5khCD-Y4kVvg_AWMoxHV4mgBaxXhqANcPmVJiSgmIA-TWhrD8AdsI7kChAEDP7qcCg96fgh-ygOkXuIXKgU4XJXZivsErkIjjjAvV-G1O0rAUxFAEwnNDuP6ehuAkDquxQE9ec_93l9lI7Kb8SywnchUO9roE6GDfCHCwrAIf7I9YFtgap344DI0O2mQu-lklfnUX_NUa-unxlpxEdfZuKB4JrvTW9CL_iN_qZlpqzWPHj4TljCjpE5rfa6Z_FU5BeTomWmIgq63hVtD9StSlV8Mm5f_PiEMqi_CSeLqB7nUc7Rh4MRp6qg9eOMl15nGqkESB6gTDgxEXKiPVcP5w&amp;refId=ZtTaOXrKUMsThe%2FvqqjEEQ%3D%3D&amp;trackingId=Hi0tW3EbaEXCTIbLlqCsLg%3D%3D\">(24) LinkedIn<\/a><\/p>\n<p>&nbsp;<\/p>\n","protected":false},"excerpt":{"rendered":"<p>Iveco hled\u00e1 Project Managera \/ Technology Stream Leadera, kter\u00fd bude podporovat a koordinovat technick\u00e9 projekty&#8230;<\/p>\n","protected":false},"author":1,"featured_media":3237,"comment_status":"closed","ping_status":"closed","sticky":false,"template":"","format":"standard","meta":{"footnotes":""},"categories":[6,5],"tags":[],"class_list":["post-15859","post","type-post","status-publish","format-standard","has-post-thumbnail","hentry","category-management","category-personalie"],"_links":{"self":[{"href":"https:\/\/www.automakers.cz\/index.php?rest_route=\/wp\/v2\/posts\/15859","targetHints":{"allow":["GET"]}}],"collection":[{"href":"https:\/\/www.automakers.cz\/index.php?rest_route=\/wp\/v2\/posts"}],"about":[{"href":"https:\/\/www.automakers.cz\/index.php?rest_route=\/wp\/v2\/types\/post"}],"author":[{"embeddable":true,"href":"https:\/\/www.automakers.cz\/index.php?rest_route=\/wp\/v2\/users\/1"}],"replies":[{"embeddable":true,"href":"https:\/\/www.automakers.cz\/index.php?rest_route=%2Fwp%2Fv2%2Fcomments&post=15859"}],"version-history":[{"count":2,"href":"https:\/\/www.automakers.cz\/index.php?rest_route=\/wp\/v2\/posts\/15859\/revisions"}],"predecessor-version":[{"id":15884,"href":"https:\/\/www.automakers.cz\/index.php?rest_route=\/wp\/v2\/posts\/15859\/revisions\/15884"}],"wp:featuredmedia":[{"embeddable":true,"href":"https:\/\/www.automakers.cz\/index.php?rest_route=\/wp\/v2\/media\/3237"}],"wp:attachment":[{"href":"https:\/\/www.automakers.cz\/index.php?rest_route=%2Fwp%2Fv2%2Fmedia&parent=15859"}],"wp:term":[{"taxonomy":"category","embeddable":true,"href":"https:\/\/www.automakers.cz\/index.php?rest_route=%2Fwp%2Fv2%2Fcategories&post=15859"},{"taxonomy":"post_tag","embeddable":true,"href":"https:\/\/www.automakers.cz\/index.php?rest_route=%2Fwp%2Fv2%2Ftags&post=15859"}],"curies":[{"name":"wp","href":"https:\/\/api.w.org\/{rel}","templated":true}]}}