{"id":15870,"date":"2025-08-28T10:11:38","date_gmt":"2025-08-28T10:11:38","guid":{"rendered":"https:\/\/www.automakers.cz\/?p=15870"},"modified":"2025-08-28T10:11:38","modified_gmt":"2025-08-28T10:11:38","slug":"skoda-podporila-osatnik-pro-skolaky","status":"publish","type":"post","link":"https:\/\/www.automakers.cz\/?p=15870","title":{"rendered":"\u0160koda podpo\u0159ila O\u0161atn\u00edk pro \u0161kol\u00e1ky"},"content":{"rendered":"<div class=\"entry-summary\">\n<p><strong>\u0160koda Auto, reprezentovan\u00e1 \u010dlenkou p\u0159edstavenstva Maren Gr\u00e4f, se spolu s Odbory KOVO zastoupen\u00fdmi jejich p\u0159edsedou Jaroslavem Pov\u0161\u00edkem, i letos p\u0159ipojila k dobro\u010dinn\u00e9mu projektu s n\u00e1zvem O\u0161atn\u00edk, kter\u00fd provozuje m\u011bsto Mlad\u00e1 Boleslav na pomoc znev\u00fdhodn\u011bn\u00fdm lidem a rodin\u00e1m v regionu. <\/strong><\/p>\n<\/div>\n<p><!--more--><\/p>\n<div class=\"entry-content\">\n<p>\u0160koda Auto s Odbory KOVO spole\u010dn\u011b v Obchodn\u00edm centru Olympia zah\u00e1jili 19. 8. druh\u00e9 kolo leto\u0161n\u00ed sb\u00edrky, jej\u00edm\u017e c\u00edlem je p\u0159ed za\u010d\u00e1tkem \u0161koln\u00edho roku zajistit \u0161koln\u00ed pot\u0159eby pro \u017e\u00e1ky ze znev\u00fdhodn\u011bn\u00fdch rodin v regionu. Tato sb\u00edrka se kon\u00e1 od roku 2022.<\/p>\n<p>Zat\u00edmco prvn\u00ed rok se se\u0161lo kolem 80 aktovek, letos jen v r\u00e1mci prvn\u00edho kola organiz\u00e1to\u0159i vybrali 252 aktovek. Mladoboleslavsk\u00e1 automobilka podporuje O\u0161atn\u00edk finan\u010dn\u011b od jeho vzniku a spole\u010dn\u011b s Odbory KOVO na n\u011bj v\u011bnuje ka\u017ed\u00fd rok \u010d\u00e1stku 200 000 K\u010d.<\/p>\n<p><em>\u201eVe \u0160koda Auto jsme hrd\u00ed na to, \u017ee spole\u010dn\u011b s\u00a0odbory KOVO a\u00a0m\u011bstem Mlad\u00e1 Boleslav m\u016f\u017eeme st\u00e1t za projektem O\u0161atn\u00edk. Je to jednoduch\u00e1, ale d\u016fle\u017eit\u00e1 idea: zajistit, aby d\u011bti a\u00a0rodiny v\u00a0na\u0161\u00ed komunit\u011b m\u011bly pot\u0159ebn\u00e9 \u0161koln\u00ed pom\u016fcky. Vzd\u011bl\u00e1n\u00ed otev\u00edr\u00e1 dve\u0159e a\u00a0ka\u017ed\u00e9 d\u00edt\u011b si tuto \u0161anci zaslou\u017e\u00ed. Rostouc\u00ed z\u00e1jem o\u00a0projekt O\u0161atn\u00edk ukazuje, jak je nezbytn\u00fd, a\u00a0my ho budeme nad\u00e1le s\u00a0pln\u00fdm nasazen\u00edm podporovat. P\u00e9\u010de o\u00a0mladoboleslavsk\u00fd region je pro n\u00e1s nejen odpov\u011bdnost\u00ed, ale i\u00a0sou\u010d\u00e1st\u00ed toho, kdo jsme.\u201c<\/em><\/p>\n<p><strong>Maren Gr\u00e4f, \u010dlenka p\u0159edstavenstva spole\u010dnosti \u0160koda Auto pro oblast Lid\u00e9 a kultura<\/strong><\/p>\n<p><em>\u201cOdbory KOVO se aktivn\u011b pod\u00edlej\u00ed na dobro\u010dinn\u00fdch projektech, jako je O\u0161atn\u00edk, kter\u00fd pom\u00e1h\u00e1 znev\u00fdhodn\u011bn\u00fdm lidem a\u00a0rodin\u00e1m v\u00a0na\u0161em regionu. Jsme velmi r\u00e1di, \u017ee spole\u010dn\u011b se \u0160koda Auto ka\u017edoro\u010dn\u011b p\u0159isp\u00edv\u00e1me \u010d\u00e1stkou 200\u00a0000\u00a0K\u010d, co\u017e v\u00fdrazn\u011b podporuje \u010dinnost tohoto projektu. Jeho d\u016fle\u017eitost a\u00a0pot\u0159eba jsou nepopirateln\u00e9, a\u00a0na\u0161e spole\u010dn\u00e1 snaha pom\u00e1h\u00e1 t\u011bm, kte\u0159\u00ed to nejv\u00edce pot\u0159ebuj\u00ed.\u201d<\/em><\/p>\n<p><strong>Jaroslav Pov\u0161\u00edk, p\u0159edseda podnikov\u00e9 rady Odbor\u016f KOVO<\/strong><\/p>\n<p><strong>Z\u00e1jem o pomoc roste: v\u00edce ne\u017e 250\u00a0aktovek a\u00a0dal\u0161\u00edch pot\u0159eb pro d\u011bti z\u00a0Mladoboleslavska<\/strong><\/p>\n<p>P\u0159ed za\u010d\u00e1tkem nov\u00e9ho \u0161koln\u00edho roku se dobro\u010dinn\u00e1 sb\u00edrka zam\u011b\u0159uje p\u0159edev\u0161\u00edm na \u0161koln\u00ed pot\u0159eby, proto\u017ee jejich zaji\u0161t\u011bn\u00ed je sou\u010d\u00e1st\u00ed \u00fasp\u011b\u0161n\u00e9ho startu \u0161koln\u00ed doch\u00e1zky. Z\u00e1jem o\u00a0pomoc rodin\u00e1m v\u00a0nouzi roste: zat\u00edmco p\u0159i zah\u00e1jen\u00ed v\u00a0roce 2022 se v\u00a0O\u0161atn\u00edku se\u0161lo na 80\u00a0aktovek, o\u00a0rok pozd\u011bji jich bylo ji\u017e 150, v\u00a0roce 2024 po\u010det vzrostl na 220.<\/p>\n<p>B\u011bhem leto\u0161n\u00edho 1. kola sb\u00edrky, kter\u00e1 prob\u011bhla v \u010dervnu, po\u010det \u0161koln\u00edch bra\u0161en p\u0159ekonal hranici 250. Od 19. 8. 2025 b\u011b\u017e\u00ed leto\u0161n\u00ed druh\u00e1 sb\u00edrka v Obchodn\u00edm centru Olympia. Do n\u00ed se m\u016f\u017ee zapojit kdokoli.<\/p>\n<p>O\u0161atn\u00edk byl z\u0159\u00edzen m\u011bstem Mlad\u00e1 Boleslav jako m\u00edsto p\u0159\u00edjmu a\u00a0v\u00fddeje materi\u00e1ln\u00ed podpory osob\u00e1m ohro\u017een\u00fdm soci\u00e1ln\u00ed t\u00edsn\u00ed a\u00a0soci\u00e1ln\u00edm vylou\u010den\u00edm. Projekt vznikl v\u00a0roce 2022 v\u00a0reakci na ukrajinskou uprchlickou krizi a\u00a0dnes pom\u00e1h\u00e1 lidem v\u00a0nouzi, soci\u00e1ln\u011b slab\u00fdm a\u00a0rodi\u010d\u016fm samo\u017eivitel\u016fm.<\/p>\n<p>Do O\u0161atn\u00edku mohou lid\u00e9 p\u0159in\u00e9st nov\u00e9 nebo zachoval\u00e9 oble\u010den\u00ed, hra\u010dky, drobn\u00fd n\u00e1bytek \u010di pot\u0159eby pro dom\u00e1cnost. P\u0159\u00edjemcem podpory m\u016f\u017ee b\u00fdt ka\u017ed\u00e1 osoba se speci\u00e1ln\u00edm poukazem nebo s\u00a0rozhodnut\u00edm vydan\u00fdm \u00da\u0159adem pr\u00e1ce \u010cR.<\/p>\n<p><strong>\u0160koda Auto a Odbory KOVO podporuj\u00ed rozvoj kvality \u017eivota ve m\u011bst\u011b a jeho okol\u00ed<\/strong><\/p>\n<p>Podpora osob v nouzi a\u00a0znev\u00fdhodn\u011bn\u00fdch ob\u010dan\u016f je spolu s\u00a0pomoc\u00ed region\u016fm a\u00a0dobrovolnictv\u00edm zam\u011bstnanc\u016f pevnou sou\u010d\u00e1st\u00ed odpov\u011bdnosti automobilky \u0160koda Auto. Firma se zam\u011b\u0159uje zejm\u00e9na na pomoc region\u016fm, v\u00a0nich\u017e p\u016fsob\u00ed.<\/p>\n<p>V roce 2023 do\u0161lo k prohlouben\u00ed spolupr\u00e1ce s m\u011bstem Mlad\u00e1 Boleslav prost\u0159ednictv\u00edm memoranda o spolupr\u00e1ci. To povede k dal\u0161\u00edmu zlep\u0161ov\u00e1n\u00ed kvality \u017eivota m\u00edstn\u00edch obyvatel. Mezi prioritn\u00ed oblasti pat\u0159\u00ed nap\u0159\u00edklad podpora bezpe\u010dnosti, mate\u0159sk\u00fdch \u0161kol a d\u011btsk\u00fdch skupin, z\u00e1zem\u00ed pro tr\u00e1ven\u00ed voln\u00e9ho \u010dasu \u010di aktivit pro seniory a soci\u00e1ln\u011b znev\u00fdhodn\u011bn\u00e9 ob\u010dany. Automobilka a Odbory KOVO p\u0159isp\u00edvaj\u00ed \u010d\u00e1stkou ve v\u00fd\u0161i minim\u00e1ln\u011b 4 miliony korun ro\u010dn\u011b.<\/p>\n<p>Automobilka tak\u00e9 zalo\u017eila v\u00a0roce 2018 Nada\u010dn\u00ed fond \u0160koda Auto, kter\u00fd od t\u00e9 doby v\u00a0regionech sv\u00e9 p\u016fsobnosti podpo\u0159il p\u0159es 1\u00a0000 konkr\u00e9tn\u00edch projekt\u016f \u010d\u00e1stkou p\u0159evy\u0161uj\u00edc\u00ed 423\u00a0milion\u016f korun. Mezi nejv\u00fdznamn\u011bj\u0161\u00ed v\u00a0regionu Mladoboleslavska pat\u0159\u00ed iniciace a\u00a0dlouhodob\u00e1 podpora sd\u00edlen\u00fdch kol, revitalizace historick\u00e9 lokality Pluh\u00e1rna na komunitn\u00ed centrum nebo rekonstrukce budovy Klementinka, kde vedle st\u00e1vaj\u00edc\u00edch aktivit vznikne coworkingov\u00e9 a\u00a0inova\u010dn\u00ed centrum HUB Mlad\u00e1 Boleslav.<\/p>\n<p><img loading=\"lazy\" decoding=\"async\" class=\"alignnone wp-image-15872\" src=\"http:\/\/www.automakers.cz\/wp-content\/uploads\/2025\/08\/250825-Osatnik-1-small-900x552.jpg\" alt=\"\" width=\"955\" height=\"586\" srcset=\"https:\/\/www.automakers.cz\/wp-content\/uploads\/2025\/08\/250825-Osatnik-1-small-900x552.jpg 900w, https:\/\/www.automakers.cz\/wp-content\/uploads\/2025\/08\/250825-Osatnik-1-small-1024x628.jpg 1024w, https:\/\/www.automakers.cz\/wp-content\/uploads\/2025\/08\/250825-Osatnik-1-small-768x471.jpg 768w, https:\/\/www.automakers.cz\/wp-content\/uploads\/2025\/08\/250825-Osatnik-1-small-1536x941.jpg 1536w\" sizes=\"auto, (max-width: 955px) 100vw, 955px\" \/><\/p>\n<\/div>\n","protected":false},"excerpt":{"rendered":"<p>\u0160koda Auto, reprezentovan\u00e1 \u010dlenkou p\u0159edstavenstva Maren Gr\u00e4f, se spolu s Odbory KOVO zastoupen\u00fdmi jejich p\u0159edsedou&#8230;<\/p>\n","protected":false},"author":2,"featured_media":15871,"comment_status":"closed","ping_status":"closed","sticky":false,"template":"","format":"standard","meta":{"footnotes":""},"categories":[16,29,46],"tags":[],"class_list":["post-15870","post","type-post","status-publish","format-standard","has-post-thumbnail","hentry","category-csr","category-sponzoring","category-vzdelani"],"_links":{"self":[{"href":"https:\/\/www.automakers.cz\/index.php?rest_route=\/wp\/v2\/posts\/15870","targetHints":{"allow":["GET"]}}],"collection":[{"href":"https:\/\/www.automakers.cz\/index.php?rest_route=\/wp\/v2\/posts"}],"about":[{"href":"https:\/\/www.automakers.cz\/index.php?rest_route=\/wp\/v2\/types\/post"}],"author":[{"embeddable":true,"href":"https:\/\/www.automakers.cz\/index.php?rest_route=\/wp\/v2\/users\/2"}],"replies":[{"embeddable":true,"href":"https:\/\/www.automakers.cz\/index.php?rest_route=%2Fwp%2Fv2%2Fcomments&post=15870"}],"version-history":[{"count":5,"href":"https:\/\/www.automakers.cz\/index.php?rest_route=\/wp\/v2\/posts\/15870\/revisions"}],"predecessor-version":[{"id":15883,"href":"https:\/\/www.automakers.cz\/index.php?rest_route=\/wp\/v2\/posts\/15870\/revisions\/15883"}],"wp:featuredmedia":[{"embeddable":true,"href":"https:\/\/www.automakers.cz\/index.php?rest_route=\/wp\/v2\/media\/15871"}],"wp:attachment":[{"href":"https:\/\/www.automakers.cz\/index.php?rest_route=%2Fwp%2Fv2%2Fmedia&parent=15870"}],"wp:term":[{"taxonomy":"category","embeddable":true,"href":"https:\/\/www.automakers.cz\/index.php?rest_route=%2Fwp%2Fv2%2Fcategories&post=15870"},{"taxonomy":"post_tag","embeddable":true,"href":"https:\/\/www.automakers.cz\/index.php?rest_route=%2Fwp%2Fv2%2Ftags&post=15870"}],"curies":[{"name":"wp","href":"https:\/\/api.w.org\/{rel}","templated":true}]}}