{"id":15885,"date":"2025-08-28T11:20:43","date_gmt":"2025-08-28T11:20:43","guid":{"rendered":"https:\/\/www.automakers.cz\/?p=15885"},"modified":"2025-08-28T11:55:49","modified_gmt":"2025-08-28T11:55:49","slug":"cinane-plni-zarijove-diare-motonovinaru","status":"publish","type":"post","link":"https:\/\/www.automakers.cz\/?p=15885","title":{"rendered":"\u010c\u00ed\u0148an\u00e9 pln\u00ed z\u00e1\u0159ijov\u00e9 di\u00e1\u0159e motonovin\u00e1\u0159\u016f"},"content":{"rendered":"<p><strong>\u010c\u00ednsk\u00e9 automobilky za\u010daly plnit z\u00e1\u0159ijov\u00e9 di\u00e1\u0159e \u010desk\u00fdch motoristick\u00fdch novin\u00e1\u0159\u016f. Lavinu akc\u00ed spustila ve st\u0159edu 27. srpna polsk\u00e1 BEMO Group premi\u00e9rou model\u016f BAIC (Beijing) v pra\u017esk\u00e9 Pell\u00e9ov\u011b vile. Na z\u00e1\u0159\u00ed chyst\u00e1 tiskovky dal\u0161\u00edch 6 \u010d\u00ednsk\u00fdch zna\u010dek.<\/strong><!--more--><\/p>\n<p><strong>\u010c\u00ednsk\u00fd BAIC p\u0159es l\u00e9to pokro\u010dil v budov\u00e1n\u00ed \u010desk\u00e9ho importu a dealersk\u00e9 s\u00edt\u011b. <\/strong>Import provozuje od zimy, jak u\u017e jsme psali d\u0159\u00edve, polsk\u00e1 obchodn\u00ed organizace<strong> BEMO<\/strong>.<\/p>\n<p>V jeho \u010dele je zku\u0161en\u00fd mana\u017eer <strong>Jan Laube<\/strong>, kter\u00fd v minulosti nap\u0159. 11 let vedl dovoz automobil\u016f Ford.<\/p>\n<p>V <strong>Pell\u00e9ov\u011b vile<\/strong> se pochlubil p\u011bti produktov\u00fdmi novinkami a z\u00e1rodkem dealersk\u00e9 a servisn\u00ed s\u00edt\u011b pro vozy <strong>Beijing<\/strong>.<\/p>\n<p><img loading=\"lazy\" decoding=\"async\" class=\"alignnone size-medium wp-image-15890\" src=\"http:\/\/www.automakers.cz\/wp-content\/uploads\/2025\/08\/BAIC-TK-Pelleova-vila-odhaleni-900x506.jpg\" alt=\"\" width=\"900\" height=\"506\" srcset=\"https:\/\/www.automakers.cz\/wp-content\/uploads\/2025\/08\/BAIC-TK-Pelleova-vila-odhaleni-900x506.jpg 900w, https:\/\/www.automakers.cz\/wp-content\/uploads\/2025\/08\/BAIC-TK-Pelleova-vila-odhaleni-1024x576.jpg 1024w, https:\/\/www.automakers.cz\/wp-content\/uploads\/2025\/08\/BAIC-TK-Pelleova-vila-odhaleni-768x432.jpg 768w, https:\/\/www.automakers.cz\/wp-content\/uploads\/2025\/08\/BAIC-TK-Pelleova-vila-odhaleni-1536x864.jpg 1536w, https:\/\/www.automakers.cz\/wp-content\/uploads\/2025\/08\/BAIC-TK-Pelleova-vila-odhaleni-1280x720.jpg 1280w, https:\/\/www.automakers.cz\/wp-content\/uploads\/2025\/08\/BAIC-TK-Pelleova-vila-odhaleni.jpg 2048w\" sizes=\"auto, (max-width: 900px) 100vw, 900px\" \/><strong>Z akce BAIC v Pell\u00e9ov\u011b vile chyst\u00e1me samostatnou fotoreport\u00e1\u017e!<\/strong><\/p>\n<p><strong>V z\u00e1\u0159\u00ed pak bude \u010d\u00ednsk\u00e1 lavina pokra\u010dovat.<\/strong> Ofici\u00e1ln\u00ed vstup na \u010desk\u00fd trh ozn\u00e1m\u00ed v z\u00e1\u0159\u00ed ve Vod\u011br\u00e1dk\u00e1ch automobilka<strong> Chery,<\/strong> kterou importuje kaza\u0161sk\u00e1 Astana.<\/p>\n<p><img loading=\"lazy\" decoding=\"async\" class=\"alignnone size-medium wp-image-14406\" src=\"http:\/\/www.automakers.cz\/wp-content\/uploads\/2025\/07\/Chery-Tiggo-8-orez-900x666.jpg\" alt=\"\" width=\"900\" height=\"666\" srcset=\"https:\/\/www.automakers.cz\/wp-content\/uploads\/2025\/07\/Chery-Tiggo-8-orez-900x666.jpg 900w, https:\/\/www.automakers.cz\/wp-content\/uploads\/2025\/07\/Chery-Tiggo-8-orez-1024x758.jpg 1024w, https:\/\/www.automakers.cz\/wp-content\/uploads\/2025\/07\/Chery-Tiggo-8-orez-768x569.jpg 768w, https:\/\/www.automakers.cz\/wp-content\/uploads\/2025\/07\/Chery-Tiggo-8-orez-1536x1137.jpg 1536w, https:\/\/www.automakers.cz\/wp-content\/uploads\/2025\/07\/Chery-Tiggo-8-orez.jpg 1556w\" sizes=\"auto, (max-width: 900px) 100vw, 900px\" \/>Vod\u011br\u00e1dky jedou, svoje novinky tam v z\u00e1\u0159\u00ed uk\u00e1\u017ee i ambici\u00f3zn\u00ed \u010d\u00ednsk\u00e1 zna\u010dka <strong>BYD. Snad se dozv\u00edme, kdo v \u010dele importu nahradil Martina He\u0159mansk\u00e9ho!<\/strong><\/p>\n<p><strong><img loading=\"lazy\" decoding=\"async\" class=\"alignnone size-medium wp-image-12093\" src=\"http:\/\/www.automakers.cz\/wp-content\/uploads\/2025\/04\/BYD-Karlin-Harmansky-auta-podium-900x506.jpg\" alt=\"\" width=\"900\" height=\"506\" srcset=\"https:\/\/www.automakers.cz\/wp-content\/uploads\/2025\/04\/BYD-Karlin-Harmansky-auta-podium-900x506.jpg 900w, https:\/\/www.automakers.cz\/wp-content\/uploads\/2025\/04\/BYD-Karlin-Harmansky-auta-podium-1024x576.jpg 1024w, https:\/\/www.automakers.cz\/wp-content\/uploads\/2025\/04\/BYD-Karlin-Harmansky-auta-podium-768x432.jpg 768w, https:\/\/www.automakers.cz\/wp-content\/uploads\/2025\/04\/BYD-Karlin-Harmansky-auta-podium-1536x864.jpg 1536w, https:\/\/www.automakers.cz\/wp-content\/uploads\/2025\/04\/BYD-Karlin-Harmansky-auta-podium-1280x720.jpg 1280w, https:\/\/www.automakers.cz\/wp-content\/uploads\/2025\/04\/BYD-Karlin-Harmansky-auta-podium.jpg 2040w\" sizes=\"auto, (max-width: 900px) 100vw, 900px\" \/><\/strong>V redak\u010dn\u00edm di\u00e1\u0159i d\u00e1le m\u00e1me <strong>slavnostn\u00ed launch event Omody <\/strong>v prostoru Pragovka Art District, kde si novinku budou moci vyzkou\u0161et vedle novin\u00e1\u0159\u016f i influence\u0159i a VIP host\u00e9.<\/p>\n<p><img loading=\"lazy\" decoding=\"async\" class=\"alignnone size-medium wp-image-11953\" src=\"http:\/\/www.automakers.cz\/wp-content\/uploads\/2025\/03\/Omoda_5-900x664.jpg\" alt=\"\" width=\"900\" height=\"664\" \/>Do Pragovky p\u016fjdou novin\u00e1\u0159i i na ofici\u00e1ln\u00ed <strong class=\"\" data-start=\"622\" data-end=\"671\">uveden\u00ed nov\u00e9ho modelu SWM G1 Pro na \u010desk\u00fd trh.<\/strong><\/p>\n<p>A ve Vyso\u010danech se je\u0161t\u011b objev\u00edme, medi\u00e1ln\u00ed premi\u00e9ru v nov\u00e9m showroomu na Kolbenov\u011b p\u0159ipravuje na polovinu z\u00e1\u0159\u00ed pro <strong>LeapMotor jeho country mana\u017eer Luk\u00e1\u0161 Ho\u0161ek.<\/strong><\/p>\n<figure id=\"attachment_14842\" aria-describedby=\"caption-attachment-14842\" style=\"width: 900px\" class=\"wp-caption alignnone\"><img loading=\"lazy\" decoding=\"async\" class=\"size-medium wp-image-14842\" src=\"http:\/\/www.automakers.cz\/wp-content\/uploads\/2025\/07\/Leapmotor-Vysocany-showroom-Subaru-900x506.jpg\" alt=\"\" width=\"900\" height=\"506\" srcset=\"https:\/\/www.automakers.cz\/wp-content\/uploads\/2025\/07\/Leapmotor-Vysocany-showroom-Subaru-900x506.jpg 900w, https:\/\/www.automakers.cz\/wp-content\/uploads\/2025\/07\/Leapmotor-Vysocany-showroom-Subaru-1024x576.jpg 1024w, https:\/\/www.automakers.cz\/wp-content\/uploads\/2025\/07\/Leapmotor-Vysocany-showroom-Subaru-768x432.jpg 768w, https:\/\/www.automakers.cz\/wp-content\/uploads\/2025\/07\/Leapmotor-Vysocany-showroom-Subaru-1536x864.jpg 1536w, https:\/\/www.automakers.cz\/wp-content\/uploads\/2025\/07\/Leapmotor-Vysocany-showroom-Subaru-1280x720.jpg 1280w, https:\/\/www.automakers.cz\/wp-content\/uploads\/2025\/07\/Leapmotor-Vysocany-showroom-Subaru.jpg 2048w\" sizes=\"auto, (max-width: 900px) 100vw, 900px\" \/><figcaption id=\"caption-attachment-14842\" class=\"wp-caption-text\"><strong>LeapMotor sd\u00edl\u00ed ve Vyso\u010danech showroom Emila Freye se Subaru; FOTO: Erich Handl<\/strong><\/figcaption><\/figure>\n<p>Pro novin\u00e1\u0159e organizuje event tak\u00e9 zat\u00edm v tuzemsku nep\u0159\u00edli\u0161 zn\u00e1m\u00e1 automobilka<strong> Lynk &amp; Co.<\/strong><\/p>\n<p><strong>Zdroj: redak\u010dn\u00ed di\u00e1\u0159 AUTOmakers<\/strong><\/p>\n<p>&nbsp;<\/p>\n<p>&nbsp;<\/p>\n<p>&nbsp;<\/p>\n<p>&nbsp;<\/p>\n","protected":false},"excerpt":{"rendered":"<p>\u010c\u00ednsk\u00e9 automobilky za\u010daly plnit z\u00e1\u0159ijov\u00e9 di\u00e1\u0159e \u010desk\u00fdch motoristick\u00fdch novin\u00e1\u0159\u016f. Lavinu akc\u00ed spustila ve st\u0159edu 27&#8230;.<\/p>\n","protected":false},"author":1,"featured_media":15889,"comment_status":"closed","ping_status":"closed","sticky":false,"template":"","format":"standard","meta":{"footnotes":""},"categories":[103,12,20],"tags":[],"class_list":["post-15885","post","type-post","status-publish","format-standard","has-post-thumbnail","hentry","category-kalendar","category-premiery","category-tiskovky"],"_links":{"self":[{"href":"https:\/\/www.automakers.cz\/index.php?rest_route=\/wp\/v2\/posts\/15885","targetHints":{"allow":["GET"]}}],"collection":[{"href":"https:\/\/www.automakers.cz\/index.php?rest_route=\/wp\/v2\/posts"}],"about":[{"href":"https:\/\/www.automakers.cz\/index.php?rest_route=\/wp\/v2\/types\/post"}],"author":[{"embeddable":true,"href":"https:\/\/www.automakers.cz\/index.php?rest_route=\/wp\/v2\/users\/1"}],"replies":[{"embeddable":true,"href":"https:\/\/www.automakers.cz\/index.php?rest_route=%2Fwp%2Fv2%2Fcomments&post=15885"}],"version-history":[{"count":14,"href":"https:\/\/www.automakers.cz\/index.php?rest_route=\/wp\/v2\/posts\/15885\/revisions"}],"predecessor-version":[{"id":15902,"href":"https:\/\/www.automakers.cz\/index.php?rest_route=\/wp\/v2\/posts\/15885\/revisions\/15902"}],"wp:featuredmedia":[{"embeddable":true,"href":"https:\/\/www.automakers.cz\/index.php?rest_route=\/wp\/v2\/media\/15889"}],"wp:attachment":[{"href":"https:\/\/www.automakers.cz\/index.php?rest_route=%2Fwp%2Fv2%2Fmedia&parent=15885"}],"wp:term":[{"taxonomy":"category","embeddable":true,"href":"https:\/\/www.automakers.cz\/index.php?rest_route=%2Fwp%2Fv2%2Fcategories&post=15885"},{"taxonomy":"post_tag","embeddable":true,"href":"https:\/\/www.automakers.cz\/index.php?rest_route=%2Fwp%2Fv2%2Ftags&post=15885"}],"curies":[{"name":"wp","href":"https:\/\/api.w.org\/{rel}","templated":true}]}}