{"id":15905,"date":"2025-08-29T06:29:07","date_gmt":"2025-08-29T06:29:07","guid":{"rendered":"https:\/\/www.automakers.cz\/?p=15905"},"modified":"2025-08-29T06:29:07","modified_gmt":"2025-08-29T06:29:07","slug":"acea-hlasi-letni-rust-registraci-vozidel","status":"publish","type":"post","link":"https:\/\/www.automakers.cz\/?p=15905","title":{"rendered":"ACEA hl\u00e1s\u00ed letn\u00ed r\u016fst registrac\u00ed vozidel"},"content":{"rendered":"<p><b>Asociace evropsk\u00fdch v\u00fdrobc\u016f automobil\u016f (ACEA) zve\u0159ejnila \u00fadaje o registrac\u00edch nov\u00fdch aut v EU. Siln\u00fd \u010dervenec nem\u011blo jen \u010cesko, ale cel\u00e1 EU.<\/b><!--more--><\/p>\n<p>V obdob\u00ed leden\u2013\u010dervenec 2025 se po\u010det nov\u00fdch registrac\u00ed osobn\u00edch aut v EU meziro\u010dn\u011b sn\u00ed\u017eil o 0,7 %, av\u0161ak samotn\u00fd <strong>\u010dervenec p\u0159inesl r\u016fst o 7,4 %<\/strong>.<\/p>\n<p>Trh se postupn\u011b posouv\u00e1 od spalovac\u00edch motor\u016f k alternativn\u00edm pohon\u016fm \u2013<strong> pod\u00edl elektromobil\u016f (BEV) dos\u00e1hl 15,6 %<\/strong> oproti 12,5 % v roce 2024, co\u017e p\u0159edstavuje 1,01 milionu nov\u011b registrovan\u00fdch voz\u016f. Nejv\u011bt\u0161\u00ed r\u016fsty zaznamenaly N\u011bmecko (+38,4 %), Belgie (+17,6 %) a Nizozemsko (+6,5 %), zat\u00edmco Francie vyk\u00e1zala pokles o 4,3 %.<\/p>\n<p><strong>Plug-in hybridy<\/strong> p\u0159edstavuj\u00ed nyn\u00ed 8,6 % registrac\u00ed aut v EU (561 tis. voz\u016f), zejm\u00e9na d\u00edky \u0160pan\u011blsku (+94,5 %) a N\u011bmecku (+59,2 %). Nejpopul\u00e1rn\u011bj\u0161\u00ed kategori\u00ed z\u016fst\u00e1vaj\u00ed hybridy bez extern\u00edho dob\u00edjen\u00ed, kter\u00e9 tvo\u0159\u00ed 34,7 % trhu s 2,26 milionu registrac\u00ed, ta\u017een\u00e9 r\u016fstem ve Francii (+30,5 %), \u0160pan\u011blsku (+30,2 %) \u010di N\u011bmecku (+10,7 %).<\/p>\n<p>Naopak auta se spalovac\u00edmi motory na benzin klesla o 20,1 % na 1,83 milionu kus\u016f (28,3 % trhu) a na naftu o 26,4 % (9,5 % trhu). Meziro\u010dn\u011b v samotn\u00e9m \u010dervenci vzrostly registrace elektromobil\u016f o 39,1 %, hybrid\u016f o 14,3 % a plug-in hybrid\u016f dokonce o 56,9 %, zat\u00edmco auta s benzinov\u00fdmi a dieselov\u00fdmi motory d\u00e1le ztr\u00e1cela (-12 %, resp. -15,2 %).<\/p>\n<p><strong>Zdroj: ACEA, RB<\/strong><\/p>\n<p><img loading=\"lazy\" decoding=\"async\" class=\"alignnone size-full wp-image-2371\" src=\"http:\/\/www.automakers.cz\/wp-content\/uploads\/2024\/02\/ACEA-jpg-logo.jpg\" alt=\"\" width=\"474\" height=\"252\" \/><\/p>\n","protected":false},"excerpt":{"rendered":"<p>Asociace evropsk\u00fdch v\u00fdrobc\u016f automobil\u016f (ACEA) zve\u0159ejnila \u00fadaje o registrac\u00edch nov\u00fdch aut v EU. Siln\u00fd \u010dervenec&#8230;<\/p>\n","protected":false},"author":1,"featured_media":6333,"comment_status":"closed","ping_status":"closed","sticky":false,"template":"","format":"standard","meta":{"footnotes":""},"categories":[42,48,10],"tags":[],"class_list":["post-15905","post","type-post","status-publish","format-standard","has-post-thumbnail","hentry","category-analyza","category-registrace","category-statistika"],"_links":{"self":[{"href":"https:\/\/www.automakers.cz\/index.php?rest_route=\/wp\/v2\/posts\/15905","targetHints":{"allow":["GET"]}}],"collection":[{"href":"https:\/\/www.automakers.cz\/index.php?rest_route=\/wp\/v2\/posts"}],"about":[{"href":"https:\/\/www.automakers.cz\/index.php?rest_route=\/wp\/v2\/types\/post"}],"author":[{"embeddable":true,"href":"https:\/\/www.automakers.cz\/index.php?rest_route=\/wp\/v2\/users\/1"}],"replies":[{"embeddable":true,"href":"https:\/\/www.automakers.cz\/index.php?rest_route=%2Fwp%2Fv2%2Fcomments&post=15905"}],"version-history":[{"count":3,"href":"https:\/\/www.automakers.cz\/index.php?rest_route=\/wp\/v2\/posts\/15905\/revisions"}],"predecessor-version":[{"id":15908,"href":"https:\/\/www.automakers.cz\/index.php?rest_route=\/wp\/v2\/posts\/15905\/revisions\/15908"}],"wp:featuredmedia":[{"embeddable":true,"href":"https:\/\/www.automakers.cz\/index.php?rest_route=\/wp\/v2\/media\/6333"}],"wp:attachment":[{"href":"https:\/\/www.automakers.cz\/index.php?rest_route=%2Fwp%2Fv2%2Fmedia&parent=15905"}],"wp:term":[{"taxonomy":"category","embeddable":true,"href":"https:\/\/www.automakers.cz\/index.php?rest_route=%2Fwp%2Fv2%2Fcategories&post=15905"},{"taxonomy":"post_tag","embeddable":true,"href":"https:\/\/www.automakers.cz\/index.php?rest_route=%2Fwp%2Fv2%2Ftags&post=15905"}],"curies":[{"name":"wp","href":"https:\/\/api.w.org\/{rel}","templated":true}]}}