{"id":15950,"date":"2025-09-01T07:03:30","date_gmt":"2025-09-01T07:03:30","guid":{"rendered":"https:\/\/www.automakers.cz\/?p=15950"},"modified":"2025-09-01T07:03:30","modified_gmt":"2025-09-01T07:03:30","slug":"skoda-chysta-na-e-salon-studii-vision-o","status":"publish","type":"post","link":"https:\/\/www.automakers.cz\/?p=15950","title":{"rendered":"\u0160koda chyst\u00e1 na e-SALON studii Vision O"},"content":{"rendered":"<div><strong>Vrcholem leto\u0161n\u00ed v\u00fdstavn\u00ed sez\u00f3ny bude pro \u010desk\u00e9 v\u00fdrobce a import\u00e9ry elektroaut op\u011bt listopadov\u00fd veletrh \u010dist\u00e9 mobility e-SALON. <\/strong><strong>Redakce AUTOmakers p\u0159ipravila anketu mezi dovozci, kter\u00e1 navazuje na podepsan\u00e9 partnerstv\u00ed \u010dasopisu s veletrhem. Jak se k v\u00fdstav\u011b letos postav\u00ed \u0160kodovka?<\/strong><\/div>\n<p><!--more--><\/p>\n<p>&#8222;\u0160koda Auto se i letos v Let\u0148anech p\u0159edstav\u00ed. N\u00e1v\u0161t\u011bvn\u00edci se mohou t\u011b\u0161it na designovou studii \u0160koda Vision O, kter\u00e1 p\u0159edstavuje vizi budoucnosti elektromobility zna\u010dky, d\u00e1le na nejnov\u011bj\u0161\u00ed elektrick\u00e9 a plug-in hybridn\u00ed modely \u0160koda a tak\u00e9 leto\u0161n\u00ed \u017e\u00e1kovsk\u00fd v\u016fz \u0160koda L&amp;K 130, jen\u017e je v\u00fdsledkem pr\u00e1ce mlad\u00fdch talent\u016f ze St\u0159edn\u00edho odborn\u00e9ho u\u010dili\u0161t\u011b \u0160koda Auto. Cel\u00e1 expozice se ponese v duchu oslav v\u00fdro\u010d\u00ed 130 let od zalo\u017een\u00ed automobilky. Sou\u010dasn\u011b nebude chyb\u011bt ani v\u00fdb\u011br \u0160koda Origin\u00e1ln\u00edho p\u0159\u00edslu\u0161enstv\u00ed nebo prodejn\u00ed st\u00e1nek \u0160koda Lifestyle,&#8220; napsala n\u00e1m <strong>mluv\u010d\u00ed zna\u010dky Michaela Sklen\u00e1\u0159ov\u00e1.<\/strong><\/p>\n<p><strong>Vision O bude m\u00edt premi\u00e9ru za\u010d\u00e1tkem z\u00e1\u0159\u00ed v Mnichov\u011b.<\/strong>\u00a0 Podle automobilky poskytne vhled do budoucnosti zna\u010dky v kombi segmentu a p\u0159edstav\u00ed dal\u0161\u00ed rozvoj designov\u00e9ho jazyka Modern Solid. Designov\u00e1 studie odhal\u00ed budoucnost kombi model\u016f, odr\u00e1\u017eej\u00edc\u00ed odkaz zna\u010dky \u0160<em>koda<\/em>\u00a0a jej\u00ed pokrokov\u00fd p\u0159\u00edstup. Vision O z\u00e1rove\u0148 reflektuje 130letou tradici zna\u010dky \u0160<em>koda<\/em> a zd\u016fraz\u0148uje z\u00e1vazek spole\u010dnosti k udr\u017eiteln\u00fdm inovac\u00edm.<\/p>\n<p><strong>Bude se letos \u0160koda je\u0161t\u011b \u00fa\u010dastnit jin\u00e9 automotive v\u00fdstavy \u010di jarn\u00edho brn\u011bnsk\u00e9ho Amperu?<\/strong><\/p>\n<p>&#8222;Na dal\u0161\u00edch leto\u0161n\u00edch dom\u00e1c\u00edch automotive veletrz\u00edch \u0160koda Auto \u00fa\u010dast nepl\u00e1nuje. P\u0159\u00ed\u0161t\u00ed rok se na veletrhu<strong> Amper<\/strong> p\u0159edstav\u00ed autorizovan\u00fd partner \u0160koda Auto, spole\u010dnost<strong> Agrotec,<\/strong>&#8220; up\u0159esnila Sklen\u00e1\u0159ov\u00e1.<\/p>\n<p><strong>Zdroj: anketa AUTOmakers<\/strong><\/p>\n","protected":false},"excerpt":{"rendered":"<p>Vrcholem leto\u0161n\u00ed v\u00fdstavn\u00ed sez\u00f3ny bude pro \u010desk\u00e9 v\u00fdrobce a import\u00e9ry elektroaut op\u011bt listopadov\u00fd veletrh \u010dist\u00e9&#8230;<\/p>\n","protected":false},"author":1,"featured_media":15952,"comment_status":"closed","ping_status":"closed","sticky":false,"template":"","format":"standard","meta":{"footnotes":""},"categories":[13,9,8],"tags":[],"class_list":["post-15950","post","type-post","status-publish","format-standard","has-post-thumbnail","hentry","category-design","category-elektromobily","category-vystavy"],"_links":{"self":[{"href":"https:\/\/www.automakers.cz\/index.php?rest_route=\/wp\/v2\/posts\/15950","targetHints":{"allow":["GET"]}}],"collection":[{"href":"https:\/\/www.automakers.cz\/index.php?rest_route=\/wp\/v2\/posts"}],"about":[{"href":"https:\/\/www.automakers.cz\/index.php?rest_route=\/wp\/v2\/types\/post"}],"author":[{"embeddable":true,"href":"https:\/\/www.automakers.cz\/index.php?rest_route=\/wp\/v2\/users\/1"}],"replies":[{"embeddable":true,"href":"https:\/\/www.automakers.cz\/index.php?rest_route=%2Fwp%2Fv2%2Fcomments&post=15950"}],"version-history":[{"count":3,"href":"https:\/\/www.automakers.cz\/index.php?rest_route=\/wp\/v2\/posts\/15950\/revisions"}],"predecessor-version":[{"id":15954,"href":"https:\/\/www.automakers.cz\/index.php?rest_route=\/wp\/v2\/posts\/15950\/revisions\/15954"}],"wp:featuredmedia":[{"embeddable":true,"href":"https:\/\/www.automakers.cz\/index.php?rest_route=\/wp\/v2\/media\/15952"}],"wp:attachment":[{"href":"https:\/\/www.automakers.cz\/index.php?rest_route=%2Fwp%2Fv2%2Fmedia&parent=15950"}],"wp:term":[{"taxonomy":"category","embeddable":true,"href":"https:\/\/www.automakers.cz\/index.php?rest_route=%2Fwp%2Fv2%2Fcategories&post=15950"},{"taxonomy":"post_tag","embeddable":true,"href":"https:\/\/www.automakers.cz\/index.php?rest_route=%2Fwp%2Fv2%2Ftags&post=15950"}],"curies":[{"name":"wp","href":"https:\/\/api.w.org\/{rel}","templated":true}]}}