{"id":15970,"date":"2025-09-02T08:02:31","date_gmt":"2025-09-02T08:02:31","guid":{"rendered":"https:\/\/www.automakers.cz\/?p=15970"},"modified":"2025-09-04T12:59:20","modified_gmt":"2025-09-04T12:59:20","slug":"auto-roku-2026-ma-zatim-25-kandidatu","status":"publish","type":"post","link":"https:\/\/www.automakers.cz\/?p=15970","title":{"rendered":"Auto roku 2026 m\u00e1 zat\u00edm 26 kandid\u00e1t\u016f"},"content":{"rendered":"<p><strong>V pelotonu kandid\u00e1t\u016f nov\u00e9ho ro\u010dn\u00edku ankety Auto roku v \u010cesk\u00e9 republice se objevily zm\u011bny, do ankety je v t\u00e9to chv\u00edli nominov\u00e1no 25 aut, kter\u00e9 byly \u010di budou na trh uvedeny od 1. ledna 2025. P\u0159ihl\u00e1sit nov\u00e9 kandid\u00e1ty je mo\u017en\u00e9 a\u017e do listopadov\u00fdch j\u00edzd.<\/strong><!--more--><\/p>\n<p><strong>O tom, kdo z nich se nakonec bude py\u0161nit titulem Auto roku 2026 v \u010cesk\u00e9 republice letos rozhodne 19 \u010dlenn\u00e1 porota.<\/strong><span id=\"more-15558\"><\/span><\/p>\n<p>Vyhla\u0161ovatel ankety, <strong>Svaz dovozc\u016f automobil\u016f,<\/strong> si u\u017e n\u011bkolik\u00e1t\u00fdm rokem bere za vzor evropskou anketu Car of the year (COTY) a volba Auta roku v \u010cesk\u00e9 republice prob\u00edh\u00e1 dvoukolov\u00fdm syst\u00e9mem. V\u00fdsledky volby prvn\u00edho kola budou ozn\u00e1meny 10. prosince 2025, v\u00edt\u011bz ankety bude ozn\u00e1men na slavnostn\u00edm vyhl\u00e1\u0161en\u00ed 10. \u00fanora 2026.<\/p>\n<p class=\"xmprfx_MsoNormal\"><b><span lang=\"CS\"><span style=\"font-size: small;\">P\u0159edb\u011b\u017en\u011b nominovan\u00e9 vozy:<\/span><\/span><\/b><\/p>\n<p class=\"xmprfx_MsoNormal\"><strong><span lang=\"CS\"><span style=\"font-size: small;\">Alpine A290, Audi A6, BMW iX3, Citroen C3 Aircross, Citroen C5 Aircross, Dacia Bigster, DS No. 4, DS No. 8, Fiat Grande Panda, Ford Puma Gen-E, Ford Ranger PHEV, Hyundai Inster, Hyundai Ioniq 9, Kia EV4, Mazda 6e, Mercedes-Benz CLA, MG Cyberster, MG S5, Mitsubishi Outlander PHEV, Opel Frontera, Renault 4 E-Tech elektrick\u00fd, Subaru Solterra*, \u0160koda Elroq, Toyota Aygo X*, Volkswagen Tayron a Vovo EX90<\/span><\/span><\/strong><\/p>\n<p>*podl\u00e9h\u00e1 schv\u00e1len\u00ed poroty<\/p>\n<p><strong>Slo\u017een\u00ed poroty: <\/strong><\/p>\n<p>B\u011aHAL Ond\u0159ej (Autosalon.tv), BUSTA Michal (Business Car), HANKE Petr (Automobil), HOLE\u010cEK Petr (Metro \/ idnes.cz), HRUBE\u0160 Ond\u0159ej (hrubis.cz \/ Autosalon.tv), HYAN Tom\u00e1\u0161 (TH Auto), K\u00c1\u0147A Leo\u0161 (Sv\u011bt motor\u016f), KOLMAN Stanislav (Gar\u00e1\u017e.cz), KV\u00c1\u0160OV\u00c1 Sabina (\u017dena v aut\u011b), LA\u017dANSK\u00dd Milan (Novinky.cz), MAJURN\u00cdK Jan (Gar\u00e1\u017e.cz), MI\u010cKA Jan (Autorevue.cz), M\u00dcLLER Martin (MM Automotive), PEC\u00c1K Radek (Den\u00edk.cz), REJLEK Jakub (Auto moto sv\u011bt \/ Faster], RYBECK\u00dd Vladim\u00edr (Autoweek \/ Autoservis a mobilita), \u0160IDL\u00c1K Martin (Flotila), SRPOV\u00c1 Eva (Hospod\u00e1\u0159sk\u00e9 noviny), TOM\u00cd\u0160EK Marek (fdrive.cz)<\/p>\n<p><strong>Zdroj: SDA: Petr Hor\u00e1k<\/strong><\/p>\n<figure id=\"attachment_15171\" aria-describedby=\"caption-attachment-15171\" style=\"width: 900px\" class=\"wp-caption alignnone\"><img loading=\"lazy\" decoding=\"async\" class=\"size-medium wp-image-15171\" src=\"http:\/\/www.automakers.cz\/wp-content\/uploads\/2025\/08\/Auto-roku-2026-pracovni-skupina-SDA-Handl-Beranek-Pokorny-900x506.jpg\" alt=\"\" width=\"900\" height=\"506\" srcset=\"https:\/\/www.automakers.cz\/wp-content\/uploads\/2025\/08\/Auto-roku-2026-pracovni-skupina-SDA-Handl-Beranek-Pokorny-900x506.jpg 900w, https:\/\/www.automakers.cz\/wp-content\/uploads\/2025\/08\/Auto-roku-2026-pracovni-skupina-SDA-Handl-Beranek-Pokorny-1024x576.jpg 1024w, https:\/\/www.automakers.cz\/wp-content\/uploads\/2025\/08\/Auto-roku-2026-pracovni-skupina-SDA-Handl-Beranek-Pokorny-768x432.jpg 768w, https:\/\/www.automakers.cz\/wp-content\/uploads\/2025\/08\/Auto-roku-2026-pracovni-skupina-SDA-Handl-Beranek-Pokorny-1536x864.jpg 1536w, https:\/\/www.automakers.cz\/wp-content\/uploads\/2025\/08\/Auto-roku-2026-pracovni-skupina-SDA-Handl-Beranek-Pokorny-1280x720.jpg 1280w, https:\/\/www.automakers.cz\/wp-content\/uploads\/2025\/08\/Auto-roku-2026-pracovni-skupina-SDA-Handl-Beranek-Pokorny.jpg 2048w\" sizes=\"auto, (max-width: 900px) 100vw, 900px\" \/><figcaption id=\"caption-attachment-15171\" class=\"wp-caption-text\"><strong>Pracovn\u00ed skupina SDA pro anketu: J. Pokorn\u00fd, P. Hor\u00e1k, Tom Hyan, K. Ber\u00e1nek, V. Rybeck\u00fd a E. Handl<\/strong><\/figcaption><\/figure>\n","protected":false},"excerpt":{"rendered":"<p>V pelotonu kandid\u00e1t\u016f nov\u00e9ho ro\u010dn\u00edku ankety Auto roku v \u010cesk\u00e9 republice se objevily zm\u011bny, do&#8230;<\/p>\n","protected":false},"author":1,"featured_media":15974,"comment_status":"closed","ping_status":"closed","sticky":false,"template":"","format":"standard","meta":{"footnotes":""},"categories":[32,11,27],"tags":[],"class_list":["post-15970","post","type-post","status-publish","format-standard","has-post-thumbnail","hentry","category-ankety","category-importeri","category-novinari"],"_links":{"self":[{"href":"https:\/\/www.automakers.cz\/index.php?rest_route=\/wp\/v2\/posts\/15970","targetHints":{"allow":["GET"]}}],"collection":[{"href":"https:\/\/www.automakers.cz\/index.php?rest_route=\/wp\/v2\/posts"}],"about":[{"href":"https:\/\/www.automakers.cz\/index.php?rest_route=\/wp\/v2\/types\/post"}],"author":[{"embeddable":true,"href":"https:\/\/www.automakers.cz\/index.php?rest_route=\/wp\/v2\/users\/1"}],"replies":[{"embeddable":true,"href":"https:\/\/www.automakers.cz\/index.php?rest_route=%2Fwp%2Fv2%2Fcomments&post=15970"}],"version-history":[{"count":6,"href":"https:\/\/www.automakers.cz\/index.php?rest_route=\/wp\/v2\/posts\/15970\/revisions"}],"predecessor-version":[{"id":16054,"href":"https:\/\/www.automakers.cz\/index.php?rest_route=\/wp\/v2\/posts\/15970\/revisions\/16054"}],"wp:featuredmedia":[{"embeddable":true,"href":"https:\/\/www.automakers.cz\/index.php?rest_route=\/wp\/v2\/media\/15974"}],"wp:attachment":[{"href":"https:\/\/www.automakers.cz\/index.php?rest_route=%2Fwp%2Fv2%2Fmedia&parent=15970"}],"wp:term":[{"taxonomy":"category","embeddable":true,"href":"https:\/\/www.automakers.cz\/index.php?rest_route=%2Fwp%2Fv2%2Fcategories&post=15970"},{"taxonomy":"post_tag","embeddable":true,"href":"https:\/\/www.automakers.cz\/index.php?rest_route=%2Fwp%2Fv2%2Ftags&post=15970"}],"curies":[{"name":"wp","href":"https:\/\/api.w.org\/{rel}","templated":true}]}}