{"id":15979,"date":"2025-09-02T09:20:44","date_gmt":"2025-09-02T09:20:44","guid":{"rendered":"https:\/\/www.automakers.cz\/?p=15979"},"modified":"2025-09-02T09:20:44","modified_gmt":"2025-09-02T09:20:44","slug":"watt-build-vybuduje-u-olomouce-bateriove-uloziste","status":"publish","type":"post","link":"https:\/\/www.automakers.cz\/?p=15979","title":{"rendered":"WATT &#038; BUILD vybuduje u Olomouce bateriov\u00e9 \u00falo\u017ei\u0161t\u011b"},"content":{"rendered":"<p><strong><b>\u010cesk\u00fd investi\u010dn\u00ed fond WATT &amp; BUILD ze skupiny Axelor za\u0159ad\u00ed krom\u011b developmentu fotovoltaick\u00fdch a v\u011btrn\u00fdch elektr\u00e1ren ve \u0160pan\u011blsku, \u010cesk\u00e9 republice a dal\u0161\u00edch evropsk\u00fdch zem\u00edch do sv\u00e9ho portfolia tak\u00e9 v\u00fdstavbu velk\u00fdch bateriov\u00fdch \u00falo\u017ei\u0161\u0165.<\/b><\/strong><!--more--><\/p>\n<p>Jedno takov\u00e9 za\u0159\u00edzen\u00ed o v\u00fdkonu 2,5 MW ji\u017e WATT &amp; BUILD dokon\u010duje v jiho\u010desk\u00fdch Mydlovarech, nyn\u00ed ozn\u00e1mil stavbu dal\u0161\u00edho p\u011btkr\u00e1t v\u011bt\u0161\u00edho projektu u Olomouce za 200 milion\u016f korun.<\/p>\n<p>\u201eBudoucnost evropsk\u00e9 energetiky se bez bateriov\u00fdch \u00falo\u017ei\u0161\u0165 neobejde. S t\u00edm, jak se m\u011bn\u00ed struktura energetiky, roste tak\u00e9 pot\u0159eba regulovat v\u00fdkon v elektrick\u00e9 s\u00edti a stabilizovat ji. Mimo jin\u00e9 proto, aby se p\u0159ede\u0161lo rozs\u00e1hl\u00fdm blackout\u016fm, podobn\u00fdm tomu, jen\u017e nastal letos v dubnu ve \u0160pan\u011blsku nebo ned\u00e1vno v \u010cesku,\u201d popisuje <strong><b>\u0159editel energetiky skupiny Axelor Adam \u0160m\u00e1kal.<\/b><\/strong><\/p>\n<p>Krom\u011b vyrovn\u00e1v\u00e1n\u00ed s\u00edt\u011b ale bateriov\u00e1 \u00falo\u017ei\u0161t\u011b mohou vyd\u011bl\u00e1vat tak\u00e9 na rozd\u00edln\u00e9 cen\u011b elekt\u0159iny b\u011bhem dne. Kdy\u017e je na trhu kv\u016fli p\u0159ebytku v\u00fdroby z obnoviteln\u00fdch zdroj\u016f elekt\u0159ina levn\u00e1 \u010di dokonce za z\u00e1porn\u00e9 ceny, ulo\u017e\u00ed ji do bateri\u00ed, aby ji pak ve \u0161pi\u010dk\u00e1ch do s\u00edt\u011b za v\u00fdrazn\u011b vy\u0161\u0161\u00ed cenu do s\u00edt\u011b op\u011bt dod\u00e1vala. Sou\u010dasn\u011b lze, d\u00edky vlastn\u00edm zdroj\u016fm a schopnosti tradingu, obchodovat na denn\u00edm spotov\u00e9m trhu.<\/p>\n<p><strong>V\u00fdstavba nov\u00e9ho bateriov\u00e9ho \u00falo\u017ei\u0161t\u011b na Han\u00e9<\/strong> za\u010dne u\u017e letos na podzim, zprovozn\u011bno by m\u011blo b\u00fdt v prvn\u00edm \u010dtvrtlet\u00ed p\u0159\u00ed\u0161t\u00edho roku.<\/p>\n<p>\u201eV tuto chv\u00edli sout\u011b\u017e\u00edme dodavatele bateri\u00ed a dal\u0161\u00edch komponent a sou\u010dasn\u011b dokon\u010dujeme z\u00edsk\u00e1n\u00ed v\u0161ech povolen\u00ed. Po proveden\u00ed samotn\u00fdch prac\u00ed tak za\u0159\u00edzen\u00ed rovnou zah\u00e1j\u00ed provoz,\u201d dod\u00e1v\u00e1 <strong><b>\u0160m\u00e1ka<\/b><\/strong>l.<\/p>\n<p>Skupina Axelor jde ale ve sv\u00fdch pl\u00e1nech je\u0161t\u011b d\u00e1l. \u201cZ bateriov\u00fdch \u00falo\u017ei\u0161\u0165 a mixu obnoviteln\u00fdch zdroj\u016f energie, kter\u00e9 postupn\u011b budujeme, pl\u00e1nujeme u\u017e v tomto roce vytvo\u0159it takzvan\u00fd agrega\u010dn\u00ed blok za\u010dlen\u011bn\u00fd do vlastn\u00edho agreg\u00e1tora flexibility. Vyjma toho pl\u00e1nujeme v oblasti agregace a\u00a0v\u00fdroby r\u016fst i akvizi\u010dn\u011b. Na n\u00e1kup ji\u017e funguj\u00edc\u00edch zdroj\u016f v leto\u0161n\u00edm roce vynalo\u017e\u00edme kolem \u010dty\u0159 set milion\u016f korun\u201d dod\u00e1v\u00e1 <strong><b>p\u0159edseda p\u0159edstavenstva skupiny Axelor Pavel Svore\u0148<\/b><\/strong>. Agreg\u00e1tor flexibility je subjekt, jen\u017e sdru\u017euje vybran\u00e1 za\u0159\u00edzen\u00ed pro v\u00fdrobu, ukl\u00e1d\u00e1n\u00ed a spot\u0159ebu elektrick\u00e9 energie do jednoho celku \u0159\u00edzen\u00e9ho s ohledem na maxim\u00e1ln\u00ed v\u00fdnosovou efektivitu. Je tak schopen poskytovat slu\u017eby v\u00fdkonov\u00e9 rovnov\u00e1hy a sou\u010dasn\u011b i obchodovat s energi\u00ed na trhu. V\u00fdsledkem je\u00a0vy\u0161\u0161\u00ed v\u00fdnos pro investory a stabiln\u011bj\u0161\u00ed p\u0159enosov\u00e1 soustava v zemi.<\/p>\n<p>Fond WATT &amp; BUILD v lo\u0148sk\u00e9m roce p\u0159ekonal sv\u016fj c\u00edlov\u00fd v\u00fdnos 10 %, kdy\u017e kvalifikovan\u00fdm investor\u016fm p\u0159inesl 13% zhodnocen\u00ed. Letos podle Svoren\u011b sm\u011b\u0159uje k tomu, aby sv\u016fj lo\u0148sk\u00fd v\u00fdkon zopakoval. Z\u00e1rove\u0148 rychle zvy\u0161uje objem aktiv pod svoj\u00ed spr\u00e1vou, p\u0159i\u010dem\u017e na konci leto\u0161n\u00edho roku jejich objem p\u0159ekon\u00e1 700 milion\u016f korun.<\/p>\n<p><strong><b>\u00a0<\/b><\/strong><strong><b>AXELOR Group<\/b><\/strong><\/p>\n<p>Skupina Axelor vznikla v roce 2024 konsolidac\u00ed aktiv zakladatele Pavla Svoren\u011b a jeho t\u00fdmu. Aktivn\u00ed je\u00a0v\u00a0segmentech energetiky, nemovitost\u00ed, digital automotive (IT) a financ\u00ed s p\u016fsobnost\u00ed p\u0159edev\u0161\u00edm v \u010cesk\u00e9 republice a z\u00e1padn\u00ed Evrop\u011b.<\/p>\n<p><strong><b>Fond WATT &amp; BUILD<\/b><\/strong><\/p>\n<p>Fond WATT &amp; BUILD vznikl v roce 2023 s c\u00edlem stav\u011bt a provozovat obnoviteln\u00e9 a regula\u010dn\u00ed zdroje energie v \u010cR i EU. V r\u00e1mci sv\u00e9 strategie fond vyhled\u00e1v\u00e1 vhodn\u00e9 projekty v r\u016fzn\u00fdch f\u00e1z\u00edch developmentu. Kl\u00ed\u010dov\u00e1 je\u00a0smlouva o p\u0159ipojen\u00ed k distribu\u010dn\u00ed soustav\u011b. Fond n\u00e1sledn\u011b pokryje stavebn\u00ed \u010d\u00e1st projektu a\u017e po spu\u0161t\u011bn\u00ed v\u00fdroby energie a dosa\u017een\u00ed pln\u00e9ho v\u00fdkonu. Pot\u00e9 z mixu obnoviteln\u00fdch zdroj\u016f a bateriov\u00fdch \u00falo\u017ei\u0161\u0165 vytv\u00e1\u0159\u00ed agrega\u010dn\u00ed blok.<\/p>\n<p><strong>Zdroj:\u00a0 DICTVM FACTVM CONSULTING\u00a0<\/strong><\/p>\n","protected":false},"excerpt":{"rendered":"<p>\u010cesk\u00fd investi\u010dn\u00ed fond WATT &amp; BUILD ze skupiny Axelor za\u0159ad\u00ed krom\u011b developmentu fotovoltaick\u00fdch a v\u011btrn\u00fdch&#8230;<\/p>\n","protected":false},"author":1,"featured_media":670,"comment_status":"closed","ping_status":"closed","sticky":false,"template":"","format":"standard","meta":{"footnotes":""},"categories":[65,3],"tags":[],"class_list":["post-15979","post","type-post","status-publish","format-standard","has-post-thumbnail","hentry","category-baterie","category-investice"],"_links":{"self":[{"href":"https:\/\/www.automakers.cz\/index.php?rest_route=\/wp\/v2\/posts\/15979","targetHints":{"allow":["GET"]}}],"collection":[{"href":"https:\/\/www.automakers.cz\/index.php?rest_route=\/wp\/v2\/posts"}],"about":[{"href":"https:\/\/www.automakers.cz\/index.php?rest_route=\/wp\/v2\/types\/post"}],"author":[{"embeddable":true,"href":"https:\/\/www.automakers.cz\/index.php?rest_route=\/wp\/v2\/users\/1"}],"replies":[{"embeddable":true,"href":"https:\/\/www.automakers.cz\/index.php?rest_route=%2Fwp%2Fv2%2Fcomments&post=15979"}],"version-history":[{"count":2,"href":"https:\/\/www.automakers.cz\/index.php?rest_route=\/wp\/v2\/posts\/15979\/revisions"}],"predecessor-version":[{"id":15981,"href":"https:\/\/www.automakers.cz\/index.php?rest_route=\/wp\/v2\/posts\/15979\/revisions\/15981"}],"wp:featuredmedia":[{"embeddable":true,"href":"https:\/\/www.automakers.cz\/index.php?rest_route=\/wp\/v2\/media\/670"}],"wp:attachment":[{"href":"https:\/\/www.automakers.cz\/index.php?rest_route=%2Fwp%2Fv2%2Fmedia&parent=15979"}],"wp:term":[{"taxonomy":"category","embeddable":true,"href":"https:\/\/www.automakers.cz\/index.php?rest_route=%2Fwp%2Fv2%2Fcategories&post=15979"},{"taxonomy":"post_tag","embeddable":true,"href":"https:\/\/www.automakers.cz\/index.php?rest_route=%2Fwp%2Fv2%2Ftags&post=15979"}],"curies":[{"name":"wp","href":"https:\/\/api.w.org\/{rel}","templated":true}]}}