{"id":15996,"date":"2025-09-03T11:40:04","date_gmt":"2025-09-03T11:40:04","guid":{"rendered":"https:\/\/www.automakers.cz\/?p=15996"},"modified":"2025-09-03T12:51:27","modified_gmt":"2025-09-03T12:51:27","slug":"byd-seal-6-dm-i-mel-premieru-ve-voderadkach","status":"publish","type":"post","link":"https:\/\/www.automakers.cz\/?p=15996","title":{"rendered":"\u010c\u00ednsk\u00fd BYD SEAL 6 DM-i m\u011bl n\u00e1rodn\u00ed premi\u00e9ru ve Vod\u011br\u00e1dk\u00e1ch"},"content":{"rendered":"<p><strong><b>Letn\u00ed sc\u00e9na Vod\u011br\u00e1dky byla 3. z\u00e1\u0159\u00ed sv\u011bdkem n\u00e1rodn\u00ed premi\u00e9ry vozu BYDSEAL 6 DM-i, kter\u00fd m\u00ed\u0159\u00ed do segmentu rodinn\u00fdch sedan\u016f a kombi. Na novin\u00e1\u0159e \u010dekalo ofici\u00e1ln\u00ed odhalen\u00ed novinky, sezn\u00e1men\u00ed s technologi\u00ed Super Hybrid DM-i a mo\u017enost testovac\u00edch j\u00edzd.<\/b><\/strong><!--more--><\/p>\n<p><strong><b>&#8222;<\/b><\/strong>D\u00edky pohodln\u00e9 a prostorn\u00e9 kabin\u011b vybaven\u00e9 inovativn\u00edmi technologiemi zna\u010dky BYD a velk\u00e9mu dojezdu na \u010dist\u011b elektrick\u00fd pohon a kombinovan\u00e9mu dojezdu d\u00edky \u0161pi\u010dkov\u00e9mu pohonn\u00e9mu \u00fastroj\u00ed Super Hybrid je model SEAL 6 DM-i ide\u00e1ln\u00ed volbou pro firemn\u00ed i soukrom\u00e9 z\u00e1kazn\u00edky, kte\u0159\u00ed hledaj\u00ed z\u00e1\u017eitek z j\u00edzdy v elektromobilu s praktickou flexibilitou technologie Super Hybrid s DM. Je k dispozici jako sedan a v nov\u00e9 karos\u00e1\u0159sk\u00e9 verzi pro BYD v Evrop\u011b, jako praktick\u00e9 kombi s objemem zavazadlov\u00e9ho prostoru a\u017e 1535 litr\u016f (se sklopen\u00fdmi sedadly),&#8220; uvedl v\u016fz <strong>country mana\u017eer zna\u010dky pro \u010cR Shawn Wang.<\/strong><\/p>\n<p><img loading=\"lazy\" decoding=\"async\" class=\"alignnone size-medium wp-image-16000\" src=\"http:\/\/www.automakers.cz\/wp-content\/uploads\/2025\/09\/BYD-Voderadky-Shawn-Wang-900x506.jpg\" alt=\"\" width=\"900\" height=\"506\" srcset=\"https:\/\/www.automakers.cz\/wp-content\/uploads\/2025\/09\/BYD-Voderadky-Shawn-Wang-900x506.jpg 900w, https:\/\/www.automakers.cz\/wp-content\/uploads\/2025\/09\/BYD-Voderadky-Shawn-Wang-1024x576.jpg 1024w, https:\/\/www.automakers.cz\/wp-content\/uploads\/2025\/09\/BYD-Voderadky-Shawn-Wang-768x432.jpg 768w, https:\/\/www.automakers.cz\/wp-content\/uploads\/2025\/09\/BYD-Voderadky-Shawn-Wang-1536x864.jpg 1536w, https:\/\/www.automakers.cz\/wp-content\/uploads\/2025\/09\/BYD-Voderadky-Shawn-Wang-1280x720.jpg 1280w, https:\/\/www.automakers.cz\/wp-content\/uploads\/2025\/09\/BYD-Voderadky-Shawn-Wang.jpg 2048w\" sizes=\"auto, (max-width: 900px) 100vw, 900px\" \/><strong>SEAL 6 DM-i je druh\u00fdm modelem Super Hybrid,<\/strong> kter\u00fd BYD uv\u00e1d\u00ed na evropsk\u00fd trh. N\u00e1sleduje tak\u00a0 SUV SEAL U DM-i, jeho\u017e se po cel\u00e9m sv\u011bt\u011b prodalo ji\u017e v\u00edce ne\u017e milion kus\u016f.<\/p>\n<p><strong><b>ROZM\u011aRY A DESIGN<\/b><\/strong><\/p>\n<p>Sedan BYD SEAL 6 DM-i m\u011b\u0159\u00ed 4840 mm na d\u00e9lku, 1875 mm na \u0161\u00ed\u0159ku a 1495 mm na v\u00fd\u0161ku, co\u017e jej \u0159ad\u00ed do kategorie rodinn\u00fdch voz\u016f, a m\u00e1 rozvor 2790 mm, kter\u00fd je podle v\u00fdrobce del\u0161\u00ed ne\u017e u jak\u00e9hokoli jin\u00e9ho sedanu segmentu C. Design p\u0159edn\u00ed \u010d\u00e1sti vozu, inspirovan\u00fd oce\u00e1nem, kombinuje plynul\u00e9 tvary s ost\u0159ej\u0161\u00edmi liniemi spodn\u00edho n\u00e1razn\u00edku a vytv\u00e1\u0159\u00ed sportovn\u00ed, dynamick\u00fd vzhled, kter\u00fd p\u0159esto p\u0159isp\u00edv\u00e1 k neuv\u011b\u0159iteln\u00e9 \u00fa\u010dinnosti vozu.<\/p>\n<p>&#8222;SEAL 6 DM-i nab\u00edz\u00ed prostor pro p\u011bt dosp\u011bl\u00fdch osob, v\u010detn\u011b vynikaj\u00edc\u00edho prostoru pro nohy a hlavu na zadn\u00edch sedadlech. Jeho zavazadlov\u00fd prostor s objemem 491 litr\u016f, kter\u00fd lze zv\u011bt\u0161it na 1370 litr\u016f po sklopen\u00ed zadn\u00edch sedadel v pom\u011bru 40:60, snadno pojme velk\u00e9 kufry nebo n\u00e1kupn\u00ed ta\u0161ky,&#8220; up\u0159esnil<strong> produktov\u00fd mana\u017eer zna\u010dky David Vacul\u00edk.<\/strong><\/p>\n<p><img loading=\"lazy\" decoding=\"async\" class=\"alignnone size-medium wp-image-16012\" src=\"http:\/\/www.automakers.cz\/wp-content\/uploads\/2025\/09\/BYD-David-Vaculik-900x506.jpg\" alt=\"\" width=\"900\" height=\"506\" srcset=\"https:\/\/www.automakers.cz\/wp-content\/uploads\/2025\/09\/BYD-David-Vaculik-900x506.jpg 900w, https:\/\/www.automakers.cz\/wp-content\/uploads\/2025\/09\/BYD-David-Vaculik-1024x576.jpg 1024w, https:\/\/www.automakers.cz\/wp-content\/uploads\/2025\/09\/BYD-David-Vaculik-768x432.jpg 768w, https:\/\/www.automakers.cz\/wp-content\/uploads\/2025\/09\/BYD-David-Vaculik-1536x864.jpg 1536w, https:\/\/www.automakers.cz\/wp-content\/uploads\/2025\/09\/BYD-David-Vaculik-1280x720.jpg 1280w, https:\/\/www.automakers.cz\/wp-content\/uploads\/2025\/09\/BYD-David-Vaculik.jpg 2048w\" sizes=\"auto, (max-width: 900px) 100vw, 900px\" \/>P\u0159edn\u00ed m\u0159\u00ed\u017eka chladi\u010de inspirovan\u00e1 vlnami m\u00e1 \u010dist\u00fd, minimalistick\u00fd design a obsahuje aktivn\u00ed syst\u00e9m s\u00e1n\u00ed vzduchu, kter\u00fd zvy\u0161uje aerodynamickou \u00fa\u010dinnost. Odv\u00e1\u017en\u00e1 spodn\u00ed m\u0159\u00ed\u017eka chladi\u010de ve tvaru obr\u00e1cen\u00e9ho lichob\u011b\u017en\u00edku je zd\u016frazn\u011bna chromov\u00fdmi detaily a r\u00e1me\u010dky v barv\u011b karoserie, kter\u00e9 vytv\u00e1\u0159ej\u00ed v\u00fdrazn\u00fd a sofistikovan\u00fd vzhled. \u201eTv\u00e1\u0159\u201c modelu SEAL 6 DM-i dotv\u00e1\u0159ej\u00ed krystalov\u00e9 sv\u011btlomety, kter\u00e9 jsou u v\u0161ech verz\u00ed vozu vybaveny technologi\u00ed Full LED a odr\u00e1\u017eej\u00ed t\u0159pyt mo\u0159sk\u00fdch vln v jedine\u010dn\u00e9m designu.<\/p>\n<p>Vzadu jsou zadn\u00ed sv\u011btla modelu SEAL 6 DM-i kryta kou\u0159ov\u00fdm povrchem a vrstven\u00fdmi sekvencemi LED matice, kter\u00e9 jsou navr\u017eeny tak, aby vytv\u00e1\u0159ely plynul\u00fd vizu\u00e1ln\u00ed pohyb.<\/p>\n<p><img loading=\"lazy\" decoding=\"async\" class=\"alignnone size-medium wp-image-16001\" src=\"http:\/\/www.automakers.cz\/wp-content\/uploads\/2025\/09\/BYD-Voderadky-kombik-900x506.jpg\" alt=\"\" width=\"900\" height=\"506\" srcset=\"https:\/\/www.automakers.cz\/wp-content\/uploads\/2025\/09\/BYD-Voderadky-kombik-900x506.jpg 900w, https:\/\/www.automakers.cz\/wp-content\/uploads\/2025\/09\/BYD-Voderadky-kombik-1024x576.jpg 1024w, https:\/\/www.automakers.cz\/wp-content\/uploads\/2025\/09\/BYD-Voderadky-kombik-768x432.jpg 768w, https:\/\/www.automakers.cz\/wp-content\/uploads\/2025\/09\/BYD-Voderadky-kombik-1536x864.jpg 1536w, https:\/\/www.automakers.cz\/wp-content\/uploads\/2025\/09\/BYD-Voderadky-kombik-1280x720.jpg 1280w, https:\/\/www.automakers.cz\/wp-content\/uploads\/2025\/09\/BYD-Voderadky-kombik.jpg 2048w\" sizes=\"auto, (max-width: 900px) 100vw, 900px\" \/><strong><b>VZHLED PRVN\u00cdHO EVROPSK\u00c9HO KOMBI BYD<\/b><\/strong><\/p>\n<p>Kombi verze vozu s n\u00e1zvem SEAL 6 DM-i TOURING m\u00e1 p\u0159esn\u011b stejnou d\u00e9lku a \u0161\u00ed\u0159ku jako sedan, ale je o n\u011bco vy\u0161\u0161\u00ed, konkr\u00e9tn\u011b 1505 mm. M\u00e1 tak\u00e9 stejn\u00fd rozvor, d\u00edky \u010demu\u017e nab\u00edz\u00ed v\u011bt\u0161\u00ed prostor v kabin\u011b ne\u017e v\u011bt\u0161ina hybridn\u00edch kombi segmentu C. V kombinaci s \u00fa\u010dinnost\u00ed pohonu Super Hybrid p\u0159ich\u00e1z\u00ed model, kter\u00fd vynik\u00e1 ve sv\u00e9 t\u0159\u00edd\u011b, je v\u00fdkonn\u00fd a praktick\u00fd a z\u00e1rove\u0148 umo\u017e\u0148uje ka\u017edodenn\u00ed \u010dist\u011b elektrick\u00fd provoz a flexibilitu d\u00edky obrovsk\u00e9mu kombinovan\u00e9mu dojezdu v re\u00e1ln\u00e9m provozu.<\/p>\n<p>Z\u00e1kladn\u00ed designov\u00e9 prvky p\u0159edn\u00ed \u010d\u00e1sti z\u016fst\u00e1vaj\u00ed stejn\u00e9 jako u sedanu, zat\u00edmco bo\u010dn\u00ed profil kombinuje dvojitou linii karoserie s m\u00edrn\u011b sklon\u011bnou zadn\u00ed lini\u00ed st\u0159echy a kontrastn\u00edm proveden\u00edm D sloupku, kter\u00e9 vytv\u00e1\u0159\u00ed \u201eplovouc\u00ed\u201c efekt. Celkov\u00fd vzhled kombinuje praktick\u00e9 prvky, v\u010detn\u011b standardn\u00edch hlin\u00edkov\u00fdch st\u0159e\u0161n\u00edch li\u017ein, s agiln\u00edm vzhledem.<\/p>\n<p>Zadn\u00ed \u010d\u00e1st je vybavena stejn\u00fdmi komplexn\u00edmi LED maticov\u00fdmi zadn\u00edmi sv\u011btly a integrovan\u00fdm ost\u0159ikova\u010dem\/st\u011bra\u010dem, kter\u00fd zaji\u0161\u0165uje dobrou viditelnost i p\u0159i nep\u0159\u00edzniv\u00e9m po\u010das\u00ed. Celkov\u00fd koeficient odporu vzduchu modelu SEAL 6 DM-i TOURING je pouh\u00fdch 0,280, co\u017e je na kombi velmi n\u00edzk\u00e1 hodnota a p\u0159isp\u00edv\u00e1 k jeho vynikaj\u00edc\u00ed \u00fa\u010dinnosti.<\/p>\n<p>Prvn\u00ed kombi BYD v Evrop\u011b m\u00e1 prostorn\u00fd a flexibiln\u00ed zavazadlov\u00fd prostor. Za zadn\u00edmi sedadly je k dispozici 500 litr\u016f prostoru a\u017e po \u00farove\u0148 zadn\u00ed rolety a 675 litr\u016f, pokud nalo\u017e\u00edte zavazadla i nad ni. Po sklopen\u00ed zadn\u00ed \u0159ady sedadel d\u011blen\u00fdch v pom\u011bru 40:60 se celkov\u00fd objem zavazadlov\u00e9ho prostoru zv\u00fd\u0161\u00ed na impozantn\u00edch 1535 litr\u016f. P\u0159\u00edstup do zavazadlov\u00e9ho prostoru je tak\u00e9 snadn\u00fd d\u00edky elektricky ovl\u00e1dan\u00fdm zadn\u00edm dve\u0159\u00edm, kter\u00e9 jsou standardn\u00ed v\u00fdbavou v\u0161ech verz\u00ed a lze je d\u00e1lkov\u011b ovl\u00e1dat pomoc\u00ed kl\u00ed\u010de.<\/p>\n<p><strong><b>SUPER HYBRID S DM KOMBINUJE V\u00ddKON S DOJEZDEM<\/b><\/strong><\/p>\n<p>SEAL 6 DM-i je zalo\u017een na pr\u016flomov\u00e9 technologii Super Hybrid s DM (Dual Mode) od BYD, kter\u00e1 kombinuje v\u00fdhody j\u00edzdy v elektromobilu \u2013 kultivovanost a okam\u017eitou odezvu \u2013 s flexibilitou hybridn\u00edho syst\u00e9mu benz\u00edn-elekt\u0159ina vyvinut\u00e9ho spole\u010dnost\u00ed BYD. Je vybaven n\u011bkolika inovacemi exkluzivn\u00edmi pro BYD, v\u010detn\u011b dvou vysokorychlostn\u00edch elektromotor\u016f s integrovanou \u0159\u00eddic\u00ed jednotkou, unik\u00e1tn\u00ed baterie Blade Battery a benz\u00ednov\u00e9ho motoru Xiaoyun o objemu 1,5 litru s pr\u016flomovou tepelnou \u00fa\u010dinnost\u00ed 43 %.<\/p>\n<p>Jak n\u00e1zev napov\u00edd\u00e1, technologie Super Hybrid s\u00a0Dual Mode m\u016f\u017ee fungovat dv\u011bma odli\u0161n\u00fdmi zp\u016fsoby \u2013 EV, kdy jsou kola poh\u00e1n\u011bna v\u00fdhradn\u011b elektromotorem nap\u00e1jen\u00fdm z baterie, a HEV, kdy benzinov\u00fd motor dod\u00e1v\u00e1 energii do baterie a elektromotoru p\u0159es m\u011bni\u010d. Auto tak m\u00e1 st\u00e1le j\u00edzdn\u00ed vlastnosti \u010dist\u011b elektrick\u00e9ho vozu. V momentech, kdy je zapot\u0159eb\u00ed dal\u0161\u00ed v\u00fdkon, m\u016f\u017ee re\u017eim HEV p\u0159epnout ze s\u00e9riov\u00e9ho na paraleln\u00ed, \u010d\u00edm\u017e se spoj\u00ed potenci\u00e1l benz\u00ednov\u00e9ho motoru a elektromotoru.<\/p>\n<p>V\u00fdsledkem je pohonn\u00e1 jednotka, kter\u00e1 v\u011bt\u0161inu \u010dasu funguje jako elektromobil s dojezdem a\u017e 105 km na \u010dist\u011b elektrick\u00fd pohon z v\u011bt\u0161\u00ed ze dvou bateri\u00ed Blade Battery syst\u00e9mu SEAL 6 DM-i. Inteligentn\u00ed \u0159\u00edzen\u00ed syst\u00e9m\u016f (p\u00edsmeno \u201ei\u201c v n\u00e1zvu DM-i) zvy\u0161uje \u00fa\u010dinnost nad \u00farove\u0148 v\u0161ech konkurent\u016f, s kombinovanou spot\u0159ebou paliva pouh\u00fdch 1,5 l\/100 km a kombinovan\u00fdm dojezdem na pln\u00e9 nabit\u00ed a plnou n\u00e1dr\u017e benz\u00ednu a\u017e 1505 km. D\u00edky kombinaci dlouh\u00e9ho dojezdu a schopnosti absolvovat mnoho cest bez pou\u017eit\u00ed benz\u00ednu je SEAL 6 DM-i vynikaj\u00edc\u00ed alternativou nejen k mild hybrid\u016fm, ale i k tradi\u010dn\u00edm model\u016fm s \u010dist\u011b spalovac\u00edm motorem.<\/p>\n<p>Krom\u011b t\u011bchto \u00fadaj\u016f o \u00fa\u010dinnosti nab\u00edz\u00ed Super Hybrid s technologi\u00ed DM tak\u00e9 komfortn\u00ed v\u00fdkon; v\u0161echny verze modelu SEAL 6 DM-i zrychluj\u00ed z 0 na 100 km\/h za m\u00e9n\u011b ne\u017e dev\u011bt sekund a dosahuj\u00ed maxim\u00e1ln\u00ed rychlosti 180 km\/h.<\/p>\n<p>Krom\u011b toho Super Hybrid s technologi\u00ed DM vyu\u017e\u00edv\u00e1 baterii Blade Battery k podpo\u0159e funkce Vehicle to Load (V2L), kter\u00e1 m\u016f\u017ee nap\u00e1jet extern\u00ed za\u0159\u00edzen\u00ed \u2013 od p\u0159enosn\u00e9ho grilu nebo vzduchov\u00e9ho kompresoru a\u017e po k\u00e1vovar nebo v\u00e1no\u010dn\u00ed osv\u011btlen\u00ed \u2013 s v\u00fdkonem a\u017e 3,3 kW. Tato funkce umo\u017e\u0148uje v\u0161em verz\u00edm model\u016f SEAL 6 DM-i a SEAL 6 DM-i TOURING\u00a0podporovat aktivn\u00ed \u017eivotn\u00ed styl kdekoli, od p\u0159\u00edjezdov\u00e9 cesty p\u0159ed domem a\u017e po les nebo pl\u00e1\u017e.<\/p>\n<p>V modelu SEAL 6 DM-i jsou k dispozici dv\u011b konfigurace Super Hybrid. Ve specifikaci Boost je kapacita baterie Blade Battery 10,08 kWh a maxim\u00e1ln\u00ed syst\u00e9mov\u00fd v\u00fdkon \u010din\u00ed 135 kW. Jedn\u00e1 se o verzi s nejdel\u0161\u00edm kombinovan\u00fdm dojezdem podle WLTP, a to 1505 km\/1350 km (SEAL 6 DM-i\/SEAL 6 DM-i TOURING).<\/p>\n<p>Verze Comfort Lite a Comfort modelu SEAL 6 DM-i se vyzna\u010duj\u00ed vy\u0161\u0161\u00edm syst\u00e9mov\u00fdm v\u00fdkonem (156 kW) a v\u011bt\u0161\u00ed bateri\u00ed (19 kWh). Tyto verze model\u016f SEAL 6 DM-i a SEAL 6 DM-i TOURING maj\u00ed del\u0161\u00ed dojezd na elekt\u0159inu, a to 105 km, respektive 100 km. Kombinovan\u00fd dojezd t\u011bchto model\u016f podle WLTP je 1455 km (SEAL 6 DM-i) a 1350 km (SEAL 6 DM-i TOURING).<\/p>\n<p>Srdcem palubn\u00ed desky je displej infotainmentu s vysok\u00fdm rozli\u0161en\u00edm a \u00fahlop\u0159\u00ed\u010dkou 12,8 nebo 15,6 palc\u016f, v z\u00e1vislosti na \u00farovni v\u00fdbavy. D\u00edky dvojici USB port\u016f (jeden 18 W typu C, jeden 60 W typu C) v p\u0159edn\u00ed \u010d\u00e1sti kabiny a dal\u0161\u00edm dv\u011bma 18 W z\u00e1suvk\u00e1m typu C v zadn\u00ed \u010d\u00e1sti mohou v\u0161ichni cestuj\u00edc\u00ed v kabin\u011b snadno nab\u00edjet sv\u00e1 mobiln\u00ed za\u0159\u00edzen\u00ed. Ve v\u011bt\u0161in\u011b verz\u00ed je k dispozici tak\u00e9 50 W bezdr\u00e1tov\u00e1 nab\u00edjec\u00ed podlo\u017eka pro smartphony.<\/p>\n<p>P\u0159edn\u00ed sedadla jsou vybavena elektrick\u00fdm nastaven\u00edm, pam\u011bt\u00ed polohy, ventilac\u00ed a vyh\u0159\u00edv\u00e1n\u00edm, kter\u00e9 zaji\u0161\u0165uj\u00ed oporu a pohodl\u00ed. Zadn\u00ed \u010d\u00e1st kabiny se m\u016f\u017ee pochlubit prostorem, kter\u00fd se vyrovn\u00e1 model\u016fm vy\u0161\u0161\u00ed t\u0159\u00eddy a ka\u017ed\u00e9 sedadlo je osobn\u00ed komfortn\u00ed z\u00f3nou. V\u0161echna sedadla jsou pota\u017eena pr\u00e9miovou veganskou k\u016f\u017e\u00ed s texturou, kter\u00e1 zaji\u0161\u0165uje m\u011bkkost a elegantn\u00ed vzhled, a jsou vybavena nastaviteln\u00fdmi op\u011brkami hlavy pro v\u011bt\u0161\u00ed pohodl\u00ed a oporu.<\/p>\n<p><strong>Verze Comfort Lite a Comfort<\/strong> modelu SEAL 6 DM-i jsou vybaveny panoramatick\u00fdm st\u0159e\u0161n\u00edm oknem, kter\u00e9 do interi\u00e9ru propust\u00ed p\u0159irozen\u00e9 sv\u011btlo a lze jej otev\u0159\u00edt, aby dovnit\u0159 proudil tak\u00e9 \u010derstv\u00fd vzduch.<\/p>\n<p><img loading=\"lazy\" decoding=\"async\" class=\"alignnone size-medium wp-image-15080\" src=\"http:\/\/www.automakers.cz\/wp-content\/uploads\/2025\/07\/BYD-showroom-Impex-Bratislava-900x600.jpeg\" alt=\"\" width=\"900\" height=\"600\" srcset=\"https:\/\/www.automakers.cz\/wp-content\/uploads\/2025\/07\/BYD-showroom-Impex-Bratislava-900x600.jpeg 900w, https:\/\/www.automakers.cz\/wp-content\/uploads\/2025\/07\/BYD-showroom-Impex-Bratislava-1024x683.jpeg 1024w, https:\/\/www.automakers.cz\/wp-content\/uploads\/2025\/07\/BYD-showroom-Impex-Bratislava-768x512.jpeg 768w, https:\/\/www.automakers.cz\/wp-content\/uploads\/2025\/07\/BYD-showroom-Impex-Bratislava-1536x1025.jpeg 1536w, https:\/\/www.automakers.cz\/wp-content\/uploads\/2025\/07\/BYD-showroom-Impex-Bratislava.jpeg 2048w\" sizes=\"auto, (max-width: 900px) 100vw, 900px\" \/><\/p>\n<p><strong><b>SADA BEZPE\u010cNOSTN\u00cdCH A ASISTEN\u010cN\u00cdCH TECHNOLOGI\u00cd<\/b><\/strong><\/p>\n<p>V\u0161echny verze vozu jsou vybaveny sedmi airbagy (\u0159idi\u010d, spolujezdec, p\u0159edn\u00ed st\u0159edov\u00fd, dva p\u0159edn\u00ed bo\u010dn\u00ed a dva bo\u010dn\u00ed hlavov\u00e9), dvojit\u00fdmi p\u0159edp\u00ednac\u00edmi bezpe\u010dnostn\u00edmi p\u00e1sy s v\u00fd\u0161kov\u00fdm nastaven\u00edm, konektory ISOFIX a i-Size na vn\u011bj\u0161\u00edch zadn\u00edch sedadlech a sedadle spolujezdce, detekc\u00ed p\u0159\u00edtomnosti d\u011bt\u00ed a syst\u00e9mem automatick\u00e9ho zamyk\u00e1n\u00ed v z\u00e1vislosti na rychlosti.<\/p>\n<p>Seznam asisten\u010dn\u00edch funkc\u00ed pro \u0159idi\u010de zahrnuje p\u0159edn\u00ed a zadn\u00ed parkovac\u00ed senzory, zadn\u00ed kameru a kameru s 360\u00b0 v\u00fdhledem, adaptivn\u00ed a inteligentn\u00ed tempomat, detekci mrtv\u00e9ho \u00fahlu, sledov\u00e1n\u00ed \u00fanavy \u0159idi\u010de, varov\u00e1n\u00ed p\u0159ed proj\u00ed\u017ed\u011bj\u00edc\u00edm vozem vzadu a nouzov\u00e9 brzd\u011bn\u00ed, asistenci p\u0159i opu\u0161t\u011bn\u00ed j\u00edzdn\u00edho pruhu, varov\u00e1n\u00ed p\u0159ed \u010deln\u00ed sr\u00e1\u017ekou vp\u0159edu a vzadu a varov\u00e1n\u00ed p\u0159ed otev\u0159en\u00edm dve\u0159\u00ed.<\/p>\n<p>BYD SEAL 6 DM-i je nyn\u00ed k dispozici k objedn\u00e1n\u00ed na mnoha evropsk\u00fdch trz\u00edch, prvn\u00ed vozy p\u0159evezmou z\u00e1kazn\u00edci p\u0159ed koncem roku 2025. V\u0161echny verze SEAL 6 DM-i nab\u00edz\u00ed standardn\u00ed z\u00e1ru\u010dn\u00ed podm\u00ednky, kter\u00e9 zahrnuj\u00ed \u0161estiletou z\u00e1ruku v\u00fdrobce a osm let z\u00e1ruky na pohonn\u00e9 \u00fastroj\u00ed a baterii.<\/p>\n<p><img loading=\"lazy\" decoding=\"async\" class=\"alignnone size-medium wp-image-16002\" src=\"http:\/\/www.automakers.cz\/wp-content\/uploads\/2025\/09\/BYD-SEAL-cena-900x506.jpg\" alt=\"\" width=\"900\" height=\"506\" srcset=\"https:\/\/www.automakers.cz\/wp-content\/uploads\/2025\/09\/BYD-SEAL-cena-900x506.jpg 900w, https:\/\/www.automakers.cz\/wp-content\/uploads\/2025\/09\/BYD-SEAL-cena-1024x576.jpg 1024w, https:\/\/www.automakers.cz\/wp-content\/uploads\/2025\/09\/BYD-SEAL-cena-768x432.jpg 768w, https:\/\/www.automakers.cz\/wp-content\/uploads\/2025\/09\/BYD-SEAL-cena-1536x864.jpg 1536w, https:\/\/www.automakers.cz\/wp-content\/uploads\/2025\/09\/BYD-SEAL-cena-1280x720.jpg 1280w, https:\/\/www.automakers.cz\/wp-content\/uploads\/2025\/09\/BYD-SEAL-cena.jpg 2048w\" sizes=\"auto, (max-width: 900px) 100vw, 900px\" \/><strong><b>CENY MODELU BYD SEAL 6 DM-I TOURING<\/b><\/strong><strong><b><br \/>\n<\/b><\/strong>Plug-in hybridn\u00ed kombi BYD SEAL 6 DM-i Touring je na \u010desk\u00e9m trhu nab\u00edzeno ve t\u0159ech v\u00fdbavov\u00fdch stupn\u00edch, kter\u00e9 ji\u017e v z\u00e1kladu zahrnuj\u00ed velmi bohatou v\u00fdbavu.\u00a0<strong><b>Boost<\/b><\/strong>\u00a0startuje na cen\u011b\u00a0<strong><b>943 000 K\u010d<\/b><\/strong>, varianta\u00a0<strong><b>Comfort Lite<\/b><\/strong>\u00a0je k dispozici za\u00a0<strong><b>1 084 000 K\u010d<\/b><\/strong>\u00a0a vrcholn\u00e1 verze\u00a0<strong><b>Comfort<\/b><\/strong>\u00a0vych\u00e1z\u00ed na\u00a0<strong><b>1 109 000 K\u010d<\/b><\/strong>. Speci\u00e1ln\u00ed lak karoserie na p\u0159\u00e1n\u00ed je za p\u0159\u00edplatek <strong><b>28 000 K\u010d<\/b><\/strong>, kter\u00fd je stejn\u00fd pro v\u0161echny v\u00fdbavy.<\/p>\n<p><strong><b>Hlavn\u00ed specifikace<\/b><\/strong><\/p>\n<p><strong><b>\u00a0BYD SEAL 6 DM-i (sedan)<\/b><\/strong><\/p>\n<table>\n<tbody>\n<tr>\n<td colspan=\"3\" width=\"677\"><\/td>\n<td width=\"152\"><strong><b>\u00a0<\/b><\/strong><\/td>\n<\/tr>\n<tr>\n<td width=\"382\"><strong><b>Polo\u017eky<\/b><\/strong><\/td>\n<td colspan=\"3\" width=\"447\"><strong><b>Specifikace<\/b><\/strong><\/td>\n<\/tr>\n<tr>\n<td width=\"382\"><strong><b>\u00a0<\/b><\/strong><\/td>\n<td width=\"122\"><strong><b>Boost<\/b><\/strong><\/td>\n<td width=\"172\"><strong><b>Comfort Lite<\/b><\/strong><\/td>\n<td width=\"152\"><strong><b>Comfort<\/b><\/strong><\/td>\n<\/tr>\n<tr>\n<td width=\"382\">Rozm\u011bry (D\/\u0160\/V, mm)<\/td>\n<td colspan=\"3\" width=\"447\">4840\/1875\/1495<\/td>\n<\/tr>\n<tr>\n<td width=\"382\">Pohotovostn\u00ed hmotnost (kg)<\/td>\n<td width=\"122\">1665<\/td>\n<td colspan=\"2\" width=\"324\">1765<\/td>\n<\/tr>\n<tr>\n<td width=\"382\">Rozvor (mm)<\/td>\n<td colspan=\"3\" width=\"447\">2790<\/td>\n<\/tr>\n<tr>\n<td width=\"382\">Velikost kol (palce)<\/td>\n<td width=\"122\">17<\/td>\n<td colspan=\"2\" width=\"324\">18<\/td>\n<\/tr>\n<tr>\n<td width=\"382\">P\u0159edn\u00ed odpru\u017een\u00ed<\/td>\n<td colspan=\"3\" width=\"447\">MacPherson<\/td>\n<\/tr>\n<tr>\n<td width=\"382\">Zadn\u00ed odpru\u017een\u00ed<\/td>\n<td colspan=\"3\" width=\"447\">V\u00edceprvkov\u00e9<\/td>\n<\/tr>\n<tr>\n<td width=\"382\">Typ pohonu<\/td>\n<td colspan=\"3\" width=\"447\">Pohon p\u0159edn\u00edch kol<\/td>\n<\/tr>\n<tr>\n<td width=\"382\">Celkov\u00fd v\u00fdkon syst\u00e9mu (kW)<\/td>\n<td width=\"122\">135<\/td>\n<td colspan=\"2\" width=\"324\">156<\/td>\n<\/tr>\n<tr>\n<td width=\"382\">Maxim\u00e1ln\u00ed v\u00fdkon motoru (kW)<\/td>\n<td colspan=\"3\" width=\"447\">72<\/td>\n<\/tr>\n<tr>\n<td width=\"382\">Maxim\u00e1ln\u00ed v\u00fdkon elektromotoru (kW)<\/td>\n<td colspan=\"3\" width=\"447\">145<\/td>\n<\/tr>\n<tr>\n<td width=\"382\">Maxim\u00e1ln\u00ed to\u010div\u00fd moment elektromotoru (Nm)<\/td>\n<td colspan=\"3\" width=\"447\">300<\/td>\n<\/tr>\n<tr>\n<td width=\"382\">Typ baterie<\/td>\n<td colspan=\"3\" width=\"447\">LFP Blade Battery<\/td>\n<\/tr>\n<tr>\n<td width=\"382\">Jmenovit\u00e1 kapacita baterie (kWh)<\/td>\n<td width=\"122\">10,08<\/td>\n<td colspan=\"2\" width=\"324\">19<\/td>\n<\/tr>\n<tr>\n<td width=\"382\">Maxim\u00e1ln\u00ed rychlost (km\/h)<\/td>\n<td colspan=\"3\" width=\"447\">180<\/td>\n<\/tr>\n<tr>\n<td width=\"382\">Zrychlen\u00ed z 0 na 100 km\/h (s)<\/td>\n<td width=\"122\">8,9<\/td>\n<td colspan=\"2\" width=\"324\">8,5<\/td>\n<\/tr>\n<tr>\n<td width=\"382\">Dojezd na elektrick\u00fd pohon \u2013 WLTP kombinovan\u00fd (km)<\/td>\n<td width=\"122\">55<\/td>\n<td colspan=\"2\" width=\"324\">105<\/td>\n<\/tr>\n<tr>\n<td width=\"382\">Dojezd \u2013 WLTP kombinovan\u00fd (km)<\/td>\n<td width=\"122\">1505<\/td>\n<td width=\"172\">1455<\/td>\n<td width=\"152\">1455<\/td>\n<\/tr>\n<tr>\n<td width=\"382\">Spot\u0159eba paliva \u2013 WLTP kombinovan\u00e1 (l\/100 km)<\/td>\n<td width=\"122\">4<\/td>\n<td colspan=\"2\" width=\"324\">4,8<\/td>\n<\/tr>\n<tr>\n<td width=\"382\">Spot\u0159eba paliva \u2013 WLTP v\u00e1\u017een\u00fd kombinovan\u00fd (l\/100 km)<\/td>\n<td width=\"122\">2,3<\/td>\n<td colspan=\"2\" width=\"324\">1,5<\/td>\n<\/tr>\n<tr>\n<td width=\"382\">Emise CO<sub>2<\/sub>(g\/km)<\/td>\n<td width=\"122\">52<\/td>\n<td colspan=\"2\" width=\"324\">34<\/td>\n<\/tr>\n<tr>\n<td width=\"382\">Objem palivov\u00e9 n\u00e1dr\u017ee (l)<\/td>\n<td colspan=\"3\" width=\"447\">65<\/td>\n<\/tr>\n<tr>\n<td width=\"382\">Ta\u017en\u00e1 hmotnost (nebrzd\u011bn\u00fd p\u0159\u00edv\u011bs)<\/td>\n<td colspan=\"3\" width=\"447\">750<\/td>\n<\/tr>\n<tr>\n<td width=\"382\">Objem zavazadlov\u00e9ho prostoru (l, se vzp\u0159\u00edmen\u00fdmi\/sklopen\u00fdmi sedadly)<\/td>\n<td colspan=\"3\" width=\"447\">491\/1370<\/td>\n<\/tr>\n<tr>\n<td width=\"382\">Po\u010det sedadel (osob)<\/td>\n<td colspan=\"3\" width=\"447\">5<\/td>\n<\/tr>\n<tr>\n<td width=\"382\">Nab\u00edjec\u00ed v\u00fdkon<\/td>\n<td width=\"122\">3,3 kW AC<\/td>\n<td colspan=\"2\" width=\"324\">6,6 kW AC,<br \/>\n26 kW DC<\/td>\n<\/tr>\n<tr>\n<td width=\"382\">Doba nab\u00edjen\u00ed st\u0159\u00eddav\u00fdm proudem (15\u2013100 %)<\/td>\n<td width=\"122\">3 h<\/td>\n<td colspan=\"2\" width=\"324\">2,7 h<\/td>\n<\/tr>\n<tr>\n<td width=\"382\">Doba nab\u00edjen\u00ed DC (30\u201380 %)<\/td>\n<td width=\"122\">\/<\/td>\n<td colspan=\"2\" width=\"324\">23 min<\/td>\n<\/tr>\n<tr>\n<td width=\"382\">Funkce V2L<\/td>\n<td colspan=\"3\" width=\"447\">Standardn\u011b, 3,3 kW<\/td>\n<\/tr>\n<\/tbody>\n<\/table>\n<p><strong>\u00a0<\/strong><\/p>\n<p><strong>\u00a0<\/strong><\/p>\n<table>\n<tbody>\n<tr>\n<td colspan=\"3\" width=\"677\"><strong><b>BYD SEAL 6 DM-i TOURING<\/b><\/strong><\/td>\n<td width=\"152\"><strong><b>\u00a0<\/b><\/strong><\/td>\n<\/tr>\n<tr>\n<td width=\"382\"><strong><b>Polo\u017eky<\/b><\/strong><\/td>\n<td colspan=\"3\" width=\"447\"><strong><b>Specifikace<\/b><\/strong><\/td>\n<\/tr>\n<tr>\n<td width=\"382\"><strong><b>\u00a0<\/b><\/strong><\/td>\n<td width=\"122\"><strong><b>Boost<\/b><\/strong><\/td>\n<td width=\"172\"><strong><b>Comfort Lite<\/b><\/strong><\/td>\n<td width=\"152\"><strong><b>Comfort<\/b><\/strong><\/td>\n<\/tr>\n<tr>\n<td width=\"382\">Rozm\u011bry (D\/\u0160\/V, mm)<\/td>\n<td colspan=\"3\" width=\"447\">4840\/1875\/1505<\/td>\n<\/tr>\n<tr>\n<td width=\"382\">Pohotovostn\u00ed hmotnost (kg)<\/td>\n<td width=\"122\">1710<\/td>\n<td colspan=\"2\" width=\"324\">1805<\/td>\n<\/tr>\n<tr>\n<td width=\"382\">Rozvor kol (mm)<\/td>\n<td colspan=\"3\" width=\"447\">2790<\/td>\n<\/tr>\n<tr>\n<td width=\"382\">Velikost kol (palce)<\/td>\n<td width=\"122\">17<\/td>\n<td colspan=\"2\" width=\"324\">18<\/td>\n<\/tr>\n<tr>\n<td width=\"382\">P\u0159edn\u00ed odpru\u017een\u00ed<\/td>\n<td colspan=\"3\" width=\"447\">MacPherson<\/td>\n<\/tr>\n<tr>\n<td width=\"382\">Zadn\u00ed odpru\u017een\u00ed<\/td>\n<td colspan=\"3\" width=\"447\">V\u00edceprvkov\u00e9<\/td>\n<\/tr>\n<tr>\n<td width=\"382\">Typ pohonu<\/td>\n<td colspan=\"3\" width=\"447\">Pohon p\u0159edn\u00edch kol<\/td>\n<\/tr>\n<tr>\n<td width=\"382\">Celkov\u00fd v\u00fdkon syst\u00e9mu (kW)<\/td>\n<td width=\"122\">135<\/td>\n<td colspan=\"2\" width=\"324\">156<\/td>\n<\/tr>\n<tr>\n<td width=\"382\">Maxim\u00e1ln\u00ed v\u00fdkon motoru (kW)<\/td>\n<td colspan=\"3\" width=\"447\">72<\/td>\n<\/tr>\n<tr>\n<td width=\"382\">Maxim\u00e1ln\u00ed v\u00fdkon elektromotoru (kW)<\/td>\n<td colspan=\"3\" width=\"447\">145<\/td>\n<\/tr>\n<tr>\n<td width=\"382\">Maxim\u00e1ln\u00ed to\u010div\u00fd moment elektromotoru (Nm)<\/td>\n<td colspan=\"3\" width=\"447\">300<\/td>\n<\/tr>\n<tr>\n<td width=\"382\">Typ baterie<\/td>\n<td colspan=\"3\" width=\"447\">LFP Blade Battery<\/td>\n<\/tr>\n<tr>\n<td width=\"382\">Jmenovit\u00e1 kapacita baterie (kWh)<\/td>\n<td width=\"122\">10,08<\/td>\n<td colspan=\"2\" width=\"324\">19<\/td>\n<\/tr>\n<tr>\n<td width=\"382\">Maxim\u00e1ln\u00ed rychlost (km\/h)<\/td>\n<td colspan=\"3\" width=\"447\">180<\/td>\n<\/tr>\n<tr>\n<td width=\"382\">Zrychlen\u00ed z 0 na 100 km\/h (s)<\/td>\n<td width=\"122\">8,9<\/td>\n<td colspan=\"2\" width=\"324\">8,5<\/td>\n<\/tr>\n<tr>\n<td width=\"382\">Dojezd na elektrick\u00fd pohon \u2013 WLTP kombinovan\u00fd (km)<\/td>\n<td width=\"122\">50<\/td>\n<td colspan=\"2\" width=\"324\">100<\/td>\n<\/tr>\n<tr>\n<td width=\"382\">Dojezd \u2013 WLTP kombinovan\u00fd (km)<\/td>\n<td colspan=\"3\" width=\"447\">1350<\/td>\n<\/tr>\n<tr>\n<td width=\"382\">Spot\u0159eba paliva \u2013 WLTP kombinovan\u00e1 (l\/100 km)<\/td>\n<td width=\"122\">4,8<\/td>\n<td colspan=\"2\" width=\"324\">5,0<\/td>\n<\/tr>\n<tr>\n<td width=\"382\">Spot\u0159eba paliva \u2013 WLTP v\u00e1\u017een\u00fd kombinovan\u00fd (l\/100 km)<\/td>\n<td width=\"122\">2,6<\/td>\n<td colspan=\"2\" width=\"324\">1,7<\/td>\n<\/tr>\n<tr>\n<td width=\"382\">Emise CO\u2082\u00a0(g\/km)<\/td>\n<td width=\"122\">60<\/td>\n<td colspan=\"2\" width=\"324\">38<\/td>\n<\/tr>\n<tr>\n<td width=\"382\">Objem palivov\u00e9 n\u00e1dr\u017ee (l)<\/td>\n<td colspan=\"3\" width=\"447\">65<\/td>\n<\/tr>\n<tr>\n<td width=\"382\">Ta\u017en\u00e1 hmotnost (nebrzd\u011bn\u00fd p\u0159\u00edv\u011bs)<\/td>\n<td colspan=\"3\" width=\"447\">750 kg<\/td>\n<\/tr>\n<tr>\n<td width=\"382\">Objem zavazadlov\u00e9ho prostoru (l, se vzp\u0159\u00edmen\u00fdmi\/ sklopen\u00fdmi sedadly)<\/td>\n<td colspan=\"3\" width=\"447\">500\/1535<\/td>\n<\/tr>\n<tr>\n<td width=\"382\">Po\u010det sedadel (osob)<\/td>\n<td colspan=\"3\" width=\"447\">5<\/td>\n<\/tr>\n<tr>\n<td width=\"382\">Nab\u00edjec\u00ed v\u00fdkon<\/td>\n<td width=\"122\">3,3 kW AC<\/td>\n<td colspan=\"2\" width=\"324\">6,6 kW AC,<br \/>\n26 kW DC<\/td>\n<\/tr>\n<tr>\n<td width=\"382\">Doba nab\u00edjen\u00ed st\u0159\u00eddav\u00fdm proudem (15\u2013100 %)<\/td>\n<td width=\"122\">3 h<\/td>\n<td colspan=\"2\" width=\"324\">2,7 h<\/td>\n<\/tr>\n<tr>\n<td width=\"382\">Doba nab\u00edjen\u00ed DC (30\u201380 %)<\/td>\n<td width=\"122\">\/<\/td>\n<td colspan=\"2\" width=\"324\">23 min<\/td>\n<\/tr>\n<tr>\n<td width=\"382\">Funkce V2L<\/td>\n<td colspan=\"3\" width=\"447\">Standardn\u011b, 3,3 kW<\/td>\n<\/tr>\n<\/tbody>\n<\/table>\n<p><strong>\u00a0Erich Handl, TK BYD Vod\u011br\u00e1dky, <\/strong><strong>Fotografie autor<\/strong><strong><u><br \/>\n<\/u><\/strong><\/p>\n<p><img loading=\"lazy\" decoding=\"async\" class=\"alignnone size-medium wp-image-15998\" src=\"http:\/\/www.automakers.cz\/wp-content\/uploads\/2025\/09\/BYD-TK-Voderadky-sal-900x506.jpg\" alt=\"\" width=\"900\" height=\"506\" srcset=\"https:\/\/www.automakers.cz\/wp-content\/uploads\/2025\/09\/BYD-TK-Voderadky-sal-900x506.jpg 900w, https:\/\/www.automakers.cz\/wp-content\/uploads\/2025\/09\/BYD-TK-Voderadky-sal-1024x576.jpg 1024w, https:\/\/www.automakers.cz\/wp-content\/uploads\/2025\/09\/BYD-TK-Voderadky-sal-768x432.jpg 768w, https:\/\/www.automakers.cz\/wp-content\/uploads\/2025\/09\/BYD-TK-Voderadky-sal-1536x864.jpg 1536w, https:\/\/www.automakers.cz\/wp-content\/uploads\/2025\/09\/BYD-TK-Voderadky-sal-1280x720.jpg 1280w, https:\/\/www.automakers.cz\/wp-content\/uploads\/2025\/09\/BYD-TK-Voderadky-sal.jpg 2048w\" sizes=\"auto, (max-width: 900px) 100vw, 900px\" \/><\/p>\n","protected":false},"excerpt":{"rendered":"<p>Letn\u00ed sc\u00e9na Vod\u011br\u00e1dky byla 3. z\u00e1\u0159\u00ed sv\u011bdkem n\u00e1rodn\u00ed premi\u00e9ry vozu BYDSEAL 6 DM-i, kter\u00fd m\u00ed\u0159\u00ed&#8230;<\/p>\n","protected":false},"author":1,"featured_media":15999,"comment_status":"closed","ping_status":"closed","sticky":false,"template":"","format":"standard","meta":{"footnotes":""},"categories":[11,12,20],"tags":[],"class_list":["post-15996","post","type-post","status-publish","format-standard","has-post-thumbnail","hentry","category-importeri","category-premiery","category-tiskovky"],"_links":{"self":[{"href":"https:\/\/www.automakers.cz\/index.php?rest_route=\/wp\/v2\/posts\/15996","targetHints":{"allow":["GET"]}}],"collection":[{"href":"https:\/\/www.automakers.cz\/index.php?rest_route=\/wp\/v2\/posts"}],"about":[{"href":"https:\/\/www.automakers.cz\/index.php?rest_route=\/wp\/v2\/types\/post"}],"author":[{"embeddable":true,"href":"https:\/\/www.automakers.cz\/index.php?rest_route=\/wp\/v2\/users\/1"}],"replies":[{"embeddable":true,"href":"https:\/\/www.automakers.cz\/index.php?rest_route=%2Fwp%2Fv2%2Fcomments&post=15996"}],"version-history":[{"count":10,"href":"https:\/\/www.automakers.cz\/index.php?rest_route=\/wp\/v2\/posts\/15996\/revisions"}],"predecessor-version":[{"id":16014,"href":"https:\/\/www.automakers.cz\/index.php?rest_route=\/wp\/v2\/posts\/15996\/revisions\/16014"}],"wp:featuredmedia":[{"embeddable":true,"href":"https:\/\/www.automakers.cz\/index.php?rest_route=\/wp\/v2\/media\/15999"}],"wp:attachment":[{"href":"https:\/\/www.automakers.cz\/index.php?rest_route=%2Fwp%2Fv2%2Fmedia&parent=15996"}],"wp:term":[{"taxonomy":"category","embeddable":true,"href":"https:\/\/www.automakers.cz\/index.php?rest_route=%2Fwp%2Fv2%2Fcategories&post=15996"},{"taxonomy":"post_tag","embeddable":true,"href":"https:\/\/www.automakers.cz\/index.php?rest_route=%2Fwp%2Fv2%2Ftags&post=15996"}],"curies":[{"name":"wp","href":"https:\/\/api.w.org\/{rel}","templated":true}]}}