{"id":1600,"date":"2024-01-22T08:15:06","date_gmt":"2024-01-22T08:15:06","guid":{"rendered":"https:\/\/www.automakers.cz\/?p=1600"},"modified":"2024-01-22T11:11:20","modified_gmt":"2024-01-22T11:11:20","slug":"autosap-dohoda-o-emisich-co2-pro-nakladni-auta-vyzaduje-narodni-motivacni-ramec","status":"publish","type":"post","link":"https:\/\/www.automakers.cz\/?p=1600","title":{"rendered":"AutoSAP: dohoda o emis\u00edch CO2 n\u00e1kladn\u00edch aut vy\u017eaduje n\u00e1rodn\u00ed motiva\u010dn\u00ed r\u00e1mec"},"content":{"rendered":"<p><strong>Aktu\u00e1ln\u00ed politick\u00e1 dohoda k n\u00e1vrhu c\u00edl\u016f CO2 zakotvuje ambici\u00f3zn\u00ed \u010dasov\u00fd pl\u00e1n dekarbonizace pro t\u011b\u017ek\u00e1 n\u00e1kladn\u00ed vozidla a autobusy. Bez sou\u010dasn\u00e9ho nastaven\u00ed efektivn\u00edho n\u00e1rodn\u00edho r\u00e1mce pro jejich provoz, bude ohro\u017eena jeho \u00fasp\u011b\u0161n\u00e1 realizace i ekonomika odv\u011btv\u00ed p\u0159epravy zbo\u017e\u00ed a osob.<\/strong><!--more--><\/p>\n<p>\u201eC\u00edle v oblasti sni\u017eov\u00e1n\u00ed emis\u00ed CO2, vedouc\u00ed k dekarbonizaci n\u00e1kladn\u00ed dopravy maj\u00ed na\u0161i plnou podporu. Nezbytn\u011b v\u0161ak mus\u00ed b\u00fdt dopln\u011bny n\u00e1rodn\u00edmi podm\u00ednkami k jejich praktick\u00e9 realizaci. Na \u00fasp\u011b\u0161nou zelenou transformaci nesta\u010d\u00ed jen ambici\u00f3zn\u00ed emisn\u00ed c\u00edle, ale je nutn\u00e1 adekv\u00e1tn\u00ed a stejn\u011b ambici\u00f3zn\u00ed podpora pr\u016fmyslu, st\u00e1tn\u00edch i soukrom\u00fdch dopravc\u016f a rozvoj specifick\u00e9 dob\u00edjec\u00ed infrastruktury ur\u010den\u00e9 pro n\u00e1kladn\u00ed vozidla a autobusy\u201c, \u0159\u00edk\u00e1 Zden\u011bk Petzl, v\u00fdkonn\u00fd \u0159editel Sdru\u017een\u00ed automobilov\u00e9ho pr\u016fmyslu.<\/p>\n<p>Mezi kl\u00ed\u010dov\u00e9 podm\u00ednky \u00fasp\u011b\u0161n\u00e9 dekarbonizace t\u011b\u017ek\u00e9 osobn\u00ed a n\u00e1kladn\u00ed dopravy pat\u0159\u00ed mimo zna\u010dn\u00fdch investic do v\u00fdroby a v\u00fdvoje samotn\u00fdch vozidel i v\u00fdstavba specifick\u00e9 dob\u00edjec\u00ed a pln\u00edc\u00ed infrastruktury. Ta mus\u00ed zohlednit po\u017eadavky na v\u011bt\u0161\u00ed velikost vozidel, jejich bateri\u00ed i specifick\u00fdch pot\u0159ebn\u00fdch lokalit pro dob\u00edjen\u00ed a pln\u011bn\u00ed.<\/p>\n<p>Ned\u00edlnou sou\u010d\u00e1st\u00ed je pak nastaven\u00ed takov\u00e9ho n\u00e1rodn\u00edho syst\u00e9mu fisk\u00e1ln\u011b motiva\u010dn\u00edch opat\u0159en\u00ed, kter\u00fd podpo\u0159\u00ed ekonomiku provozu t\u011bchto vozidel u dopravc\u016f. Minim\u00e1ln\u011b v t\u00e9to rann\u00e9 f\u00e1zi nelze zapom\u00ednat ani na pot\u0159ebu realizace n\u00e1rodn\u00edho programu podpory n\u00e1kupu bezemisn\u00edch vozidel, kterou EU p\u0159edv\u00edd\u00e1 z Moderniza\u010dn\u00edho fondu. Bez toho, ani\u017e bychom si doma tento r\u00e1mec, kter\u00fd by podpo\u0159il popt\u00e1vku po modelech n\u00e1kladn\u00edch vozidel a autobus\u016f s nulov\u00fdmi emisemi rychle a efektivn\u011b nastavili, bude dosa\u017een\u00ed stanoven\u00fdch c\u00edl\u016f nemo\u017en\u00e9, zejm\u00e9na s p\u0159ihl\u00e9dnut\u00edm k ambici\u00f3zn\u00edmu \u010dasov\u00e9m harmonogramu.<\/p>\n<p>Aby bylo dosa\u017eeno emisn\u00edch c\u00edl\u016f, kter\u00e9 n\u00e1vrh stanovuje nap\u0159. ji\u017e k roku 2030, bude muset na evropsk\u00fdch silnic\u00edch b\u00fdt v provozu v\u00edce ne\u017e 400 000 bateriov\u00fdch a vod\u00edkov\u00fdch n\u00e1kladn\u00edch vozidel a autobus\u016f, tedy nejm\u00e9n\u011b t\u0159etina nov\u011b registrovan\u00fdch vozidel budou muset tvo\u0159it modely s nulov\u00fdmi emisemi. K tomu je pot\u0159eba m\u00edt v Evrop\u011b nejm\u00e9n\u011bm 50 000 vhodn\u00fdch dob\u00edjec\u00edch stanic (v\u011bt\u0161ina z nich s megawattov\u00fdmi nab\u00edjec\u00ed syst\u00e9my) a nejm\u00e9n\u011b 700 vod\u00edkov\u00fdch pln\u00edc\u00edch stanic.<\/p>\n<p>To bude pro dopravce nevyhnuteln\u011b znamenat zv\u00fd\u0161en\u00ed vstupn\u00edch n\u00e1klad\u016f na n\u00e1kup nov\u00fdch vozidel a na zabezpe\u010den\u00ed dob\u00edjec\u00ed infrastruktury. Nab\u00edz\u00ed se ot\u00e1zka, jak\u00fd to bude m\u00edt dopad na cenu p\u0159epravovan\u00e9ho zbo\u017e\u00ed \u010di cenu p\u0159epravn\u00e9ho pro ob\u010dany?<\/p>\n<p>Drtiv\u00e1 v\u011bt\u0161ina zbo\u017e\u00ed (cca 70-80 %) je na \u00fazem\u00ed \u010cR, pota\u017emo EU p\u0159epravovan\u00e1 pr\u00e1v\u011b silni\u010dn\u00ed dopravou. M\u00e1me za to, \u017ee bez dostate\u010dn\u00e9 podpory ze strany EU a st\u00e1tu na podporu dopravc\u016f a provozovatel\u016f ve\u0159ejn\u00e9 dopravy, opravdu hroz\u00ed skokov\u00e9 zdra\u017een\u00ed p\u0159epravovan\u00e9ho zbo\u017e\u00ed a zhor\u0161en\u00ed ekonomick\u00e9 konkurenceschopnosti n\u00e1rodn\u00edch dopravc\u016f, v\u016f\u010di jejich zahrani\u010dn\u00ed konkurenci. Zhor\u0161\u00ed se tak\u00e9 schopnost st\u00e1tu napl\u0148ovat sv\u00e9 klimatick\u00e9 z\u00e1vazky, v\u010detn\u011b N\u00e1rodn\u00edho ak\u010dn\u00edho pl\u00e1nu \u010dist\u00e9 mobility.<\/p>\n<p>Dekarbonizace t\u011b\u017ek\u00e9 n\u00e1kladn\u00ed dopravy vy\u017eaduje spole\u010dn\u00e9 \u00fasil\u00ed r\u016fzn\u00fdch z\u00fa\u010dastn\u011bn\u00fdch stran v cel\u00e9m dopravn\u00edm ekosyst\u00e9mu. V\u00fdrobci vozidel a jejich dodavatel\u00e9 v n\u011bm hraj\u00ed z\u00e1sadn\u00ed roli a zna\u010dn\u00fdmi investicemi do zvy\u0161ov\u00e1n\u00ed s\u00e9riov\u00e9 v\u00fdroby bezemisn\u00edch n\u00e1kladn\u00edch vozidel a autobus\u016f d\u011blaj\u00ed v\u0161e proto, aby tato vozidla byla v dostate\u010dn\u011b rychl\u00e9m \u010dasu dostupn\u00e1. Z\u00e1rove\u0148 v\u0161ak spol\u00e9haj\u00ed na schopnost a mo\u017enosti sv\u00fdch z\u00e1kazn\u00edk\u016f nakupovat a provozovat nov\u00e1 bezemisn\u00ed vozidla, kter\u00e1 nahrad\u00ed ta star\u0161\u00ed, je\u017e v sou\u010dasnosti jezd\u00ed po silnic\u00edch.<\/p>\n<p>V dal\u0161\u00edch obdob\u00edch bude \u010desk\u00fd autopr\u016fmysl i nad\u00e1le sledovat pln\u011bn\u00ed kl\u00ed\u010dov\u00fdch podm\u00ednek tak, aby mohlo b\u00fdt zaji\u0161t\u011bno spln\u011bn\u00ed nastaven\u00fdch c\u00edl\u016f. Stejn\u011b tak se mus\u00ed Evropsk\u00e1 komise a zejm\u00e9na \u010dlensk\u00e9 st\u00e1ty zav\u00e1zat k pokroku a zaji\u0161t\u011bn\u00ed v\u010dasn\u00e9ho odstran\u011bn\u00ed nedostatk\u016f a posiln\u011bn\u00ed podpory t\u00e9to slo\u017eit\u00e9 transformace tak, aby odpov\u00eddala ambici\u00f3zn\u00edm klimatick\u00fdm c\u00edl\u016fm a poda\u0159ilo se n\u00e1m spole\u010dn\u011b dos\u00e1hnout stanoven\u00e9ho dekarboniza\u010dn\u00edho c\u00edle.<\/p>\n<p><strong>ZDROJ:<\/strong><\/p>\n<p>V\u00fd\u0161e uveden\u00fd text je koment\u00e1\u0159em Sdru\u017een\u00ed automobilov\u00e9ho pr\u016fmyslu k p\u0159edb\u011b\u017en\u00e9 dohod\u011b, jej\u00ed form\u00e1ln\u00ed schv\u00e1len\u00ed<br \/>\nje st\u00e1le je\u0161t\u011b p\u0159ed n\u00e1mi.<\/p>\n<p><img loading=\"lazy\" decoding=\"async\" class=\"alignnone size-medium wp-image-446\" src=\"http:\/\/www.automakers.cz\/wp-content\/uploads\/2023\/11\/Mercedes-Truck-Olomouc-kamiony-900x675.jpg\" alt=\"\" width=\"900\" height=\"675\" \/><\/p>\n","protected":false},"excerpt":{"rendered":"<p>Aktu\u00e1ln\u00ed politick\u00e1 dohoda k n\u00e1vrhu c\u00edl\u016f CO2 zakotvuje ambici\u00f3zn\u00ed \u010dasov\u00fd pl\u00e1n dekarbonizace pro t\u011b\u017ek\u00e1 n\u00e1kladn\u00ed&#8230;<\/p>\n","protected":false},"author":1,"featured_media":238,"comment_status":"open","ping_status":"open","sticky":false,"template":"","format":"standard","meta":{"footnotes":""},"categories":[42,57],"tags":[],"class_list":["post-1600","post","type-post","status-publish","format-standard","has-post-thumbnail","hentry","category-analyza","category-emise"],"_links":{"self":[{"href":"https:\/\/www.automakers.cz\/index.php?rest_route=\/wp\/v2\/posts\/1600","targetHints":{"allow":["GET"]}}],"collection":[{"href":"https:\/\/www.automakers.cz\/index.php?rest_route=\/wp\/v2\/posts"}],"about":[{"href":"https:\/\/www.automakers.cz\/index.php?rest_route=\/wp\/v2\/types\/post"}],"author":[{"embeddable":true,"href":"https:\/\/www.automakers.cz\/index.php?rest_route=\/wp\/v2\/users\/1"}],"replies":[{"embeddable":true,"href":"https:\/\/www.automakers.cz\/index.php?rest_route=%2Fwp%2Fv2%2Fcomments&post=1600"}],"version-history":[{"count":5,"href":"https:\/\/www.automakers.cz\/index.php?rest_route=\/wp\/v2\/posts\/1600\/revisions"}],"predecessor-version":[{"id":1606,"href":"https:\/\/www.automakers.cz\/index.php?rest_route=\/wp\/v2\/posts\/1600\/revisions\/1606"}],"wp:featuredmedia":[{"embeddable":true,"href":"https:\/\/www.automakers.cz\/index.php?rest_route=\/wp\/v2\/media\/238"}],"wp:attachment":[{"href":"https:\/\/www.automakers.cz\/index.php?rest_route=%2Fwp%2Fv2%2Fmedia&parent=1600"}],"wp:term":[{"taxonomy":"category","embeddable":true,"href":"https:\/\/www.automakers.cz\/index.php?rest_route=%2Fwp%2Fv2%2Fcategories&post=1600"},{"taxonomy":"post_tag","embeddable":true,"href":"https:\/\/www.automakers.cz\/index.php?rest_route=%2Fwp%2Fv2%2Ftags&post=1600"}],"curies":[{"name":"wp","href":"https:\/\/api.w.org\/{rel}","templated":true}]}}