{"id":16015,"date":"2025-09-04T00:22:53","date_gmt":"2025-09-04T00:22:53","guid":{"rendered":"https:\/\/www.automakers.cz\/?p=16015"},"modified":"2025-09-04T00:22:53","modified_gmt":"2025-09-04T00:22:53","slug":"hyundai-odhalil-skicu-concept-three","status":"publish","type":"post","link":"https:\/\/www.automakers.cz\/?p=16015","title":{"rendered":"Hyundai odhalil skicu Concept THREE"},"content":{"rendered":"<p><strong>T\u00fdden p\u0159ed ofici\u00e1ln\u00ed premi\u00e9rou na IAA Mobility 2025 zve\u0159ejnila zna\u010dka Hyundai upout\u00e1vkovou skicu futuristick\u00e9 studie, kter\u00e1 p\u0159edj\u00edm\u00e1 prvn\u00ed kompaktn\u00ed elektromobil zna\u010dky IONIQ. Koncep\u010dn\u00ed v\u016fz ponese ozna\u010den\u00ed Concept THREE.<\/strong><!--more--><\/p>\n<p>Automobilka tak nav\u00e1zala na prvn\u00ed sadu obr\u00e1zk\u016f s designov\u00fdmi prvky studie zve\u0159ejn\u011bnou v minul\u00e9m t\u00fddnu. Upout\u00e1vka ukazuje design studie Concept THREE orientovan\u00fd na budoucnost. Bo\u010dn\u00ed profil navr\u017een\u00fd v souladu s designov\u00fdm stylem Art of Steel odhaluje energick\u00fd postoj.<\/p>\n<p>Karoserie inspirovan\u00e1 oh\u00fdb\u00e1n\u00edm a taven\u00edm oceli m\u00e1 v\u00fdrazn\u011b tvarovan\u00e9 povrchy, \u010dist\u00e9 k\u0159ivky prot\u00ednaj\u00edc\u00edch se ploch a osobit\u00e9 charakterov\u00e9 linie, kter\u00e9 umoc\u0148uj\u00ed dojem pohybu. Z expresivn\u00edch tvar\u016f p\u0159i pohledu ze strany je patrn\u00e9 inovativn\u00ed pojet\u00ed aerodynamick\u00e9ho hatchbacku, kter\u00e9 vytv\u00e1\u0159\u00ed nov\u011b koncipovanou siluetu kompaktn\u00edho elektromobilu.<\/p>\n<p>Podrobn\u011bj\u0161\u00ed informace z\u016fstanou v utajen\u00ed a\u017e do glob\u00e1ln\u00edho debutu studie Concept THREE na autosalonu IAA Mobility 2025, kter\u00fd se bude konat v Mnichov\u011b od 9. do 14. z\u00e1\u0159\u00ed. Zna\u010dka Hyundai se na nejv\u011bt\u0161\u00ed p\u0159ehl\u00eddku mobility v Evrop\u011b vrac\u00ed po \u010dty\u0159ech letech, a potvrzuje tak sv\u00e9 zam\u011b\u0159en\u00ed na evropsk\u00fd trh i vedouc\u00ed postaven\u00ed v oblasti udr\u017eiteln\u00fdch inovac\u00ed.<\/p>\n<p>\u201eNavrhov\u00e1n\u00ed designu studie Concept THREE pro n\u00e1s bylo p\u0159\u00edle\u017eitost\u00ed k tomu, abychom od z\u00e1kladu p\u0159ehodnotili koncept kompaktn\u00edho elektromobilu,\u201c \u0159ekl Simon Loasby, prvn\u00ed viceprezident a vedouc\u00ed design\u00e9rsk\u00e9ho centra Hyundai. \u201eDefinovali jsme novou karos\u00e1\u0159skou verzi aerodynamick\u00fd hatchback se siluetou, kter\u00e1 vyvol\u00e1v\u00e1 dojem proud\u011bn\u00ed a nab\u00fdv\u00e1 podobu skulptury s n\u00e1dhern\u00fdmi proporcemi.\u201c<\/p>\n<p>Manuel Schoettle, design\u00e9r exteri\u00e9ru studie Concept THREE, k tomu dodal: \u201eAutenti\u010dnost zp\u016fsobu, jak\u00fdm jsme zpracovali ocel, perfektn\u011b lad\u00ed s celkov\u00fdm pojet\u00edm vozu. P\u016fsob\u00ed to p\u0159irozen\u011b, d\u00edky \u010demu\u017e je Concept THREE extr\u00e9mn\u011b \u010dist\u00fd. A douf\u00e1me, \u017ee vykouzl\u00ed \u00fasm\u011bv na va\u0161\u00ed tv\u00e1\u0159i.\u201c<\/p>\n","protected":false},"excerpt":{"rendered":"<p>T\u00fdden p\u0159ed ofici\u00e1ln\u00ed premi\u00e9rou na IAA Mobility 2025 zve\u0159ejnila zna\u010dka Hyundai upout\u00e1vkovou skicu futuristick\u00e9 studie,&#8230;<\/p>\n","protected":false},"author":2,"featured_media":16016,"comment_status":"closed","ping_status":"closed","sticky":false,"template":"","format":"standard","meta":{"footnotes":""},"categories":[13,9,8],"tags":[],"class_list":["post-16015","post","type-post","status-publish","format-standard","has-post-thumbnail","hentry","category-design","category-elektromobily","category-vystavy"],"_links":{"self":[{"href":"https:\/\/www.automakers.cz\/index.php?rest_route=\/wp\/v2\/posts\/16015","targetHints":{"allow":["GET"]}}],"collection":[{"href":"https:\/\/www.automakers.cz\/index.php?rest_route=\/wp\/v2\/posts"}],"about":[{"href":"https:\/\/www.automakers.cz\/index.php?rest_route=\/wp\/v2\/types\/post"}],"author":[{"embeddable":true,"href":"https:\/\/www.automakers.cz\/index.php?rest_route=\/wp\/v2\/users\/2"}],"replies":[{"embeddable":true,"href":"https:\/\/www.automakers.cz\/index.php?rest_route=%2Fwp%2Fv2%2Fcomments&post=16015"}],"version-history":[{"count":2,"href":"https:\/\/www.automakers.cz\/index.php?rest_route=\/wp\/v2\/posts\/16015\/revisions"}],"predecessor-version":[{"id":16018,"href":"https:\/\/www.automakers.cz\/index.php?rest_route=\/wp\/v2\/posts\/16015\/revisions\/16018"}],"wp:featuredmedia":[{"embeddable":true,"href":"https:\/\/www.automakers.cz\/index.php?rest_route=\/wp\/v2\/media\/16016"}],"wp:attachment":[{"href":"https:\/\/www.automakers.cz\/index.php?rest_route=%2Fwp%2Fv2%2Fmedia&parent=16015"}],"wp:term":[{"taxonomy":"category","embeddable":true,"href":"https:\/\/www.automakers.cz\/index.php?rest_route=%2Fwp%2Fv2%2Fcategories&post=16015"},{"taxonomy":"post_tag","embeddable":true,"href":"https:\/\/www.automakers.cz\/index.php?rest_route=%2Fwp%2Fv2%2Ftags&post=16015"}],"curies":[{"name":"wp","href":"https:\/\/api.w.org\/{rel}","templated":true}]}}