{"id":16080,"date":"2025-09-05T09:24:33","date_gmt":"2025-09-05T09:24:33","guid":{"rendered":"https:\/\/www.automakers.cz\/?p=16080"},"modified":"2025-09-05T09:27:07","modified_gmt":"2025-09-05T09:27:07","slug":"byd-chce-v-zari-otevrit-10-showroomu","status":"publish","type":"post","link":"https:\/\/www.automakers.cz\/?p=16080","title":{"rendered":"BYD chce v z\u00e1\u0159\u00ed otev\u0159\u00edt 10 showroom\u016f"},"content":{"rendered":"<p><strong>\u010c\u00ednsk\u00fd BYD svolal 1. dubna novin\u00e1\u0159e do karl\u00ednsk\u00e9ho F\u00f3ra na slavnostn\u00ed uveden\u00ed zna\u010dky na \u010desk\u00fd trh a ohl\u00e1sil tak\u00e9 pl\u00e1ny na budov\u00e1n\u00ed dealersk\u00e9 s\u00edt\u011b. Do konce roku m\u011blo b\u00fdt v \u010cR t\u0159icet prodejen a servis\u016f.<\/strong><strong> Jak\u00e1 je z\u00e1\u0159ijov\u00e1 realita? Po\u010dty showroom\u016f up\u0159esnili mana\u017ee\u0159i importu na z\u00e1\u0159ijov\u00e9 prezentaci ve Vod\u011br\u00e1dk\u00e1ch.<\/strong><!--more--><\/p>\n<p>&#8222;Do konce roku chceme m\u00edt <strong>t\u0159icet prodejn\u00edch a servisn\u00edch m\u00edst<\/strong>, hlavn\u011b v krajsk\u00fdch m\u011bstech,\u201c \u0159ekl na jarn\u00ed premi\u00e9\u0159e ve Foru Karl\u00edn country mana\u017eer importu<strong> Martin He\u0159mansk\u00fd<\/strong> s t\u00edm, \u017ee BYD se nebude vyh\u00fdbat ani okresn\u00edm m\u011bst\u016fm s prodejn\u00edm potenci\u00e1lem.<\/p>\n<p><img loading=\"lazy\" decoding=\"async\" class=\"alignnone size-medium wp-image-12083\" src=\"http:\/\/www.automakers.cz\/wp-content\/uploads\/2025\/04\/BYD-Hermansky-podium-900x506.jpg\" alt=\"\" width=\"900\" height=\"506\" srcset=\"https:\/\/www.automakers.cz\/wp-content\/uploads\/2025\/04\/BYD-Hermansky-podium-900x506.jpg 900w, https:\/\/www.automakers.cz\/wp-content\/uploads\/2025\/04\/BYD-Hermansky-podium-1024x576.jpg 1024w, https:\/\/www.automakers.cz\/wp-content\/uploads\/2025\/04\/BYD-Hermansky-podium-768x432.jpg 768w, https:\/\/www.automakers.cz\/wp-content\/uploads\/2025\/04\/BYD-Hermansky-podium-1536x864.jpg 1536w, https:\/\/www.automakers.cz\/wp-content\/uploads\/2025\/04\/BYD-Hermansky-podium-1280x720.jpg 1280w, https:\/\/www.automakers.cz\/wp-content\/uploads\/2025\/04\/BYD-Hermansky-podium.jpg 2040w\" sizes=\"auto, (max-width: 900px) 100vw, 900px\" \/><strong>He\u0159mansk\u00fd v mezidob\u00ed \u010d\u00ednskou zna\u010dku opustil, ale pl\u00e1ny na vybudov\u00e1n\u00ed rozs\u00edhl\u00e9 s\u00edt\u011b pokra\u010duj\u00ed.<\/strong><\/p>\n<p>S aktu\u00e1ln\u00edm stavem se pochlubili mana\u017ee\u0159i BYD na z\u00e1\u0159ijov\u00e9 tiskovce ve Vod\u011br\u00e1dk\u00e1ch. <strong>U\u017e se po\u010det prodejn\u00edch m\u00edst bl\u00ed\u017e\u00ed slibovan\u00e9 t\u0159ic\u00edtce?<\/strong><\/p>\n<p><img loading=\"lazy\" decoding=\"async\" class=\"alignnone size-medium wp-image-16082\" src=\"http:\/\/www.automakers.cz\/wp-content\/uploads\/2025\/09\/BYD-Voderadky-dealeri-900x506.jpg\" alt=\"\" width=\"900\" height=\"506\" srcset=\"https:\/\/www.automakers.cz\/wp-content\/uploads\/2025\/09\/BYD-Voderadky-dealeri-900x506.jpg 900w, https:\/\/www.automakers.cz\/wp-content\/uploads\/2025\/09\/BYD-Voderadky-dealeri-1024x576.jpg 1024w, https:\/\/www.automakers.cz\/wp-content\/uploads\/2025\/09\/BYD-Voderadky-dealeri-768x432.jpg 768w, https:\/\/www.automakers.cz\/wp-content\/uploads\/2025\/09\/BYD-Voderadky-dealeri-1536x864.jpg 1536w, https:\/\/www.automakers.cz\/wp-content\/uploads\/2025\/09\/BYD-Voderadky-dealeri-1280x720.jpg 1280w, https:\/\/www.automakers.cz\/wp-content\/uploads\/2025\/09\/BYD-Voderadky-dealeri.jpg 2048w\" sizes=\"auto, (max-width: 900px) 100vw, 900px\" \/>BYD m\u011bl na za\u010d\u00e1tku z\u00e1\u0159\u00ed podle vlastn\u00edch informac\u00ed <strong>p\u011bt funguj\u00edc\u00edch prodejn\u00edch a servisn\u00edch m\u00edst<\/strong>. Jde o dva showroomy Louda Auto (Pod\u011bbrady a Hloub\u011bt\u00edn) v \u010cech\u00e1ch a t\u0159i na Morav\u011b (Ostrava, Uhersk\u00e9 Hradi\u0161t\u011b a Zl\u00edn).<\/p>\n<p><strong>Zat\u00edm asi jen v z\u00e1b\u011bhu<\/strong><\/p>\n<p>Tyto showroomy ale z\u0159ejm\u011b je\u0161t\u011b<strong> funguj\u00ed ve zku\u0161ebn\u00edm re\u017eimu,<\/strong> proto\u017ee jejich ofici\u00e1ln\u00ed otev\u0159en\u00ed se podle dostupn\u00fdch informac\u00ed teprve chyst\u00e1.<\/p>\n<p>&#8222;<b>Slavnostn\u00ed otev\u0159en\u00ed prvn\u00edho ofici\u00e1ln\u00edho showroomu zna\u010dky BYD v \u010cesk\u00e9 republice <\/b><strong>se uskute\u010dn\u00ed<\/strong> <b>ve st\u0159edu 17. z\u00e1\u0159\u00ed 2025 v Uhersk\u00e9m Hradi\u0161ti,&#8220; napsala n\u00e1m Martina Houserov\u00e1 z Auto UH Araver v Uhersk\u00e9m Hradi\u0161ti.<\/b><\/p>\n<p><strong>Dal\u0161\u00edch p\u011bt do konce z\u00e1\u0159\u00ed<\/strong><\/p>\n<p><strong>BYD p\u0159itom slibuje pos\u00edlen\u00ed sv\u00e9 s\u00edt\u011b o dal\u0161\u00edch p\u011bt prodejn\u00edch m\u00edst je\u0161t\u011b do konce z\u00e1\u0159\u00ed.<\/strong> M\u00e1 j\u00edt o Brno, Olomouc, Pardubice, Hradec Kr\u00e1lov\u00e9 a Trutnov.<\/p>\n<p>Ve f\u00e1zi autorizace pak maj\u00ed b\u00fdt dal\u0161\u00ed kandid\u00e1ti &#8211; \u010dty\u0159i partne\u0159i v Praze a po jednom v Liberci, \u00dast\u00ed nad Labem, \u010cesk\u00fdch Bud\u011bjovic\u00edch a Jihlav\u011b.<\/p>\n<p><strong>&#8222;Do konce roku bude zna\u010dka BYD v \u010cR zastoupena 20 dealery,&#8220;<\/strong> korigovala zna\u010dka ve Vod\u011br\u00e1dk\u00e1ch p\u016fvodn\u00ed jarn\u00ed pl\u00e1n na 30 prodejen.<\/p>\n<p><strong>Erich Handl, Vod\u011br\u00e1dky, foto autor<\/strong><\/p>\n<p><img loading=\"lazy\" decoding=\"async\" class=\"alignnone size-medium wp-image-15998\" src=\"http:\/\/www.automakers.cz\/wp-content\/uploads\/2025\/09\/BYD-TK-Voderadky-sal-900x506.jpg\" alt=\"\" width=\"900\" height=\"506\" srcset=\"https:\/\/www.automakers.cz\/wp-content\/uploads\/2025\/09\/BYD-TK-Voderadky-sal-900x506.jpg 900w, https:\/\/www.automakers.cz\/wp-content\/uploads\/2025\/09\/BYD-TK-Voderadky-sal-1024x576.jpg 1024w, https:\/\/www.automakers.cz\/wp-content\/uploads\/2025\/09\/BYD-TK-Voderadky-sal-768x432.jpg 768w, https:\/\/www.automakers.cz\/wp-content\/uploads\/2025\/09\/BYD-TK-Voderadky-sal-1536x864.jpg 1536w, https:\/\/www.automakers.cz\/wp-content\/uploads\/2025\/09\/BYD-TK-Voderadky-sal-1280x720.jpg 1280w, https:\/\/www.automakers.cz\/wp-content\/uploads\/2025\/09\/BYD-TK-Voderadky-sal.jpg 2048w\" sizes=\"auto, (max-width: 900px) 100vw, 900px\" \/><\/p>\n<p>&nbsp;<\/p>\n<p>&nbsp;<\/p>\n","protected":false},"excerpt":{"rendered":"<p>\u010c\u00ednsk\u00fd BYD svolal 1. dubna novin\u00e1\u0159e do karl\u00ednsk\u00e9ho F\u00f3ra na slavnostn\u00ed uveden\u00ed zna\u010dky na \u010desk\u00fd&#8230;<\/p>\n","protected":false},"author":1,"featured_media":15080,"comment_status":"closed","ping_status":"closed","sticky":false,"template":"","format":"standard","meta":{"footnotes":""},"categories":[17,31,52,20],"tags":[],"class_list":["post-16080","post","type-post","status-publish","format-standard","has-post-thumbnail","hentry","category-dealeri","category-news","category-servis","category-tiskovky"],"_links":{"self":[{"href":"https:\/\/www.automakers.cz\/index.php?rest_route=\/wp\/v2\/posts\/16080","targetHints":{"allow":["GET"]}}],"collection":[{"href":"https:\/\/www.automakers.cz\/index.php?rest_route=\/wp\/v2\/posts"}],"about":[{"href":"https:\/\/www.automakers.cz\/index.php?rest_route=\/wp\/v2\/types\/post"}],"author":[{"embeddable":true,"href":"https:\/\/www.automakers.cz\/index.php?rest_route=\/wp\/v2\/users\/1"}],"replies":[{"embeddable":true,"href":"https:\/\/www.automakers.cz\/index.php?rest_route=%2Fwp%2Fv2%2Fcomments&post=16080"}],"version-history":[{"count":6,"href":"https:\/\/www.automakers.cz\/index.php?rest_route=\/wp\/v2\/posts\/16080\/revisions"}],"predecessor-version":[{"id":16087,"href":"https:\/\/www.automakers.cz\/index.php?rest_route=\/wp\/v2\/posts\/16080\/revisions\/16087"}],"wp:featuredmedia":[{"embeddable":true,"href":"https:\/\/www.automakers.cz\/index.php?rest_route=\/wp\/v2\/media\/15080"}],"wp:attachment":[{"href":"https:\/\/www.automakers.cz\/index.php?rest_route=%2Fwp%2Fv2%2Fmedia&parent=16080"}],"wp:term":[{"taxonomy":"category","embeddable":true,"href":"https:\/\/www.automakers.cz\/index.php?rest_route=%2Fwp%2Fv2%2Fcategories&post=16080"},{"taxonomy":"post_tag","embeddable":true,"href":"https:\/\/www.automakers.cz\/index.php?rest_route=%2Fwp%2Fv2%2Ftags&post=16080"}],"curies":[{"name":"wp","href":"https:\/\/api.w.org\/{rel}","templated":true}]}}