{"id":16088,"date":"2025-09-08T04:48:12","date_gmt":"2025-09-08T04:48:12","guid":{"rendered":"https:\/\/www.automakers.cz\/?p=16088"},"modified":"2025-09-08T04:48:12","modified_gmt":"2025-09-08T04:48:12","slug":"iaa-volkswagen-predstavi-id-cross-concept","status":"publish","type":"post","link":"https:\/\/www.automakers.cz\/?p=16088","title":{"rendered":"IAA: Volkswagen p\u0159edstav\u00ed ID. CROSS Concept"},"content":{"rendered":"<p><strong>Volkswagen p\u0159edstav\u00ed na autosalonu IAA MOBILITY v Mnichov\u011b (8. a\u017e 14. z\u00e1\u0159\u00ed) elektrick\u00e9 kompaktn\u00ed SUV s ozna\u010den\u00edm ID. CROSS Concept<sup>1<\/sup>. Elektromobil je vhodn\u00fd jak do m\u011bstsk\u00e9ho provozu, tak pro cestov\u00e1n\u00ed na del\u0161\u00ed vzd\u00e1lenosti.<\/strong> <!--more--><\/p>\n<p><strong>Thomas Sch\u00e4fer, p\u0159edseda p\u0159edstavenstva zna\u010dky Volkswagen,<\/strong> vedouc\u00ed skupiny zna\u010dek Core a \u010dlen p\u0159edstavenstva koncernu, k tomu \u0159\u00edk\u00e1:<\/p>\n<p>\u201eM\u00fdm c\u00edlem od \u00fapln\u00e9ho za\u010d\u00e1tku bylo vytvo\u0159it nejlep\u0161\u00ed verzi zna\u010dky Volkswagen v\u0161ech dob. Koncep\u010dn\u00ed v\u016fz t\u00e9m\u011b\u0159 v podob\u011b budouc\u00edho s\u00e9riov\u011b vyr\u00e1b\u011bn\u00e9ho modelu ID. CROSS<sup>1<\/sup>\u00a0dokazuje, \u017ee jsme tohoto c\u00edle nyn\u00ed opravdu dos\u00e1hli \u2013 d\u00edky nov\u00e9mu designu, mnoha technologi\u00edm nab\u00edzen\u00fdm dosud pouze ve vy\u0161\u0161\u00edch segmentech, vylep\u0161en\u00fdm provozn\u00edm vlastnostem, vy\u0161\u0161\u00ed kvalit\u011b \u2013 a nakonec i d\u00edky n\u00e1vratu ke \u201aspr\u00e1vn\u00e9mu\u2018 ozna\u010den\u00ed. S\u00a0touto novou generac\u00ed voz\u016f Volkswagen nyn\u00ed pln\u00edme na\u0161e sliby.\u201c<\/p>\n<p><b>Ofenziva ve vstupn\u00edm segmentu \u2013 \u010dty\u0159i nov\u00e9 elektrick\u00e9 modely<\/b><\/p>\n<p>ID. CROSS Concept je po studi\u00edch ID.2 all<sup>2<\/sup>, ID. GTI Concept<sup>2<\/sup>\u00a0(na z\u00e1klad\u011b ID.2 all) a ID.EVERY1<sup>2<\/sup>\u00a0\u010dtvrt\u00fdm koncep\u010dn\u00edm vozem v segmentu mal\u00fdch elektromobil\u016f. S\u00e9riov\u011b vyr\u00e1b\u011bn\u00e9 verze t\u011bchto nov\u00fdch model\u016f zna\u010dky Volkswagen budou na trhu k\u00a0dispozici od roku 2026.<\/p>\n<p>Sv\u011btov\u00e1 premi\u00e9ra nov\u00e9ho modelu ID. Polo<sup>1<\/sup>\u00a0(s\u00e9riov\u011b vyr\u00e1b\u011bn\u00e1 verze studie ID.2 all) je napl\u00e1nov\u00e1na na prvn\u00ed polovinu roku 2026. Kr\u00e1tce pot\u00e9 bude p\u0159edstaveno ID. Polo GTI<sup>1<\/sup>. Oba modely budou vystaveny na IAA MOBILITY je\u0161t\u011b v m\u00edrn\u011b zamaskovan\u00e9 podob\u011b. Dv\u011b ozna\u010den\u00ed voz\u016f Volkswagen \u2013 Polo a GTI \u2013 tak vstoup\u00ed do sv\u011bta elektromobility.<\/p>\n<p>Fin\u00e1ln\u00ed ID. CROSS bude m\u00edt sv\u011btovou premi\u00e9ru v l\u00e9t\u011b 2026. S\u00e9riov\u011b vyr\u00e1b\u011bn\u00e1 verze studie ID. EVERY1, kterou budeme m\u00edt v expozici v Mnichov\u011b je\u0161t\u011b v podob\u011b koncep\u010dn\u00edho vozu, bude highlightem roku 2027.<\/p>\n<p><img loading=\"lazy\" decoding=\"async\" class=\"alignnone wp-image-16092\" src=\"http:\/\/www.automakers.cz\/wp-content\/uploads\/2025\/09\/Svetova-premiera-na-IAA-Volkswagen-predstavuje-ID.-CROSS-Concept-8-small-900x600.jpg\" alt=\"\" width=\"971\" height=\"647\" srcset=\"https:\/\/www.automakers.cz\/wp-content\/uploads\/2025\/09\/Svetova-premiera-na-IAA-Volkswagen-predstavuje-ID.-CROSS-Concept-8-small-900x600.jpg 900w, https:\/\/www.automakers.cz\/wp-content\/uploads\/2025\/09\/Svetova-premiera-na-IAA-Volkswagen-predstavuje-ID.-CROSS-Concept-8-small-1024x683.jpg 1024w, https:\/\/www.automakers.cz\/wp-content\/uploads\/2025\/09\/Svetova-premiera-na-IAA-Volkswagen-predstavuje-ID.-CROSS-Concept-8-small-768x512.jpg 768w, https:\/\/www.automakers.cz\/wp-content\/uploads\/2025\/09\/Svetova-premiera-na-IAA-Volkswagen-predstavuje-ID.-CROSS-Concept-8-small-1536x1024.jpg 1536w, https:\/\/www.automakers.cz\/wp-content\/uploads\/2025\/09\/Svetova-premiera-na-IAA-Volkswagen-predstavuje-ID.-CROSS-Concept-8-small-2048x1365.jpg 2048w\" sizes=\"auto, (max-width: 971px) 100vw, 971px\" \/>V\u0161echny \u010dty\u0159i nov\u00e9 modely ID. jsou sou\u010d\u00e1st\u00ed produktov\u00e9 kampan\u011b skupiny zna\u010dek Core (SEAT a CUPRA, \u0160koda, Volkswagen, Volkswagen U\u017eitkov\u00e9 vozy). V jej\u00edm r\u00e1mci uvedou tyto koncernov\u00e9 zna\u010dky na trh nov\u00e9 modely ve vstupn\u00edm segmentu elektromobility.<\/p>\n<p>ID. CROSS Concept, v zelen\u00e9m odst\u00ednu Urban Jungle, zaujme designov\u00fdm stylem. \u0160\u00e9fdesign\u00e9r zna\u010dky Volkswagen Andreas Mindt k tomu \u0159\u00edk\u00e1: \u201eNa\u0161emu nov\u00e9mu designov\u00e9mu stylu jsme dali ozna\u010den\u00ed \u201aPure Positive\u2018. Jeho z\u00e1kladem jsou t\u0159i pil\u00ed\u0159e na\u0161eho designu \u2013 stabilita, sympati\u010dnost a \u201esecret sauce\u201c (tajn\u00e1 p\u0159\u00edsada na \u00fasp\u011bch); tento designov\u00fd styl bude charakterizovat v\u0161echny budouc\u00ed nov\u00e9 modely zna\u010dky Volkswagen. Spol\u00e9h\u00e1me na s\u00edlu ryz\u00ed \u010distoty, na vizu\u00e1ln\u00ed stabilitu a pozitivn\u00ed, sympatick\u00fd charakter vozu. Linie a p\u016fsobiv\u00e9 plochy na studii ID. CROSS Concept jsou ryz\u00ed a \u010dist\u00e9. Utv\u00e1\u0159ej\u00ed SUV, kter\u00e9 trendy stanovuje, nikoli n\u00e1sleduje, a kter\u00e9 p\u0159en\u00e1\u0161\u00ed identitu zna\u010dky do budoucnosti.\u201c<\/p>\n<p>Pozitivn\u00ed charakter studie ID. CROSS Concept je patrn\u00fd nap\u0159\u00edklad na p\u0159\u00eddi a z\u00e1di. Jejich grafick\u00e9 prvky vyvol\u00e1vaj\u00ed spolu s 3D sv\u011bteln\u00fdm designem dojem, \u017ee se v\u016fz \u201esm\u011bje\u201c.<\/p>\n<p>Andreas Mindt k tomu dod\u00e1v\u00e1: \u201eV\u016fz zna\u010dky Volkswagen mus\u00ed b\u00fdt sympatick\u00fd a nezam\u011bniteln\u00fd, mus\u00ed sv\u00fdm charakterem inspirovat. Proto v designu studie ID. CROSS Concept z\u00e1m\u011brn\u011b p\u0159ipom\u00edn\u00e1me ikony zna\u010dky Volkswagen, jak\u00fdmi jsou Golf nebo \u201eVW Bus\u201c, ofici\u00e1ln\u011b zn\u00e1m\u00fd jako Volkswagen Transporter nebo VW Bulli \u2013 p\u0159id\u00e1v\u00e1me t\u00edm tro\u0161ku on\u00e9 \u201atajn\u00e9 p\u0159\u00edsady\u2018 nav\u00edc. To je patrn\u00e9 nap\u0159\u00edklad u charismatick\u00fdch st\u0159e\u0161n\u00edch sloupk\u016f C nebo zcela rovn\u00e9 spodn\u00ed linie oken. Jen m\u00e1lo mainstreamov\u00fdch zna\u010dek na sv\u011bt\u011b m\u016f\u017ee \u010derpat z tak bohat\u00e9ho historick\u00e9ho odkazu. A to bude pat\u0159it v\u017edy mezi na\u0161e n\u00e1stroje na cest\u011b do budoucnosti.\u201c<\/p>\n<p><img loading=\"lazy\" decoding=\"async\" class=\"alignnone wp-image-16093\" src=\"http:\/\/www.automakers.cz\/wp-content\/uploads\/2025\/09\/Svetova-premiera-na-IAA-Volkswagen-predstavuje-ID.-CROSS-Concept-small-900x600.jpg\" alt=\"\" width=\"975\" height=\"650\" srcset=\"https:\/\/www.automakers.cz\/wp-content\/uploads\/2025\/09\/Svetova-premiera-na-IAA-Volkswagen-predstavuje-ID.-CROSS-Concept-small-900x600.jpg 900w, https:\/\/www.automakers.cz\/wp-content\/uploads\/2025\/09\/Svetova-premiera-na-IAA-Volkswagen-predstavuje-ID.-CROSS-Concept-small-1024x683.jpg 1024w, https:\/\/www.automakers.cz\/wp-content\/uploads\/2025\/09\/Svetova-premiera-na-IAA-Volkswagen-predstavuje-ID.-CROSS-Concept-small-768x512.jpg 768w, https:\/\/www.automakers.cz\/wp-content\/uploads\/2025\/09\/Svetova-premiera-na-IAA-Volkswagen-predstavuje-ID.-CROSS-Concept-small-1536x1024.jpg 1536w, https:\/\/www.automakers.cz\/wp-content\/uploads\/2025\/09\/Svetova-premiera-na-IAA-Volkswagen-predstavuje-ID.-CROSS-Concept-small-2048x1366.jpg 2048w\" sizes=\"auto, (max-width: 975px) 100vw, 975px\" \/><b>Kompaktn\u00ed \u2013 vejde se na jak\u00e9koli parkovac\u00ed m\u00edsto<\/b><\/p>\n<p>Koncep\u010dn\u00ed SUV vystaven\u00e9 na IAA MOBILITY m\u00e1 vn\u011bj\u0161\u00ed d\u00e9lku 4161 mm p\u0159i rozvoru n\u00e1prav 2601 mm. Vn\u011bj\u0161\u00ed \u0161\u00ed\u0159ka studie ID. CROSS Concept je 1839 mm, vn\u011bj\u0161\u00ed v\u00fd\u0161ka 1588 mm. To znamen\u00e1, \u017ee velikost\u00ed se tato studie podob\u00e1 sou\u010dasn\u00e9mu modelu T-Cross. To v\u0161ak neplat\u00ed pro kombinaci kol a pneumatik pou\u017eitou na koncep\u010dn\u00edm voze.<\/p>\n<p>Design\u00e9\u0159i vyvinuli pro studii ID. CROSS Concept specifick\u00e1 21\u201c kola z lehk\u00e9 slitiny s\u00a0ozna\u010den\u00edm Balboa. Ve spolupr\u00e1ci se zna\u010dkou Goodyear byly pro tento koncep\u010dn\u00ed v\u016fz navr\u017eeny speci\u00e1ln\u00ed pneumatiky rozm\u011bru 235\/40 R 21, jejich\u017e bo\u010dnice navazuj\u00ed na design kola.<\/p>\n<p><img loading=\"lazy\" decoding=\"async\" class=\"alignnone wp-image-16097\" src=\"http:\/\/www.automakers.cz\/wp-content\/uploads\/2025\/09\/Svetova-premiera-na-IAA-Volkswagen-predstavuje-ID.-CROSS-Concept-small-1-900x600.jpg\" alt=\"\" width=\"974\" height=\"649\" srcset=\"https:\/\/www.automakers.cz\/wp-content\/uploads\/2025\/09\/Svetova-premiera-na-IAA-Volkswagen-predstavuje-ID.-CROSS-Concept-small-1-900x600.jpg 900w, https:\/\/www.automakers.cz\/wp-content\/uploads\/2025\/09\/Svetova-premiera-na-IAA-Volkswagen-predstavuje-ID.-CROSS-Concept-small-1-1024x683.jpg 1024w, https:\/\/www.automakers.cz\/wp-content\/uploads\/2025\/09\/Svetova-premiera-na-IAA-Volkswagen-predstavuje-ID.-CROSS-Concept-small-1-768x512.jpg 768w, https:\/\/www.automakers.cz\/wp-content\/uploads\/2025\/09\/Svetova-premiera-na-IAA-Volkswagen-predstavuje-ID.-CROSS-Concept-small-1-1536x1024.jpg 1536w, https:\/\/www.automakers.cz\/wp-content\/uploads\/2025\/09\/Svetova-premiera-na-IAA-Volkswagen-predstavuje-ID.-CROSS-Concept-small-1-2048x1366.jpg 2048w\" sizes=\"auto, (max-width: 974px) 100vw, 974px\" \/><b>Interi\u00e9r<\/b><\/p>\n<p>D\u00edky inovativn\u00edmu uspo\u0159\u00e1d\u00e1n\u00ed je interi\u00e9r p\u011btim\u00edstn\u00e9 studie ID. CROSS Concept prostorn\u00fd a nab\u00edz\u00ed nadpr\u016fm\u011brn\u00fd objem zavazadlov\u00e9ho prostoru 450 litr\u016f. Dal\u0161\u00ed prostor pro ulo\u017een\u00ed zavazadel se nach\u00e1z\u00ed pod p\u0159edn\u00ed kapotou (25 litr\u016f).<\/p>\n<p>Neobvykl\u00e1 \u0161\u00ed\u0159ka vozu umoc\u0148uje spolu se vzdu\u0161n\u00fdm designem interi\u00e9ru pocit prostornosti. Na jedn\u00e9 stran\u011b je ID. CROSS Concept s kompaktn\u00edmi vn\u011bj\u0161\u00edmi rozm\u011bry p\u0159izp\u016fsoben pro m\u011bstsk\u00fd provoz. Na druh\u00e9 stran\u011b je toto SUV sou\u010dasn\u011b tak\u00e9 rodinn\u00fdm automobilem, kter\u00fd si porad\u00ed i s cestami na del\u0161\u00ed vzd\u00e1lenosti.<\/p>\n<p>Re\u017eimy s p\u0159edem nakonfigurovan\u00fdm osv\u011btlen\u00edm, ozvu\u010den\u00edm a klimatizac\u00ed (tzv. atmosf\u00e9ry) prom\u011bn\u00ed interi\u00e9r v tepl\u00e9m b\u00e9\u017eov\u00e9m odst\u00ednu Vanilla Chai v salonek. P\u0159\u00edjemnou atmosf\u00e9ru umoc\u0148uj\u00ed rostlinn\u00e9 motivy na displej\u00edch a skute\u010dn\u00e9 rostliny na st\u0159edov\u00e9 konzole, kter\u00e1 vyvol\u00e1v\u00e1 dojem, \u017ee se vzn\u00e1\u0161\u00ed.<\/p>\n<p><img loading=\"lazy\" decoding=\"async\" class=\"alignnone wp-image-16089\" src=\"http:\/\/www.automakers.cz\/wp-content\/uploads\/2025\/09\/Svetova-premiera-na-IAA-Volkswagen-predstavuje-ID.-CROSS-Concept-4-small-900x506.jpg\" alt=\"\" width=\"946\" height=\"532\" srcset=\"https:\/\/www.automakers.cz\/wp-content\/uploads\/2025\/09\/Svetova-premiera-na-IAA-Volkswagen-predstavuje-ID.-CROSS-Concept-4-small-900x506.jpg 900w, https:\/\/www.automakers.cz\/wp-content\/uploads\/2025\/09\/Svetova-premiera-na-IAA-Volkswagen-predstavuje-ID.-CROSS-Concept-4-small-1024x576.jpg 1024w, https:\/\/www.automakers.cz\/wp-content\/uploads\/2025\/09\/Svetova-premiera-na-IAA-Volkswagen-predstavuje-ID.-CROSS-Concept-4-small-768x432.jpg 768w, https:\/\/www.automakers.cz\/wp-content\/uploads\/2025\/09\/Svetova-premiera-na-IAA-Volkswagen-predstavuje-ID.-CROSS-Concept-4-small-1536x864.jpg 1536w, https:\/\/www.automakers.cz\/wp-content\/uploads\/2025\/09\/Svetova-premiera-na-IAA-Volkswagen-predstavuje-ID.-CROSS-Concept-4-small-2048x1152.jpg 2048w, https:\/\/www.automakers.cz\/wp-content\/uploads\/2025\/09\/Svetova-premiera-na-IAA-Volkswagen-predstavuje-ID.-CROSS-Concept-4-small-1280x720.jpg 1280w\" sizes=\"auto, (max-width: 946px) 100vw, 946px\" \/>Dal\u0161\u00edm highlightem jsou pro koncep\u010dn\u00ed v\u016fz speci\u00e1ln\u011b navr\u017een\u00e1 sedadla, jejich\u017e kompletn\u00edm sklopen\u00edm vznikne prostor pro odpo\u010dinek jako v modelu VW Bus.<\/p>\n<p>P\u0159\u00edstrojov\u00e1 deska s promy\u0161lenou ergonomi\u00ed a intuitivn\u00edm ovl\u00e1d\u00e1n\u00edm umo\u017e\u0148uje \u0159idi\u010di soust\u0159edit se na \u0159\u00edzen\u00ed. Volkswagen vytvo\u0159il ve studii ID. CROSS Concept interakci mezi displeji s intuitivn\u00edmi strukturami menu, hlasov\u00fdm ovl\u00e1d\u00e1n\u00edm hovorov\u00fdm jazykem a tla\u010d\u00edtky pro p\u0159\u00edm\u00e9 ovl\u00e1d\u00e1n\u00ed funkc\u00ed.<\/p>\n<p>Multifunk\u010dn\u00ed volant m\u00e1 nov\u00fd design. Dva centr\u00e1ln\u00ed displeje studie ID. CROSS Concept \u2013 digit\u00e1ln\u00ed panel sdru\u017een\u00fdch p\u0159\u00edstroj\u016f (\u00fahlop\u0159\u00ed\u010dka: 28 cm\/11 palc\u016f) a centr\u00e1ln\u00ed dotykov\u00fd displej infotainmentu (\u00fahlop\u0159\u00ed\u010dka: 33 cm\/13 palc\u016f) \u2013 jsou uspo\u0159\u00e1d\u00e1ny v zorn\u00e9m poli \u0159idi\u010de.<\/p>\n<p><img loading=\"lazy\" decoding=\"async\" class=\"alignnone wp-image-16090\" src=\"http:\/\/www.automakers.cz\/wp-content\/uploads\/2025\/09\/Svetova-premiera-na-IAA-Volkswagen-predstavuje-ID.-CROSS-Concept-5-small-900x506.jpg\" alt=\"\" width=\"971\" height=\"546\" srcset=\"https:\/\/www.automakers.cz\/wp-content\/uploads\/2025\/09\/Svetova-premiera-na-IAA-Volkswagen-predstavuje-ID.-CROSS-Concept-5-small-900x506.jpg 900w, https:\/\/www.automakers.cz\/wp-content\/uploads\/2025\/09\/Svetova-premiera-na-IAA-Volkswagen-predstavuje-ID.-CROSS-Concept-5-small-1024x576.jpg 1024w, https:\/\/www.automakers.cz\/wp-content\/uploads\/2025\/09\/Svetova-premiera-na-IAA-Volkswagen-predstavuje-ID.-CROSS-Concept-5-small-768x432.jpg 768w, https:\/\/www.automakers.cz\/wp-content\/uploads\/2025\/09\/Svetova-premiera-na-IAA-Volkswagen-predstavuje-ID.-CROSS-Concept-5-small-1536x864.jpg 1536w, https:\/\/www.automakers.cz\/wp-content\/uploads\/2025\/09\/Svetova-premiera-na-IAA-Volkswagen-predstavuje-ID.-CROSS-Concept-5-small-2048x1152.jpg 2048w, https:\/\/www.automakers.cz\/wp-content\/uploads\/2025\/09\/Svetova-premiera-na-IAA-Volkswagen-predstavuje-ID.-CROSS-Concept-5-small-1280x720.jpg 1280w\" sizes=\"auto, (max-width: 971px) 100vw, 971px\" \/><b>MEB+ \u2013 dal\u0161\u00ed f\u00e1ze elektrick\u00e9 evoluce<\/b><\/p>\n<p>Po technick\u00e9 str\u00e1nce vych\u00e1z\u00ed studie ID. CROSS Concept s\u00a0pohonem p\u0159edn\u00edch kol z modul\u00e1rn\u00ed platformy MEB pro elektromobily. Z t\u00e9to platformy se dal\u0161\u00edmi pr\u016fb\u011b\u017en\u00fdmi vylep\u0161en\u00edmi \u2013 mimo jin\u00e9 elektromotor\u016f, akumul\u00e1torov\u00fdch bateri\u00ed a softwaru \u2013 stane budouc\u00ed platforma MEB+.<\/p>\n<p>Kai Gr\u00fcnitz, \u010dlen p\u0159edstavenstva zna\u010dky Volkswagen odpov\u011bdn\u00fd za v\u00fdvoj, k\u00a0tomu \u0159\u00edk\u00e1: \u201ePlatforma MEB obdr\u017e\u00ed v p\u0159\u00ed\u0161t\u00edm roce novou generaci softwaru, kter\u00e1 na\u0161im z\u00e1kazn\u00edk\u016fm p\u0159inese znateln\u00e9 zlep\u0161en\u00ed funk\u010dnosti mnoha syst\u00e9m\u016f. Tento dal\u0161\u00ed v\u00fdvoj modul\u00e1rn\u00edho syst\u00e9mu, kter\u00fd je pro zna\u010dku Volkswagen typick\u00fd, p\u0159inese do vozidel funkce z vy\u0161\u0161\u00edch automobilov\u00fdch segment\u016f, nap\u0159\u00edklad zdokonalen\u00fd syst\u00e9m Travel Assist. Platforma MEB+ je proto technick\u00fdm kl\u00ed\u010dem k\u00a0nab\u00eddce elektromobil\u016f s\u00a0nadstandardn\u00edmi parametry za atraktivn\u00ed ceny, jak\u00fdmi budou s\u00e9riov\u011b vyr\u00e1b\u011bn\u00e9 verze studie ID. CROSS Concept a nov\u00e9 ID. Polo.\u201c<\/p>\n<p><b>Nov\u00fd syst\u00e9m pohonu \u2013 vyr\u00e1b\u011bn\u00fd v Evrop\u011b<\/b><\/p>\n<p>Studie ID. CROSS Concept je vybavena nov\u011b vyvinut\u00fdm syst\u00e9mem pohonu. Dva hlavn\u00ed moduly tvo\u0159\u00ed elektromotor s v\u00fdkonovou elektronikou um\u00edst\u011bn\u00fd v p\u0159edn\u00ed n\u00e1prav\u011b a vysokonap\u011b\u0165ov\u00e1 baterie ulo\u017een\u00e1 naplocho v podlaze vozu.<\/p>\n<p>Elektromotor poskytuje v koncep\u010dn\u00edm voze nejvy\u0161\u0161\u00ed v\u00fdkon 155 kW (211 k) a poh\u00e1n\u00ed p\u0159edn\u00ed kola. P\u0159edpokl\u00e1dan\u00fd dojezd na jedno nabit\u00ed podle metodiky WLTP je u nov\u00e9 studie ID. CROSS Concept a\u017e 420 kilometr\u016f.<\/p>\n<p>Dal\u0161\u00ed dva \u00fadaje jsou d\u016fle\u017eit\u00e9 pro cyklisty s elektrokoly a fanou\u0161ky kompaktn\u00edch lifestylov\u00fdch kempovac\u00edch MPV: ta\u017en\u00e9 za\u0159\u00edzen\u00ed je koncipov\u00e1no pro zat\u00ed\u017een\u00ed 75 kg \u2013 to posta\u010duje pro p\u0159epravu dvou elektrick\u00fdch kol \u2013 a nejvy\u0161\u0161\u00ed p\u0159\u00edpustn\u00e1 hmotnost p\u0159\u00edv\u011bsu je a\u017e 1200 kg (brzd\u011bn\u00fd p\u0159\u00edv\u011bs, stoup\u00e1n\u00ed 8 procent).<\/p>\n<p><img loading=\"lazy\" decoding=\"async\" class=\"alignnone wp-image-16094\" src=\"http:\/\/www.automakers.cz\/wp-content\/uploads\/2025\/09\/Svetova-premiera-na-IAA-Volkswagen-predstavuje-ID.-CROSS-Concept-1-small-900x600.jpg\" alt=\"\" width=\"971\" height=\"647\" srcset=\"https:\/\/www.automakers.cz\/wp-content\/uploads\/2025\/09\/Svetova-premiera-na-IAA-Volkswagen-predstavuje-ID.-CROSS-Concept-1-small-900x600.jpg 900w, https:\/\/www.automakers.cz\/wp-content\/uploads\/2025\/09\/Svetova-premiera-na-IAA-Volkswagen-predstavuje-ID.-CROSS-Concept-1-small-1024x683.jpg 1024w, https:\/\/www.automakers.cz\/wp-content\/uploads\/2025\/09\/Svetova-premiera-na-IAA-Volkswagen-predstavuje-ID.-CROSS-Concept-1-small-768x512.jpg 768w, https:\/\/www.automakers.cz\/wp-content\/uploads\/2025\/09\/Svetova-premiera-na-IAA-Volkswagen-predstavuje-ID.-CROSS-Concept-1-small-1536x1024.jpg 1536w, https:\/\/www.automakers.cz\/wp-content\/uploads\/2025\/09\/Svetova-premiera-na-IAA-Volkswagen-predstavuje-ID.-CROSS-Concept-1-small-2048x1365.jpg 2048w\" sizes=\"auto, (max-width: 971px) 100vw, 971px\" \/><\/p>\n","protected":false},"excerpt":{"rendered":"<p>Volkswagen p\u0159edstav\u00ed na autosalonu IAA MOBILITY v Mnichov\u011b (8. a\u017e 14. z\u00e1\u0159\u00ed) elektrick\u00e9 kompaktn\u00ed SUV&#8230;<\/p>\n","protected":false},"author":2,"featured_media":16091,"comment_status":"closed","ping_status":"closed","sticky":false,"template":"","format":"standard","meta":{"footnotes":""},"categories":[13,9,69,8],"tags":[],"class_list":["post-16088","post","type-post","status-publish","format-standard","has-post-thumbnail","hentry","category-design","category-elektromobily","category-suv","category-vystavy"],"_links":{"self":[{"href":"https:\/\/www.automakers.cz\/index.php?rest_route=\/wp\/v2\/posts\/16088","targetHints":{"allow":["GET"]}}],"collection":[{"href":"https:\/\/www.automakers.cz\/index.php?rest_route=\/wp\/v2\/posts"}],"about":[{"href":"https:\/\/www.automakers.cz\/index.php?rest_route=\/wp\/v2\/types\/post"}],"author":[{"embeddable":true,"href":"https:\/\/www.automakers.cz\/index.php?rest_route=\/wp\/v2\/users\/2"}],"replies":[{"embeddable":true,"href":"https:\/\/www.automakers.cz\/index.php?rest_route=%2Fwp%2Fv2%2Fcomments&post=16088"}],"version-history":[{"count":5,"href":"https:\/\/www.automakers.cz\/index.php?rest_route=\/wp\/v2\/posts\/16088\/revisions"}],"predecessor-version":[{"id":16113,"href":"https:\/\/www.automakers.cz\/index.php?rest_route=\/wp\/v2\/posts\/16088\/revisions\/16113"}],"wp:featuredmedia":[{"embeddable":true,"href":"https:\/\/www.automakers.cz\/index.php?rest_route=\/wp\/v2\/media\/16091"}],"wp:attachment":[{"href":"https:\/\/www.automakers.cz\/index.php?rest_route=%2Fwp%2Fv2%2Fmedia&parent=16088"}],"wp:term":[{"taxonomy":"category","embeddable":true,"href":"https:\/\/www.automakers.cz\/index.php?rest_route=%2Fwp%2Fv2%2Fcategories&post=16088"},{"taxonomy":"post_tag","embeddable":true,"href":"https:\/\/www.automakers.cz\/index.php?rest_route=%2Fwp%2Fv2%2Ftags&post=16088"}],"curies":[{"name":"wp","href":"https:\/\/api.w.org\/{rel}","templated":true}]}}