{"id":1609,"date":"2024-01-22T11:02:11","date_gmt":"2024-01-22T11:02:11","guid":{"rendered":"https:\/\/www.automakers.cz\/?p=1609"},"modified":"2024-01-22T11:28:21","modified_gmt":"2024-01-22T11:28:21","slug":"volkswagen-financial-services-meni-manazersky-tym","status":"publish","type":"post","link":"https:\/\/www.automakers.cz\/?p=1609","title":{"rendered":"Volkswagen Financial Services m\u011bn\u00ed mana\u017eersk\u00fd t\u00fdm"},"content":{"rendered":"<p><strong>Volkswagen Financial Services ozn\u00e1mil zm\u011bny ve sv\u00e9m vrcholn\u00e9m mana\u017eersk\u00e9m t\u00fdmu:\u00a0vedouc\u00edm Fleetov\u00e9ho prodeje byl jmenov\u00e1n Ji\u0159\u00ed Ol\u0161a, jeho dosavadn\u00ed post v \u010dele Dealersk\u00e9ho prodeje a remarketingu p\u0159evezme Petra Padolsky.<\/strong><!--more--><br \/>\nJi\u0159\u00ed Ol\u0161a, kter\u00fd na r\u016fzn\u00fdch mana\u017eersk\u00fdch pozic\u00edch v r\u00e1mci VWFS pracuje od roku 2013, p\u0159eb\u00edr\u00e1 veden\u00ed fleetov\u00e9ho odd\u011blen\u00ed od Jana Pa\u0159\u00edzka, jen\u017e odch\u00e1z\u00ed na jinou pozici v r\u00e1mci koncernu Volkswagen. O sv\u00fdch c\u00edlech \u0159\u00edk\u00e1:<\/p>\n<p>\u201eFleetov\u00ed klienti dlouhodob\u011b tvo\u0159\u00ed nejv\u011bt\u0161\u00ed klientsk\u00fd segment a jejich pod\u00edl se bude nad\u00e1le zvy\u0161ovat. Je pro m\u011b kl\u00ed\u010dov\u00e9, abychom v\u00a0na\u0161\u00ed spole\u010dnosti v\u0161echny produkty, procesy a syst\u00e9my nad\u00e1le rozv\u00edjeli s\u00a0ohledem na v\u00fdvoj trhu. D\u00edky na\u0161im zku\u0161enostem a \u0161irok\u00e9 produktov\u00e9 nab\u00eddce poskytuj\u00edc\u00ed komplexn\u00ed \u0159e\u0161en\u00ed mobility, chceme b\u00fdt prvn\u00ed volbou pro v\u0161echny fleetov\u00e9 klienty, kte\u0159\u00ed zva\u017euj\u00ed financov\u00e1n\u00ed sv\u00e9 flotily, a to a\u0165 u\u017e formou operativn\u00edho leasingu, standardn\u00edho \u00fav\u011bru \u010di \u00fav\u011bru s\u00a0posledn\u00ed nerovnom\u011brnou spl\u00e1tkou.\u201c<\/p>\n<p>Tak\u00e9 Petra Padolsky pracuje ve spole\u010dnosti Volkswagen Financial Services bezm\u00e1la deset let. Ke sv\u00e9 dosavadn\u00ed pozici vedouc\u00ed Korpor\u00e1tn\u00edho financov\u00e1n\u00ed a dealersk\u00e9 s\u00edt\u011b nyn\u00ed p\u0159eb\u00edr\u00e1 veden\u00ed Dealersk\u00e9ho prodeje a remarketingu. \u00a0Spektrum sv\u00fdch odpov\u011bdnost\u00ed tak roz\u0161\u00ed\u0159\u00ed o \u0159\u00edzen\u00ed obchodu v\u00a0oblasti soukrom\u00fdch z\u00e1kazn\u00edk\u016f a mal\u00fdch a st\u0159edn\u00edch podnik\u016f.<\/p>\n<p>\u201eV\u00a0roli vedouc\u00ed Dealersk\u00e9ho prodeje se chci dominantn\u011b zam\u011b\u0159it na prohlouben\u00ed a kvalitu vztah\u016f s koncernovou dealerskou s\u00edt\u00ed, inovace v\u00a0r\u00e1mci \u0159\u00edzen\u00ed prodeje, rozvoj a nav\u00fd\u0161en\u00ed v\u00fdkonu v\u00a0oblasti financov\u00e1n\u00ed ojet\u00fdch voz\u016f a SME segmentu, a tak\u00e9 na vyu\u017eit\u00ed potenci\u00e1lu voz\u016f z\u00a0na\u0161eho remarketingu. Pro na\u0161e klienty chceme i nad\u00e1le p\u0159in\u00e1\u0161et zna\u010dkov\u00e9 financov\u00e1n\u00ed nejvy\u0161\u0161\u00ed kvality s\u00a0\u0161irokou mo\u017enost\u00ed dopl\u0148kov\u00fdch slu\u017eeb a v\u00fdhod,\u201c \u0159\u00edk\u00e1 Petra Padolsky.<\/p>\n<p>\u201eV\u011b\u0159\u00edm, \u017ee spojen\u00ed jednotliv\u00fdch kl\u00ed\u010dov\u00fdch t\u00fdm\u016f zodpov\u011bdn\u00fdch za dealersk\u00fd prodej v\u00a0r\u00e1mci m\u00e9ho odd\u011blen\u00ed p\u0159inese ty spr\u00e1vn\u00e9 synergie, kter\u00e9 n\u00e1m spole\u010dn\u011b pomohou t\u011bchto c\u00edl\u016f dos\u00e1hnout.\u201c<\/p>\n<p>\u201eM\u00e1m radost, \u017ee obm\u011bna na\u0161eho topmana\u017eersk\u00e9ho t\u00fdmu prob\u011bhla v re\u017eii pr\u00e1v\u011b t\u011bchto na\u0161ich dvou velmi zku\u0161en\u00fdch a zap\u00e1len\u00fdch profesion\u00e1l\u016f. Jsem si jist\u00fd, \u017ee p\u0159inesou dal\u0161\u00ed impuls pro pos\u00edlen\u00ed na\u0161\u00ed pozice l\u00eddra v oblasti financov\u00e1n\u00ed mobility,\u201c \u0159\u00edk\u00e1 Vratislav Stra\u0161il, jednatel a gener\u00e1ln\u00ed \u0159editel Volkswagen Financial Services.<\/p>\n<p>\u201eZ\u00e1rove\u0148 bych cht\u011bl pod\u011bkovat Janu Pa\u0159\u00edzkovi za jeho p\u016fsoben\u00ed u n\u00e1s a pop\u0159\u00e1t mu mnoho \u00fasp\u011bch\u016f u zna\u010dky Porsche, kam odch\u00e1z\u00ed.&#8220;<\/p>\n<figure id=\"attachment_981\" aria-describedby=\"caption-attachment-981\" style=\"width: 900px\" class=\"wp-caption alignnone\"><img loading=\"lazy\" decoding=\"async\" class=\"size-medium wp-image-981\" src=\"http:\/\/www.automakers.cz\/wp-content\/uploads\/2023\/12\/Jan-Parizek-900x601.jpg\" alt=\"\" width=\"900\" height=\"601\" srcset=\"https:\/\/www.automakers.cz\/wp-content\/uploads\/2023\/12\/Jan-Parizek-900x601.jpg 900w, https:\/\/www.automakers.cz\/wp-content\/uploads\/2023\/12\/Jan-Parizek-1024x684.jpg 1024w, https:\/\/www.automakers.cz\/wp-content\/uploads\/2023\/12\/Jan-Parizek-768x513.jpg 768w, https:\/\/www.automakers.cz\/wp-content\/uploads\/2023\/12\/Jan-Parizek.jpg 1384w\" sizes=\"auto, (max-width: 900px) 100vw, 900px\" \/><figcaption id=\"caption-attachment-981\" class=\"wp-caption-text\">Jan Pa\u0159\u00edzek<\/figcaption><\/figure>\n<p><strong>Zdroj: Volkswagen FS<\/strong><\/p>\n<figure id=\"attachment_1612\" aria-describedby=\"caption-attachment-1612\" style=\"width: 600px\" class=\"wp-caption alignnone\"><img loading=\"lazy\" decoding=\"async\" class=\"size-medium wp-image-1612\" src=\"http:\/\/www.automakers.cz\/wp-content\/uploads\/2024\/01\/VWFS-Podolski-1-600x900.jpg\" alt=\"\" width=\"600\" height=\"900\" srcset=\"https:\/\/www.automakers.cz\/wp-content\/uploads\/2024\/01\/VWFS-Podolski-1-600x900.jpg 600w, https:\/\/www.automakers.cz\/wp-content\/uploads\/2024\/01\/VWFS-Podolski-1-683x1024.jpg 683w, https:\/\/www.automakers.cz\/wp-content\/uploads\/2024\/01\/VWFS-Podolski-1-768x1152.jpg 768w, https:\/\/www.automakers.cz\/wp-content\/uploads\/2024\/01\/VWFS-Podolski-1-1024x1536.jpg 1024w, https:\/\/www.automakers.cz\/wp-content\/uploads\/2024\/01\/VWFS-Podolski-1-1366x2048.jpg 1366w, https:\/\/www.automakers.cz\/wp-content\/uploads\/2024\/01\/VWFS-Podolski-1.jpg 1633w\" sizes=\"auto, (max-width: 600px) 100vw, 600px\" \/><figcaption id=\"caption-attachment-1612\" class=\"wp-caption-text\">Petra Padolsky<\/figcaption><\/figure>\n<p>&nbsp;<\/p>\n","protected":false},"excerpt":{"rendered":"<p>Volkswagen Financial Services ozn\u00e1mil zm\u011bny ve sv\u00e9m vrcholn\u00e9m mana\u017eersk\u00e9m t\u00fdmu:\u00a0vedouc\u00edm Fleetov\u00e9ho prodeje byl jmenov\u00e1n Ji\u0159\u00ed&#8230;<\/p>\n","protected":false},"author":1,"featured_media":1610,"comment_status":"open","ping_status":"open","sticky":false,"template":"","format":"standard","meta":{"footnotes":""},"categories":[6,5],"tags":[],"class_list":["post-1609","post","type-post","status-publish","format-standard","has-post-thumbnail","hentry","category-management","category-personalie"],"_links":{"self":[{"href":"https:\/\/www.automakers.cz\/index.php?rest_route=\/wp\/v2\/posts\/1609","targetHints":{"allow":["GET"]}}],"collection":[{"href":"https:\/\/www.automakers.cz\/index.php?rest_route=\/wp\/v2\/posts"}],"about":[{"href":"https:\/\/www.automakers.cz\/index.php?rest_route=\/wp\/v2\/types\/post"}],"author":[{"embeddable":true,"href":"https:\/\/www.automakers.cz\/index.php?rest_route=\/wp\/v2\/users\/1"}],"replies":[{"embeddable":true,"href":"https:\/\/www.automakers.cz\/index.php?rest_route=%2Fwp%2Fv2%2Fcomments&post=1609"}],"version-history":[{"count":2,"href":"https:\/\/www.automakers.cz\/index.php?rest_route=\/wp\/v2\/posts\/1609\/revisions"}],"predecessor-version":[{"id":1615,"href":"https:\/\/www.automakers.cz\/index.php?rest_route=\/wp\/v2\/posts\/1609\/revisions\/1615"}],"wp:featuredmedia":[{"embeddable":true,"href":"https:\/\/www.automakers.cz\/index.php?rest_route=\/wp\/v2\/media\/1610"}],"wp:attachment":[{"href":"https:\/\/www.automakers.cz\/index.php?rest_route=%2Fwp%2Fv2%2Fmedia&parent=1609"}],"wp:term":[{"taxonomy":"category","embeddable":true,"href":"https:\/\/www.automakers.cz\/index.php?rest_route=%2Fwp%2Fv2%2Fcategories&post=1609"},{"taxonomy":"post_tag","embeddable":true,"href":"https:\/\/www.automakers.cz\/index.php?rest_route=%2Fwp%2Fv2%2Ftags&post=1609"}],"curies":[{"name":"wp","href":"https:\/\/api.w.org\/{rel}","templated":true}]}}