{"id":16100,"date":"2025-09-08T04:46:58","date_gmt":"2025-09-08T04:46:58","guid":{"rendered":"https:\/\/www.automakers.cz\/?p=16100"},"modified":"2025-09-08T04:46:58","modified_gmt":"2025-09-08T04:46:58","slug":"iaa-v-mnichov-cupra-poodhalila-raval","status":"publish","type":"post","link":"https:\/\/www.automakers.cz\/?p=16100","title":{"rendered":"IAA v Mnichov: CUPRA poodhalila Raval"},"content":{"rendered":"<p><strong>CUPRA zah\u00e1jila svou \u00fa\u010dast na autosalonu IAA Mobility 2025 v Mnichov\u011b odhalen\u00edm zamaskovan\u00e9ho modelu CUPRA Raval v podob\u011b p\u0159ipraven\u00e9 pro s\u00e9riovou v\u00fdrobu. M\u011bstsk\u00fd elektromobil CUPRA vyjede na silnice v p\u0159\u00ed\u0161t\u00edm roce. <\/strong><!--more--><\/p>\n<p>V pr\u016fb\u011bhu akce, kterou 7. z\u00e1\u0159\u00ed p\u0159ed ofici\u00e1ln\u00edm otev\u0159en\u00edm autosalonu IAA uspo\u0159\u00e1dal koncern Volkswagen, odhalil Markus Haupt, prozat\u00edmn\u00ed p\u0159edseda p\u0159edstavenstva zna\u010dky CUPRA, zamaskovan\u00fd v\u016fz CUPRA Raval pokryt\u00fd plastovou f\u00f3li\u00ed p\u0159ipom\u00ednaj\u00edc\u00ed mapu barcelonsk\u00e9 m\u011bstsk\u00e9 \u010d\u00e1sti Raval.<\/p>\n<p>Sv\u011btov\u00e1 premi\u00e9ra modelu CUPRA Raval a jeho uveden\u00ed na trh se uskute\u010dn\u00ed v\u00a0roce 2026. Raval bude prvn\u00edm modelem z\u00a0rodiny m\u011bstsk\u00fdch elektromobil\u016f \u010d\u00edtaj\u00edc\u00ed \u010dty\u0159i modely zna\u010dek koncernu Volkswagen, kter\u00e9 jsou sou\u010d\u00e1st\u00ed skupiny Core.<\/p>\n<p>S\u00e9riov\u00e1 v\u00fdroba bude v\u00a0nadch\u00e1zej\u00edc\u00edch m\u011bs\u00edc\u00edch zah\u00e1jena s\u00a0modelem CUPRA Raval, po n\u011bm\u017e bude n\u00e1sledovat Volkswagen ID. Polo. Oba modely budou vyr\u00e1b\u011bny v\u00a0Martorellu. Tato rodina m\u011bstsk\u00fdch elektromobil\u016f demokratizuje elektromobilitu, kter\u00e1 se stane cenov\u011b dostupn\u011bj\u0161\u00ed pro \u0161ir\u0161\u00ed okruh spot\u0159ebitel\u016f, a stanov\u00ed v\u00a0Evrop\u011b nov\u00e1 m\u011b\u0159\u00edtka.<\/p>\n<p><strong>\u201eCUPRA Raval ji\u017e nyn\u00ed utv\u00e1\u0159\u00ed na\u0161i budoucnost. V\u00a0tomto modelu jsme toti\u017e spojili v\u0161echno, co zdob\u00ed zna\u010dku CUPRA: emoce, okouzluj\u00edc\u00ed design, elektrizuj\u00edc\u00ed sportovn\u00ed v\u00fdkony a, jako v\u017edy, zam\u011b\u0159en\u00ed na \u0159idi\u010de,\u201c\u00a0<\/strong>\u0159ekl Markus Haupt, prozat\u00edmn\u00ed p\u0159edseda p\u0159edstavenstva zna\u010dky CUPRA, a dodal:\u00a0<strong>\u201ePro n\u00e1s je CUPRA Raval v\u00edc ne\u017e jen automobilem. Opravdu v\u00fdjime\u010dn\u00fd je cel\u00fd projekt Electric Urban Car Family, kter\u00fd za t\u00edmto modelem stoj\u00ed a kter\u00fd s\u00a0hrdost\u00ed \u0159\u00edd\u00edme ze \u0160pan\u011blska. Posilujeme synergie v\u00a0r\u00e1mci skupiny zna\u010dek Core a budujeme z\u00a0na\u0161\u00ed zem\u011b centrum elektromobility, aby byly tyto vozy dostupn\u00e9 pro miliony motorist\u016f.\u201c<\/strong><\/p>\n<p><strong>Inspirace ulicemi Barcelony<\/strong><\/p>\n<p>CUPRA Raval p\u0159eb\u00edr\u00e1 sv\u00e9 ozna\u010den\u00ed a sv\u00e9ho ducha od jedn\u00e9 z nejdynami\u010dt\u011bj\u0161\u00edch m\u011bstsk\u00fdch \u010d\u00e1st\u00ed Barcelony. <em>El Raval<\/em> je symbolem nep\u0159etr\u017eit\u00e9ho pohybu, energie a m\u011bstsk\u00e9ho charakteru. Design maskov\u00e1n\u00ed z plastov\u00e9 f\u00f3lie zakr\u00fdvaj\u00edc\u00ed tvary vozu b\u011bhem prezentace na IAA v Mnichov\u011b proto vzd\u00e1v\u00e1 hold t\u00e9to \u010dtvrti mapou s ulicemi pulzuj\u00edc\u00edmi \u017eivotem, kter\u00e1 vyjad\u0159uje jej\u00ed styl a charakter.<\/p>\n<p>CUPRA Raval se vyzna\u010duje rovnov\u00e1hou mezi designem, elektrizuj\u00edc\u00edmi sportovn\u00edmi v\u00fdkony a nekonven\u010dn\u00edmi prvky v\u00fdbavy. M\u011bstsk\u00fd elektromobil zkonstruovan\u00fd na z\u00e1klad\u011b platformy MEB+ koncernu Volkswagen a disponuj\u00edc\u00ed pohonem p\u0159edn\u00edch kol nab\u00edz\u00ed dynamick\u00e9 z\u00e1\u017eitky zam\u011b\u0159en\u00e9 na \u0159idi\u010de.<\/p>\n<p>V\u00a0roce 2026 oslav\u00ed zna\u010dka sv\u00e9 osm\u00e9 v\u00fdro\u010d\u00ed p\u0159edstaven\u00edm sv\u00e9ho osm\u00e9ho modelu: CUPRA Raval. CUPRA disponuj\u00edc\u00ed komplexn\u00edm portfoliem a rostouc\u00edmi po\u010dty fanou\u0161k\u016f na cel\u00e9m sv\u011bt\u011b dos\u00e1hne v\u00a0p\u0159\u00ed\u0161t\u00edch m\u011bs\u00edc\u00edch miln\u00edku jednoho milionu dodan\u00fdch automobil\u016f.<\/p>\n<p><strong>CUPRA Raval \u2013 elektrizuj\u00edc\u00ed v\u00fdkony<\/strong><\/p>\n<p>V\u0161echny verze modelu CUPRA Raval byly zkonstruov\u00e1ny na z\u00e1klad\u011b z\u00e1vodn\u00ed DNA zna\u010dky CUPRA. CUPRA Raval poskytne \u0159idi\u010di pot\u011b\u0161en\u00ed z j\u00edzdy d\u00edky sportovn\u00edmu podvozku se sv\u011btlou v\u00fd\u0161kou sn\u00ed\u017eenou o 15 mm v porovn\u00e1n\u00ed se standardn\u00ed \u00farovn\u00ed platformy, vylad\u011bn\u00e9mu odpru\u017een\u00ed se specifick\u00fdm nastaven\u00edm, progresivn\u00edmu \u0159\u00edzen\u00ed, kter\u00e9 zvy\u0161uje agilitu, a syst\u00e9mu ESC Sport.<\/p>\n<p>V\u00fdbava CUPRA Raval VZ zahrnuje sko\u0159epinov\u00e1 sedadla CUP, adaptivn\u00ed tlumi\u010de DCC Sport, re\u017eim ESC OFF, 19\u201c kola s pneumatikami \u0161irok\u00fdmi 235 mm a elektronicky \u0159\u00edzen\u00fd samosvorn\u00fd diferenci\u00e1l VAQ.<\/p>\n<p>Raval nab\u00edz\u00ed nejen sportovn\u00ed v\u00fdkony, ale tak\u00e9 p\u0159in\u00e1\u0161\u00ed\u00a0<strong>technologie z\u00a0vy\u0161\u0161\u00edch segment\u016f<\/strong>\u00a0do segmentu m\u011bstsk\u00fdch elektromobil\u016f. CUPRA Raval bude k\u00a0dispozici se\u00a0<strong>dv\u011bma velikostmi akumul\u00e1torov\u00e9 baterie<\/strong>, n\u011bkolika stupni v\u00fdkonu a r\u016fzn\u00fdmi stupni v\u00fdbavy.<\/p>\n<p>\u0158idi\u010di budou t\u011b\u017eit z p\u0159\u00ednos\u016f syst\u00e9mu\u00a0<strong>Travel Assist s\u00a0automatickou zm\u011bnou j\u00edzdn\u00edho pruhu a rozpozn\u00e1v\u00e1n\u00edm semafor\u016f, inteligentn\u00edho parkovac\u00edho asistenta a 360\u00b0 kamerov\u00e9ho syst\u00e9mu Area View<\/strong>. Standardn\u00ed\u00a0<strong>nab\u00edjen\u00ed stejnosm\u011brn\u00fdm proudem<\/strong>\u00a0zajist\u00ed praktickou vyu\u017eitelnost v\u00a0ka\u017edodenn\u00edm \u017eivot\u011b.<\/p>\n<p><a href=\"https:\/\/www.youtube.com\/watch?v=mXOLmVfSYcg&amp;feature=youtu.be\">Poodhalen\u00ed modelu Raval<\/a><\/p>\n","protected":false},"excerpt":{"rendered":"<p>CUPRA zah\u00e1jila svou \u00fa\u010dast na autosalonu IAA Mobility 2025 v Mnichov\u011b odhalen\u00edm zamaskovan\u00e9ho modelu CUPRA&#8230;<\/p>\n","protected":false},"author":2,"featured_media":16101,"comment_status":"closed","ping_status":"closed","sticky":false,"template":"","format":"standard","meta":{"footnotes":""},"categories":[13,9,26,8],"tags":[],"class_list":["post-16100","post","type-post","status-publish","format-standard","has-post-thumbnail","hentry","category-design","category-elektromobily","category-eventy","category-vystavy"],"_links":{"self":[{"href":"https:\/\/www.automakers.cz\/index.php?rest_route=\/wp\/v2\/posts\/16100","targetHints":{"allow":["GET"]}}],"collection":[{"href":"https:\/\/www.automakers.cz\/index.php?rest_route=\/wp\/v2\/posts"}],"about":[{"href":"https:\/\/www.automakers.cz\/index.php?rest_route=\/wp\/v2\/types\/post"}],"author":[{"embeddable":true,"href":"https:\/\/www.automakers.cz\/index.php?rest_route=\/wp\/v2\/users\/2"}],"replies":[{"embeddable":true,"href":"https:\/\/www.automakers.cz\/index.php?rest_route=%2Fwp%2Fv2%2Fcomments&post=16100"}],"version-history":[{"count":3,"href":"https:\/\/www.automakers.cz\/index.php?rest_route=\/wp\/v2\/posts\/16100\/revisions"}],"predecessor-version":[{"id":16112,"href":"https:\/\/www.automakers.cz\/index.php?rest_route=\/wp\/v2\/posts\/16100\/revisions\/16112"}],"wp:featuredmedia":[{"embeddable":true,"href":"https:\/\/www.automakers.cz\/index.php?rest_route=\/wp\/v2\/media\/16101"}],"wp:attachment":[{"href":"https:\/\/www.automakers.cz\/index.php?rest_route=%2Fwp%2Fv2%2Fmedia&parent=16100"}],"wp:term":[{"taxonomy":"category","embeddable":true,"href":"https:\/\/www.automakers.cz\/index.php?rest_route=%2Fwp%2Fv2%2Fcategories&post=16100"},{"taxonomy":"post_tag","embeddable":true,"href":"https:\/\/www.automakers.cz\/index.php?rest_route=%2Fwp%2Fv2%2Ftags&post=16100"}],"curies":[{"name":"wp","href":"https:\/\/api.w.org\/{rel}","templated":true}]}}