{"id":16114,"date":"2025-09-08T07:22:04","date_gmt":"2025-09-08T07:22:04","guid":{"rendered":"https:\/\/www.automakers.cz\/?p=16114"},"modified":"2025-09-08T07:32:07","modified_gmt":"2025-09-08T07:32:07","slug":"zellmer-ukazal-v-mnichove-skodu-epiq","status":"publish","type":"post","link":"https:\/\/www.automakers.cz\/?p=16114","title":{"rendered":"\u0160koda uk\u00e1zala v Mnichov\u011b koncept Epiq"},"content":{"rendered":"<p><strong><span class=\"highlight-E1id0 highlight-E4id0 highlight-E1M highlight-E4M\">Mnichov startuje autosalon IAA, \u0160koda<\/span> se uk\u00e1zala na medi\u00e1ln\u00edm workshopu koncernu <span class=\"highlight-E4id0 highlight-E1id1 highlight-E4M highlight-E1M\">Volkswagen<\/span> p\u0159ed zah\u00e1jen\u00edm salonu <span class=\"highlight-query\">IAA<\/span> v <span class=\"highlight-query highlight-E0id2 highlight-E0M\">Mnichov\u011b<\/span>, spole\u010dn\u011b s dal\u0161\u00edmi modely rodiny elektrick\u00fdch m\u011bstsk\u00fdch voz\u016f (EUCF) skupiny <span class=\"highlight-E0id3 highlight-E0M\">Brand<\/span> Group Core (BGC) koncernu <span class=\"highlight-E4id0 highlight-E1id1 highlight-E4M highlight-E1M\">Volkswagen<\/span>.<\/strong><!--more--><\/p>\n<p>\u201eShow <span class=\"highlight-E5id0 highlight-E5M\">car<\/span> <span class=\"highlight-E1id2 highlight-E1M\">Epiq<\/span> nab\u00edz\u00ed konkr\u00e9tn\u00ed pohled na dal\u0161\u00ed p\u0159\u00edr\u016fstek do \u00fasp\u011b\u0161n\u00e9 rodiny pln\u011b elektrick\u00fdch voz\u016f <span class=\"highlight-E1id0 highlight-E4id0 highlight-E1M highlight-E4M\">\u0160koda<\/span>. Zt\u011bles\u0148uje podstatu zna\u010dky <span class=\"highlight-E4id0 highlight-E1id0 highlight-E4M highlight-E1M\">\u0160koda<\/span>: Designov\u00fd jazyk Modern <span class=\"highlight-E3id4 highlight-E3M\">Solid<\/span>, prostorn\u00fd interi\u00e9r v kompaktn\u00edm proveden\u00ed, u\u017eivatelsky p\u0159\u00edv\u011btiv\u00e9 intuitivn\u00ed digit\u00e1ln\u00ed rozhran\u00ed a <span class=\"highlight-E1id3 highlight-E4id1 highlight-E1M highlight-E4M\">Simply<\/span> Clever detaily, kter\u00e9 zaji\u0161\u0165uj\u00ed bezprobl\u00e9mov\u00fd z\u00e1\u017eitek, a p\u0159edev\u0161\u00edm atraktivn\u00ed cenu. S modelem <span class=\"highlight-E1id2 highlight-E1M\">Epiq<\/span> d\u011bl\u00e1me dal\u0161\u00ed krok k tomu, aby se elektromobily staly praktickou a atraktivn\u00ed volbou pro ka\u017edodenn\u00ed <span class=\"highlight-E5id2 highlight-E5M\">\u0159idi\u010de<\/span>,\u201c \u0159ekl o aut\u011b <span class=\"highlight-E2id0 highlight-E2M\">Klaus<\/span> <span class=\"highlight-E2id0 highlight-E2M\">Zellmer<\/span>, <span class=\"highlight-E5id1 highlight-E5M\">p\u0159edseda<\/span> <span class=\"highlight-E5id1 highlight-E5M\">p\u0159edstavenstva<\/span> spole\u010dnosti <span class=\"highlight-E4id0 highlight-E1id0 highlight-E4M highlight-E1M\">\u0160koda<\/span> <span class=\"highlight-E1id0 highlight-E4id0 highlight-E1M highlight-E4M\">Auto<\/span>.<\/p>\n<p>S\u00e9riov\u00fd model p\u0159ijde v roce 2026 a vyr\u00e1b\u011bt se bude spole\u010dn\u011b s dal\u0161\u00edmi elektrick\u00fdmi modely koncernu <span class=\"highlight-E1id1 highlight-E4id0 highlight-E1M highlight-E4M\">Volkswagen<\/span> ve \u0161pan\u011blsk\u00e9 <span class=\"highlight-E0id1 highlight-E0M\">Pamplon\u011b<\/span> v z\u00e1vod\u011b <span class=\"highlight-E4id0 highlight-E1id1 highlight-E4M highlight-E1M\">Volkswagen<\/span> <span class=\"highlight-E0id0 highlight-E0M\">Navarra<\/span>. C\u00edlem je nab\u00eddnout auto, jeho\u017e cena by se m\u011bla pohybovat podobn\u011b jako u sou\u010dasn\u00e9 <span class=\"highlight-E3id2 highlight-E3M\">\u0160kody<\/span> <span class=\"highlight-E3id2 highlight-E3M\">Kamiq<\/span> se spalovac\u00edm motorem. Cenu by cht\u011bla <span class=\"highlight-E1id0 highlight-E4id0 highlight-E1M highlight-E4M\">\u0160koda<\/span> udr\u017eet do 25 tis\u00edc euro, co\u017e je aktu\u00e1ln\u011b v p\u0159epo\u010dtu asi 610 tis\u00edc korun.<\/p>\n<p>Zdroj: IAA Mnichov<\/p>\n<p><img loading=\"lazy\" decoding=\"async\" class=\"alignnone size-medium wp-image-2845\" src=\"http:\/\/www.automakers.cz\/wp-content\/uploads\/2024\/03\/Skoda-Epiq-2-small-900x506.jpg\" alt=\"\" width=\"900\" height=\"506\" srcset=\"https:\/\/www.automakers.cz\/wp-content\/uploads\/2024\/03\/Skoda-Epiq-2-small-900x506.jpg 900w, https:\/\/www.automakers.cz\/wp-content\/uploads\/2024\/03\/Skoda-Epiq-2-small-1024x576.jpg 1024w, https:\/\/www.automakers.cz\/wp-content\/uploads\/2024\/03\/Skoda-Epiq-2-small-768x432.jpg 768w, https:\/\/www.automakers.cz\/wp-content\/uploads\/2024\/03\/Skoda-Epiq-2-small-1536x864.jpg 1536w, https:\/\/www.automakers.cz\/wp-content\/uploads\/2024\/03\/Skoda-Epiq-2-small-2048x1152.jpg 2048w, https:\/\/www.automakers.cz\/wp-content\/uploads\/2024\/03\/Skoda-Epiq-2-small-1280x720.jpg 1280w\" sizes=\"auto, (max-width: 900px) 100vw, 900px\" \/><\/p>\n","protected":false},"excerpt":{"rendered":"<p>Mnichov startuje autosalon IAA, \u0160koda se uk\u00e1zala na medi\u00e1ln\u00edm workshopu koncernu Volkswagen p\u0159ed zah\u00e1jen\u00edm salonu&#8230;<\/p>\n","protected":false},"author":1,"featured_media":2870,"comment_status":"closed","ping_status":"closed","sticky":false,"template":"","format":"standard","meta":{"footnotes":""},"categories":[9,8],"tags":[],"class_list":["post-16114","post","type-post","status-publish","format-standard","has-post-thumbnail","hentry","category-elektromobily","category-vystavy"],"_links":{"self":[{"href":"https:\/\/www.automakers.cz\/index.php?rest_route=\/wp\/v2\/posts\/16114","targetHints":{"allow":["GET"]}}],"collection":[{"href":"https:\/\/www.automakers.cz\/index.php?rest_route=\/wp\/v2\/posts"}],"about":[{"href":"https:\/\/www.automakers.cz\/index.php?rest_route=\/wp\/v2\/types\/post"}],"author":[{"embeddable":true,"href":"https:\/\/www.automakers.cz\/index.php?rest_route=\/wp\/v2\/users\/1"}],"replies":[{"embeddable":true,"href":"https:\/\/www.automakers.cz\/index.php?rest_route=%2Fwp%2Fv2%2Fcomments&post=16114"}],"version-history":[{"count":3,"href":"https:\/\/www.automakers.cz\/index.php?rest_route=\/wp\/v2\/posts\/16114\/revisions"}],"predecessor-version":[{"id":16118,"href":"https:\/\/www.automakers.cz\/index.php?rest_route=\/wp\/v2\/posts\/16114\/revisions\/16118"}],"wp:featuredmedia":[{"embeddable":true,"href":"https:\/\/www.automakers.cz\/index.php?rest_route=\/wp\/v2\/media\/2870"}],"wp:attachment":[{"href":"https:\/\/www.automakers.cz\/index.php?rest_route=%2Fwp%2Fv2%2Fmedia&parent=16114"}],"wp:term":[{"taxonomy":"category","embeddable":true,"href":"https:\/\/www.automakers.cz\/index.php?rest_route=%2Fwp%2Fv2%2Fcategories&post=16114"},{"taxonomy":"post_tag","embeddable":true,"href":"https:\/\/www.automakers.cz\/index.php?rest_route=%2Fwp%2Fv2%2Ftags&post=16114"}],"curies":[{"name":"wp","href":"https:\/\/api.w.org\/{rel}","templated":true}]}}