{"id":16119,"date":"2025-09-08T12:24:57","date_gmt":"2025-09-08T12:24:57","guid":{"rendered":"https:\/\/www.automakers.cz\/?p=16119"},"modified":"2025-09-08T12:47:03","modified_gmt":"2025-09-08T12:47:03","slug":"byd-hleda-counry-manazera-pro-cesko","status":"publish","type":"post","link":"https:\/\/www.automakers.cz\/?p=16119","title":{"rendered":"BYD hled\u00e1 country mana\u017eera pro \u010cesko"},"content":{"rendered":"<p><strong>Zna\u010dka BYD ofici\u00e1ln\u011b vstoupila na \u010desk\u00fd trh 1. dubna na velk\u00e9 akci v karl\u00ednsk\u00e9m F\u00f3ru, od jara d\u00e1v\u00e1 dohromady mana\u017eersk\u00fd t\u00fdm pro \u010ceskou republiku. V sou\u010dasnosti \u010desk\u00fd BYD hled\u00e1 nov\u00e9ho contry mana\u017eera.<\/strong><!--more--><\/p>\n<p>Pozici country mana\u017eera pro \u010cesko a Slovensko zast\u00e1v\u00e1<strong> Shawn Wang,<\/strong> vedle n\u011bj p\u016fsobil na stejn\u00e9m ranku do \u010dervna <strong>Martin He\u0159mansk\u00fd<\/strong>. Ten je ale od \u010dervence u\u017e mimo firmu.<\/p>\n<p>&#8222;Zna\u010dka chce pr\u00e1v\u011b tuto pozici \u010desk\u00e9ho country mana\u017eera op\u011bt obsadit, v sou\u010dasnosti prob\u00edh\u00e1 v\u00fdb\u011brov\u00e9 \u0159\u00edzen\u00ed. Zat\u00edm je ale v\u0161e na za\u010d\u00e1tku, s\u00e1m nezn\u00e1m podrobnosti tendru,&#8220; \u0159ekl na\u0161emu \u010dasopisu na z\u00e1\u0159ijov\u00e9 akci ve Vod\u011br\u00e1dk\u00e1ch <strong>\u0161\u00e9f marketingu a PR BYD Jan Hauptvogel.<\/strong><\/p>\n<figure id=\"attachment_15999\" aria-describedby=\"caption-attachment-15999\" style=\"width: 900px\" class=\"wp-caption alignnone\"><img loading=\"lazy\" decoding=\"async\" class=\"size-medium wp-image-15999\" src=\"http:\/\/www.automakers.cz\/wp-content\/uploads\/2025\/09\/BYD-Seal-Touring-900x506.jpg\" alt=\"\" width=\"900\" height=\"506\" srcset=\"https:\/\/www.automakers.cz\/wp-content\/uploads\/2025\/09\/BYD-Seal-Touring-900x506.jpg 900w, https:\/\/www.automakers.cz\/wp-content\/uploads\/2025\/09\/BYD-Seal-Touring-1024x576.jpg 1024w, https:\/\/www.automakers.cz\/wp-content\/uploads\/2025\/09\/BYD-Seal-Touring-768x432.jpg 768w, https:\/\/www.automakers.cz\/wp-content\/uploads\/2025\/09\/BYD-Seal-Touring-1536x864.jpg 1536w, https:\/\/www.automakers.cz\/wp-content\/uploads\/2025\/09\/BYD-Seal-Touring-1280x720.jpg 1280w, https:\/\/www.automakers.cz\/wp-content\/uploads\/2025\/09\/BYD-Seal-Touring.jpg 2048w\" sizes=\"auto, (max-width: 900px) 100vw, 900px\" \/><figcaption id=\"caption-attachment-15999\" class=\"wp-caption-text\"><strong>Vod\u011br\u00e1dky na za\u010d\u00e1tku z\u00e1\u0159\u00ed zaplnily modely BYD; FOTO: Erich Handl<\/strong><\/figcaption><\/figure>\n<p>&nbsp;<\/p>\n","protected":false},"excerpt":{"rendered":"<p>Zna\u010dka BYD ofici\u00e1ln\u011b vstoupila na \u010desk\u00fd trh 1. dubna na velk\u00e9 akci v karl\u00ednsk\u00e9m F\u00f3ru,&#8230;<\/p>\n","protected":false},"author":1,"featured_media":16121,"comment_status":"closed","ping_status":"closed","sticky":false,"template":"","format":"standard","meta":{"footnotes":""},"categories":[11,6,5],"tags":[],"class_list":["post-16119","post","type-post","status-publish","format-standard","has-post-thumbnail","hentry","category-importeri","category-management","category-personalie"],"_links":{"self":[{"href":"https:\/\/www.automakers.cz\/index.php?rest_route=\/wp\/v2\/posts\/16119","targetHints":{"allow":["GET"]}}],"collection":[{"href":"https:\/\/www.automakers.cz\/index.php?rest_route=\/wp\/v2\/posts"}],"about":[{"href":"https:\/\/www.automakers.cz\/index.php?rest_route=\/wp\/v2\/types\/post"}],"author":[{"embeddable":true,"href":"https:\/\/www.automakers.cz\/index.php?rest_route=\/wp\/v2\/users\/1"}],"replies":[{"embeddable":true,"href":"https:\/\/www.automakers.cz\/index.php?rest_route=%2Fwp%2Fv2%2Fcomments&post=16119"}],"version-history":[{"count":4,"href":"https:\/\/www.automakers.cz\/index.php?rest_route=\/wp\/v2\/posts\/16119\/revisions"}],"predecessor-version":[{"id":16125,"href":"https:\/\/www.automakers.cz\/index.php?rest_route=\/wp\/v2\/posts\/16119\/revisions\/16125"}],"wp:featuredmedia":[{"embeddable":true,"href":"https:\/\/www.automakers.cz\/index.php?rest_route=\/wp\/v2\/media\/16121"}],"wp:attachment":[{"href":"https:\/\/www.automakers.cz\/index.php?rest_route=%2Fwp%2Fv2%2Fmedia&parent=16119"}],"wp:term":[{"taxonomy":"category","embeddable":true,"href":"https:\/\/www.automakers.cz\/index.php?rest_route=%2Fwp%2Fv2%2Fcategories&post=16119"},{"taxonomy":"post_tag","embeddable":true,"href":"https:\/\/www.automakers.cz\/index.php?rest_route=%2Fwp%2Fv2%2Ftags&post=16119"}],"curies":[{"name":"wp","href":"https:\/\/api.w.org\/{rel}","templated":true}]}}