{"id":16126,"date":"2025-09-09T06:42:37","date_gmt":"2025-09-09T06:42:37","guid":{"rendered":"https:\/\/www.automakers.cz\/?p=16126"},"modified":"2025-09-09T06:42:37","modified_gmt":"2025-09-09T06:42:37","slug":"porsche-salzburg-snizilo-emise-o-128","status":"publish","type":"post","link":"https:\/\/www.automakers.cz\/?p=16126","title":{"rendered":"Porsche Salzburg sn\u00ed\u017eilo emise o 12,8 %"},"content":{"rendered":"<p><strong>Porsche Holding Salzburg vydalo zpr\u00e1vu o udr\u017eitelnosti za rok 2024, kter\u00e1 pod mottem \u201eSustainability Powered by Change\u201c shrnuje dosa\u017een\u00e9 v\u00fdsledky a stanoven\u00e9 c\u00edle, kter\u00e9 maj\u00ed posunout firmu k dlouhodob\u011b udr\u017eiteln\u00e9 budoucnosti.<\/strong><!--more--><\/p>\n<p>Zpr\u00e1va o trval\u00e9 udr\u017eitelnosti 2024 nab\u00edz\u00ed podle sv\u00fdch autor\u016f transparentn\u00ed pohled na jednotliv\u00e9 kroky, kter\u00e9 Porsche Holding Salzburg podnik\u00e1 na cest\u011b k trval\u00e9 udr\u017eitelnosti. <strong>Spole\u010dnost dok\u00e1zala od roku 2021 sn\u00ed\u017eit emise CO\u2082 o 12,8 %<\/strong>, \u010d\u00edm\u017e <strong>se p\u0159ibl\u00ed\u017eila k uveden\u00e9 c\u00edlov\u00e9 redukci o 42 % do roku 2030.<\/strong><\/p>\n<p>D\u00e1le vzrostl pod\u00edl \u017een na mana\u017eersk\u00fdch pozic\u00edch spole\u010dnosti na 19,4 procenta a prodeje elektromobil\u016f dos\u00e1hly 8,7 procenta z celkov\u00e9ho po\u010dtu prodan\u00fdch nov\u00fdch voz\u016f. Tato \u010d\u00edsla potvrzuj\u00ed z\u00e1vazek Porsche Holding Salzburg k neust\u00e1l\u00e9mu zlep\u0161ov\u00e1n\u00ed a k napl\u0148ov\u00e1n\u00ed sv\u00fdch dlouhodob\u00fdch c\u00edl\u016f.<\/p>\n<p>\u201eZm\u011bna je dnes sou\u010d\u00e1st\u00ed ka\u017edodenn\u00ed reality. V\u011b\u0159\u00edme, \u017ee pr\u00e1v\u011b to m\u016f\u017ee b\u00fdt hnac\u00ed silou pro dosa\u017een\u00ed na\u0161ich dlouhodob\u00fdch udr\u017eiteln\u00fdch c\u00edl\u016f. Ka\u017ed\u00fd krok sm\u011brem ke sn\u00ed\u017een\u00ed emis\u00ed a rozvoji na\u0161ich zam\u011bstnanc\u016f n\u00e1s p\u0159ibli\u017euje k zodpov\u011bdn\u00e9 budoucnosti,\u201c uvedl<strong> Jan Hurt, jednatel spole\u010dnosti Porsche \u010cesk\u00e1 republika.<\/strong><\/p>\n<figure id=\"attachment_1543\" aria-describedby=\"caption-attachment-1543\" style=\"width: 900px\" class=\"wp-caption alignnone\"><img loading=\"lazy\" decoding=\"async\" class=\"size-medium wp-image-1543\" src=\"http:\/\/www.automakers.cz\/wp-content\/uploads\/2024\/01\/Porsche-Alcron-Hurt-2024-900x505.jpg\" alt=\"\" width=\"900\" height=\"505\" srcset=\"https:\/\/www.automakers.cz\/wp-content\/uploads\/2024\/01\/Porsche-Alcron-Hurt-2024-900x505.jpg 900w, https:\/\/www.automakers.cz\/wp-content\/uploads\/2024\/01\/Porsche-Alcron-Hurt-2024-1024x575.jpg 1024w, https:\/\/www.automakers.cz\/wp-content\/uploads\/2024\/01\/Porsche-Alcron-Hurt-2024-768x431.jpg 768w, https:\/\/www.automakers.cz\/wp-content\/uploads\/2024\/01\/Porsche-Alcron-Hurt-2024.jpg 1179w\" sizes=\"auto, (max-width: 900px) 100vw, 900px\" \/><figcaption id=\"caption-attachment-1543\" class=\"wp-caption-text\"><strong>Jednatel Porsche \u010cR Jan Hurt\u00a0<\/strong><\/figcaption><\/figure>\n<p>\u201eNa\u0161e strategie nen\u00ed jen o \u010d\u00edslech, ale tak\u00e9 o tom, jak m\u016f\u017eeme pozitivn\u011b ovlivnit na\u0161e zam\u011bstnance, z\u00e1kazn\u00edky a komunity, v nich\u017e p\u016fsob\u00edme\u201c dodal.<\/p>\n<p><strong>Hlavn\u00ed iniciativy Porsche Holding Salzburg<\/strong> v roce 2024 zahrnovaly rozvoj inovativn\u00edch technologi\u00ed a postup\u016f, kter\u00e9 maj\u00ed p\u0159isp\u011bt k v\u00fdrazn\u00e9mu sn\u00ed\u017een\u00ed ekologick\u00e9 stopy firmy. Zpr\u00e1va o udr\u017eitelnosti stav\u00ed na sedmi hlavn\u00edch pil\u00ed\u0159\u00edch \u2013 od podpory elektromobility a rozvoje obnoviteln\u00fdch zdroj\u016f energie, p\u0159es zelen\u00e9 finance a cirkul\u00e1rn\u00ed ekonomiku, a\u017e po udr\u017eiteln\u00e9 budovy, digitalizaci a transformaci firemn\u00ed kultury.<\/p>\n<p>V\u00fdznamnou roli sehr\u00e1la p\u0159edev\u0161\u00edm investice do obnoviteln\u00fdch zdroj\u016f energie. Porsche Holding Salzburg pokra\u010doval v roz\u0161i\u0159ov\u00e1n\u00ed fotovoltaick\u00fdch kapacit na vlastn\u00edch objektech i u z\u00e1kazn\u00edk\u016f, a to s c\u00edlem dos\u00e1hnout v\u00fdkonu 100 MWp do roku 2030. V oblasti spole\u010densk\u00e9 odpov\u011bdnosti firma d\u00e1le podporovala vzd\u011bl\u00e1v\u00e1n\u00ed zam\u011bstnanc\u016f, programy diverzity \u010di bezpe\u010dnosti pr\u00e1ce.<\/p>\n<p><img loading=\"lazy\" decoding=\"async\" class=\"alignnone wp-image-16130\" src=\"http:\/\/www.automakers.cz\/wp-content\/uploads\/2025\/09\/PHS-report-2.png\" alt=\"\" width=\"923\" height=\"1068\" \/><\/p>\n","protected":false},"excerpt":{"rendered":"<p>Porsche Holding Salzburg vydalo zpr\u00e1vu o udr\u017eitelnosti za rok 2024, kter\u00e1 pod mottem \u201eSustainability Powered&#8230;<\/p>\n","protected":false},"author":2,"featured_media":3401,"comment_status":"closed","ping_status":"closed","sticky":false,"template":"","format":"standard","meta":{"footnotes":""},"categories":[41,57,53],"tags":[],"class_list":["post-16126","post","type-post","status-publish","format-standard","has-post-thumbnail","hentry","category-ekologie","category-emise","category-vysledky"],"_links":{"self":[{"href":"https:\/\/www.automakers.cz\/index.php?rest_route=\/wp\/v2\/posts\/16126","targetHints":{"allow":["GET"]}}],"collection":[{"href":"https:\/\/www.automakers.cz\/index.php?rest_route=\/wp\/v2\/posts"}],"about":[{"href":"https:\/\/www.automakers.cz\/index.php?rest_route=\/wp\/v2\/types\/post"}],"author":[{"embeddable":true,"href":"https:\/\/www.automakers.cz\/index.php?rest_route=\/wp\/v2\/users\/2"}],"replies":[{"embeddable":true,"href":"https:\/\/www.automakers.cz\/index.php?rest_route=%2Fwp%2Fv2%2Fcomments&post=16126"}],"version-history":[{"count":4,"href":"https:\/\/www.automakers.cz\/index.php?rest_route=\/wp\/v2\/posts\/16126\/revisions"}],"predecessor-version":[{"id":16158,"href":"https:\/\/www.automakers.cz\/index.php?rest_route=\/wp\/v2\/posts\/16126\/revisions\/16158"}],"wp:featuredmedia":[{"embeddable":true,"href":"https:\/\/www.automakers.cz\/index.php?rest_route=\/wp\/v2\/media\/3401"}],"wp:attachment":[{"href":"https:\/\/www.automakers.cz\/index.php?rest_route=%2Fwp%2Fv2%2Fmedia&parent=16126"}],"wp:term":[{"taxonomy":"category","embeddable":true,"href":"https:\/\/www.automakers.cz\/index.php?rest_route=%2Fwp%2Fv2%2Fcategories&post=16126"},{"taxonomy":"post_tag","embeddable":true,"href":"https:\/\/www.automakers.cz\/index.php?rest_route=%2Fwp%2Fv2%2Ftags&post=16126"}],"curies":[{"name":"wp","href":"https:\/\/api.w.org\/{rel}","templated":true}]}}