{"id":16227,"date":"2025-09-11T05:39:56","date_gmt":"2025-09-11T05:39:56","guid":{"rendered":"https:\/\/www.automakers.cz\/?p=16227"},"modified":"2025-09-11T05:44:51","modified_gmt":"2025-09-11T05:44:51","slug":"bdo-evropa-nasazuje-narizeni-data-act","status":"publish","type":"post","link":"https:\/\/www.automakers.cz\/?p=16227","title":{"rendered":"BDO: Evropa nasazuje na\u0159\u00edzen\u00ed Data Act"},"content":{"rendered":"<p><strong>Evropsk\u00e9 na\u0159\u00edzen\u00ed Data Act za\u010dne platit od 12. z\u00e1\u0159\u00ed 2025 a zm\u011bn\u00ed zp\u016fsob, jak\u00fdm firmy, st\u00e1tn\u00ed instituce i ob\u010dan\u00e9 nakl\u00e1daj\u00ed s daty. Jde o jednu z nejv\u00fdznamn\u011bj\u0161\u00edch regulac\u00ed posledn\u00edch let \u2013 podobn\u011b d\u016fle\u017eitou jako byl p\u0159ed lety GDPR, upozor\u0148uje Tom\u00e1\u0161 Kub\u00ed\u010dek, partner poradensk\u00e9 spole\u010dnosti BDO.<\/strong><!--more--><\/p>\n<p>Pro\u010d Data Act v\u016fbec vznikl? \u201eEvropsk\u00e1 komise odhaduje, \u017ee a\u017e 80 % dat v EU z\u016fst\u00e1v\u00e1 dnes nevyu\u017eito. Jde p\u0159itom o obrovsk\u00fd zdroj inovac\u00ed, hospod\u00e1\u0159sk\u00e9ho r\u016fstu i lep\u0161\u00ed reakce na krizov\u00e9 situace. Data Act m\u00e1 otev\u0159\u00edt cestu k \u0161ir\u0161\u00edmu vyu\u017e\u00edv\u00e1n\u00ed dat, zajistit f\u00e9rov\u011bj\u0161\u00ed p\u0159\u00edstup pro firmy a spot\u0159ebitele, pos\u00edlit konkurenci v oblasti datov\u00fdch a cloudov\u00fdch slu\u017eeb a vytvo\u0159it prost\u0159ed\u00ed, ve kter\u00e9m budou data vyu\u017e\u00edv\u00e1na transparentn\u011b a bezpe\u010dn\u011b,\u201c prohla\u0161uje Tom\u00e1\u0161 Kub\u00ed\u010dek z BDO.<\/p>\n<p><strong>Nejv\u00edce se dotkne v\u00fdrobc\u016f p\u0159ipojen\u00fdch za\u0159\u00edzen\u00ed (IoT)<\/strong> \u2013 od automobil\u016f p\u0159es dom\u00e1c\u00ed spot\u0159ebi\u010de a\u017e po pr\u016fmyslov\u00e9 technologie. Ti budou muset zp\u0159\u00edstupnit u\u017eivatel\u016fm data, kter\u00e1 jejich za\u0159\u00edzen\u00ed generuj\u00ed. Zm\u011bny se t\u00fdkaj\u00ed i poskytovatel\u016f cloudov\u00fdch slu\u017eeb, kter\u00fdm na\u0159\u00edzen\u00ed ukl\u00e1d\u00e1 povinnost usnadnit p\u0159echod z\u00e1kazn\u00edk\u016f ke konkurenci a zamezit tzv. \u201evendor lock-inu\u201c.<\/p>\n<p>Dopady poc\u00edt\u00ed podle Tom\u00e1\u0161e Kub\u00ed\u010dka tak\u00e9 firmy a spot\u0159ebitel\u00e9, kte\u0159\u00ed z\u00edskaj\u00ed lep\u0161\u00ed p\u0159\u00edstup ke sv\u00fdm dat\u016fm a mo\u017enost sd\u00edlet je s t\u0159et\u00edmi stranami, nap\u0159\u00edklad servisy nebo aplikacemi. V\u00fdznamn\u00e1 zm\u011bna se t\u00fdk\u00e1 i ve\u0159ejn\u00e9ho sektoru \u2013 st\u00e1tn\u00ed instituce budou m\u00edt v mimo\u0159\u00e1dn\u00fdch situac\u00edch mo\u017enost z\u00edskat data od soukrom\u00fdch firem, nap\u0159\u00edklad p\u0159i p\u0159\u00edrodn\u00ed katastrof\u011b \u010di jin\u00e9 krizov\u00e9 ud\u00e1losti.<\/p>\n<p><strong>Praktick\u00e9 dopady Data Actu budou v\u00fdrazn\u00e9.<\/strong> \u201eU\u017eivatel\u00e9 nap\u0159\u00edklad z\u00edskaj\u00ed v\u011bt\u0161\u00ed kontrolu nad daty \u2013 nap\u0159\u00edklad u\u017eivatel auta si bude moci vy\u017e\u00e1dat telemetrick\u00e1 data a p\u0159edat je nez\u00e1visl\u00e9mu servisu. Data Act tak\u00e9 p\u0159inese f\u00e9rov\u011bj\u0161\u00ed podm\u00ednky mezi firmami \u2013 sd\u00edlen\u00ed dat bude muset b\u00fdt transparentn\u00ed a za p\u0159im\u011b\u0159enou kompenzaci,\u201c komentuje Tom\u00e1\u0161 Kub\u00ed\u010dek.<\/p>\n<p>Firmy z\u00edskaj\u00ed podle BDO jednodu\u0161\u0161\u00ed mo\u017enosti zm\u011bnit poskytovatele cloudu, \u010d\u00edm\u017e se vyhnou slo\u017eit\u00fdm p\u0159ek\u00e1\u017ek\u00e1m a vysok\u00fdm poplatk\u016fm p\u0159i migraci. Ve\u0159ejn\u00fd sektor bude moci v p\u0159\u00edpad\u011b kriz\u00ed efektivn\u011bji \u0159\u00eddit situace d\u00edky p\u0159\u00edstupu k pot\u0159ebn\u00fdm dat\u016fm, a to pouze pro jasn\u011b vymezen\u00fd \u00fa\u010del. D\u00e1le se zav\u00e1d\u011bj\u00ed standardy pro zaji\u0161t\u011bn\u00ed interoperability, tedy snadn\u011bj\u0161\u00edho sd\u00edlen\u00ed dat a inteligentn\u00edch smluv nap\u0159\u00ed\u010d r\u016fzn\u00fdmi syst\u00e9my.<\/p>\n<p>\u201eFirmy by si m\u011bly co nejd\u0159\u00edve ov\u011b\u0159it, zda se na n\u011b Data Act vztahuje \u2013 zejm\u00e9na pokud vyv\u00edjej\u00ed IoT za\u0159\u00edzen\u00ed, pracuj\u00ed s cloudem nebo jinak nakl\u00e1daj\u00ed s daty. Kl\u00ed\u010dov\u00e9 bude revidovat smlouvy, p\u0159ipravit se na nov\u00e9 povinnosti a za\u010dlenit princip \u201adata-ready by design\u2018 p\u0159\u00edmo do v\u00fdvoje produkt\u016f a slu\u017eeb,\u201c doporu\u010duje Tom\u00e1\u0161 Kub\u00ed\u010dek k tomu, co by firmy m\u011bly ud\u011blat hned v prv\u00ed f\u00e1zi.<\/p>\n","protected":false},"excerpt":{"rendered":"<p>Evropsk\u00e9 na\u0159\u00edzen\u00ed Data Act za\u010dne platit od 12. z\u00e1\u0159\u00ed 2025 a zm\u011bn\u00ed zp\u016fsob, jak\u00fdm firmy,&#8230;<\/p>\n","protected":false},"author":2,"featured_media":16228,"comment_status":"closed","ping_status":"closed","sticky":false,"template":"","format":"standard","meta":{"footnotes":""},"categories":[25,31],"tags":[],"class_list":["post-16227","post","type-post","status-publish","format-standard","has-post-thumbnail","hentry","category-legislativa","category-news"],"_links":{"self":[{"href":"https:\/\/www.automakers.cz\/index.php?rest_route=\/wp\/v2\/posts\/16227","targetHints":{"allow":["GET"]}}],"collection":[{"href":"https:\/\/www.automakers.cz\/index.php?rest_route=\/wp\/v2\/posts"}],"about":[{"href":"https:\/\/www.automakers.cz\/index.php?rest_route=\/wp\/v2\/types\/post"}],"author":[{"embeddable":true,"href":"https:\/\/www.automakers.cz\/index.php?rest_route=\/wp\/v2\/users\/2"}],"replies":[{"embeddable":true,"href":"https:\/\/www.automakers.cz\/index.php?rest_route=%2Fwp%2Fv2%2Fcomments&post=16227"}],"version-history":[{"count":4,"href":"https:\/\/www.automakers.cz\/index.php?rest_route=\/wp\/v2\/posts\/16227\/revisions"}],"predecessor-version":[{"id":16246,"href":"https:\/\/www.automakers.cz\/index.php?rest_route=\/wp\/v2\/posts\/16227\/revisions\/16246"}],"wp:featuredmedia":[{"embeddable":true,"href":"https:\/\/www.automakers.cz\/index.php?rest_route=\/wp\/v2\/media\/16228"}],"wp:attachment":[{"href":"https:\/\/www.automakers.cz\/index.php?rest_route=%2Fwp%2Fv2%2Fmedia&parent=16227"}],"wp:term":[{"taxonomy":"category","embeddable":true,"href":"https:\/\/www.automakers.cz\/index.php?rest_route=%2Fwp%2Fv2%2Fcategories&post=16227"},{"taxonomy":"post_tag","embeddable":true,"href":"https:\/\/www.automakers.cz\/index.php?rest_route=%2Fwp%2Fv2%2Ftags&post=16227"}],"curies":[{"name":"wp","href":"https:\/\/api.w.org\/{rel}","templated":true}]}}