{"id":16247,"date":"2025-09-11T08:23:11","date_gmt":"2025-09-11T08:23:11","guid":{"rendered":"https:\/\/www.automakers.cz\/?p=16247"},"modified":"2025-09-11T08:23:11","modified_gmt":"2025-09-11T08:23:11","slug":"husar-manazerem-obchodu-ve-futtec","status":"publish","type":"post","link":"https:\/\/www.automakers.cz\/?p=16247","title":{"rendered":"Hus\u00e1r mana\u017eerem obchodu ve FUTTEC"},"content":{"rendered":"<p><strong><b>\u010cesk\u00e1 technologick\u00e1 spole\u010dnost FUTTEC roz\u0161\u00ed\u0159ila sv\u016fj t\u00fdm o dal\u0161\u00edho \u010dlena vrcholov\u00e9ho managementu: do funkce \u0159editele zahrani\u010dn\u00edho obchodu jmenovala R\u00f3berta Hus\u00e1ra (<\/b><\/strong><strong><b>43<\/b><\/strong><strong><b>), kter\u00fd dlouh\u00e1 l\u00e9ta p\u016fsobil v\u00a0nadn\u00e1rodn\u00ed spole\u010dnosti Bobcat.<\/b><\/strong><!--more--><\/p>\n<p><strong><b> V\u00a0r\u00e1mci nov\u011b vytvo\u0159en\u00e9 pozice bude m\u00edt na starosti rozvoj firmy na mezin\u00e1rodn\u00edch trz\u00edch a tvorbu obchodn\u00ed strategie pro kl\u00ed\u010dov\u00e9 zahrani\u010dn\u00ed regiony. <\/b><\/strong><\/p>\n<p><strong>R\u00f3bert Hus\u00e1r k tomu uv\u00e1d\u00ed:<\/strong> \u201e<em><i>Po dvaceti letech v\u00a0nadn\u00e1rodn\u00ed spole\u010dnosti jsem se rozhodl pro zaj\u00edmavou zm\u011bnu v\u00a0podob\u011b anga\u017em\u00e1 v\u00a0rychle rostouc\u00ed ryze \u010desk\u00e9 technologick\u00e9 firm\u011b, kter\u00e1 vyvinula unik\u00e1tn\u00ed mikrovlnnou technologii pro opravy v\u00fdtluk\u016f. M\u00e1m velk\u00fd respekt k\u00a0tomu, jak velk\u00fdm v\u00fdvojem spole\u010dnost FUTTEC od sv\u00e9ho zalo\u017een\u00ed pro\u0161la a t\u011b\u0161\u00edm se, \u017ee zde budu moci vyu\u017e\u00edt sv\u00fdch dlouholet\u00fdch mana\u017eersk\u00fdch zku\u0161enost\u00ed s\u00a0\u0159\u00edzen\u00edm tuzemsk\u00fdch i\u00a0zahrani\u010dn\u00edch projekt\u016f a\u00a0hlubokou znalost mezin\u00e1rodn\u00edho prost\u0159ed\u00ed. M\u00e1 pr\u00e1ce bude zahrnovat roz\u0161i\u0159ov\u00e1n\u00ed trh\u016f pro expanzi FUTTECu, navazov\u00e1n\u00ed strategick\u00fdch partnerstv\u00ed a prohlubov\u00e1n\u00ed st\u00e1vaj\u00edc\u00ed spolupr\u00e1ce se\u00a0zahrani\u010dn\u00edmi partnery. V\u011b\u0159\u00edm, \u017ee m\u00e9 know-how bude p\u0159\u00ednosem k\u00a0dlouhodob\u00e9mu r\u016fstu firmy a jej\u00ed \u0161irok\u00e9 expanzi na glob\u00e1ln\u00ed trh.<\/i><\/em><em><i>\u201c<\/i><\/em><\/p>\n<p>R\u00f3bert Hus\u00e1r p\u0159i\u0161el do spole\u010dnosti FUTTEC ze spole\u010dnosti<strong> Bobcat,<\/strong> kde 20 let p\u016fsobil v\u00a0r\u016fzn\u00fdch mana\u017eersk\u00fdch a \u0159editelsk\u00fdch funkc\u00edch \u2013 p\u0159edev\u0161\u00edm v\u00a0oblastech tuzemsk\u00e9ho a\u00a0mezin\u00e1rodn\u00edho obchodu \u010di produktov\u00e9ho managementu.<\/p>\n<p><strong>Titul MBA<\/strong> z\u00edskal na European School of\u00a0Management and Technology v\u00a0Berl\u00edn\u011b, kde studoval obchodn\u00ed inovace, leadership a\u00a0v\u0161eobecn\u00fd management.<\/p>\n<p><strong>Hus\u00e1r hovo\u0159\u00ed anglicky a n\u011bmecky.<\/strong> Ve voln\u00e9m \u010dase se v\u011bnuje rodin\u011b, cestov\u00e1n\u00ed a sportu, zejm\u00e9na b\u011bhu, j\u00edzd\u011b na kole a basketbalu.<\/p>\n","protected":false},"excerpt":{"rendered":"<p>\u010cesk\u00e1 technologick\u00e1 spole\u010dnost FUTTEC roz\u0161\u00ed\u0159ila sv\u016fj t\u00fdm o dal\u0161\u00edho \u010dlena vrcholov\u00e9ho managementu: do funkce \u0159editele&#8230;<\/p>\n","protected":false},"author":1,"featured_media":16249,"comment_status":"closed","ping_status":"closed","sticky":false,"template":"","format":"standard","meta":{"footnotes":""},"categories":[6,5],"tags":[],"class_list":["post-16247","post","type-post","status-publish","format-standard","has-post-thumbnail","hentry","category-management","category-personalie"],"_links":{"self":[{"href":"https:\/\/www.automakers.cz\/index.php?rest_route=\/wp\/v2\/posts\/16247","targetHints":{"allow":["GET"]}}],"collection":[{"href":"https:\/\/www.automakers.cz\/index.php?rest_route=\/wp\/v2\/posts"}],"about":[{"href":"https:\/\/www.automakers.cz\/index.php?rest_route=\/wp\/v2\/types\/post"}],"author":[{"embeddable":true,"href":"https:\/\/www.automakers.cz\/index.php?rest_route=\/wp\/v2\/users\/1"}],"replies":[{"embeddable":true,"href":"https:\/\/www.automakers.cz\/index.php?rest_route=%2Fwp%2Fv2%2Fcomments&post=16247"}],"version-history":[{"count":1,"href":"https:\/\/www.automakers.cz\/index.php?rest_route=\/wp\/v2\/posts\/16247\/revisions"}],"predecessor-version":[{"id":16248,"href":"https:\/\/www.automakers.cz\/index.php?rest_route=\/wp\/v2\/posts\/16247\/revisions\/16248"}],"wp:featuredmedia":[{"embeddable":true,"href":"https:\/\/www.automakers.cz\/index.php?rest_route=\/wp\/v2\/media\/16249"}],"wp:attachment":[{"href":"https:\/\/www.automakers.cz\/index.php?rest_route=%2Fwp%2Fv2%2Fmedia&parent=16247"}],"wp:term":[{"taxonomy":"category","embeddable":true,"href":"https:\/\/www.automakers.cz\/index.php?rest_route=%2Fwp%2Fv2%2Fcategories&post=16247"},{"taxonomy":"post_tag","embeddable":true,"href":"https:\/\/www.automakers.cz\/index.php?rest_route=%2Fwp%2Fv2%2Ftags&post=16247"}],"curies":[{"name":"wp","href":"https:\/\/api.w.org\/{rel}","templated":true}]}}