{"id":16292,"date":"2025-09-14T08:31:54","date_gmt":"2025-09-14T08:31:54","guid":{"rendered":"https:\/\/www.automakers.cz\/?p=16292"},"modified":"2025-09-14T08:31:54","modified_gmt":"2025-09-14T08:31:54","slug":"citroen-se-vraci-do-motorsportu","status":"publish","type":"post","link":"https:\/\/www.automakers.cz\/?p=16292","title":{"rendered":"Citro\u00ebn se vrac\u00ed do motorsportu"},"content":{"rendered":"<p><strong>Citro\u00ebn se op\u011bt zapoj\u00ed se do sv\u011btov\u00e9ho \u0161ampion\u00e1tu ABB FIA Formula E, a to od nadch\u00e1zej\u00edc\u00ed sez\u00f3ny. M\u00e1 j\u00edt o elektrick\u00e9 dobrodru\u017estv\u00ed, kter\u00e9 m\u00e1 zt\u011bles\u0148ovat <\/strong><strong>vizi mobility z\u00edt\u0159ka.<\/strong><!--more--><\/p>\n<p><strong>S jak\u00fdmi ambicemi jde zna\u010dka do motorsportu:<\/strong><\/p>\n<ul>\n<li>Nad\u00e1le probouzet automobilovou v\u00e1\u0161e\u0148 \u2013 Citro\u00ebn se ofici\u00e1ln\u011b vrac\u00ed do motoristick\u00e9ho sportu jako tov\u00e1rn\u00ed t\u00fdm. Vstupuje do sv\u011bta, kter\u00fd utv\u00e1\u0159el jeho historii a legendu.<\/li>\n<li>Sd\u00edlet hodnoty a znovu spojit image zna\u010dky s motoristick\u00fdm sportem v jeho pr\u016fkopnick\u00e9 podob\u011b \u2013 Sout\u011b\u017e je 100% elektrick\u00e1, odpov\u011bdn\u00e1 a anga\u017eovan\u00e1.<\/li>\n<li>Popul\u00e1rn\u00ed z\u00e1vody v srdci m\u011bst, kter\u00e9 oslovuj\u00ed mlad\u00e9 publikum zaj\u00edmaj\u00edc\u00ed se o udr\u017eitelnost a konektivitu.<\/li>\n<li>Technologick\u00e1 inspirace a mezin\u00e1rodn\u00ed v\u00fdkladn\u00ed sk\u0159\u00ed\u0148 pro budoucnost mobility.<\/li>\n<\/ul>\n","protected":false},"excerpt":{"rendered":"<p>Citro\u00ebn se op\u011bt zapoj\u00ed se do sv\u011btov\u00e9ho \u0161ampion\u00e1tu ABB FIA Formula E, a to od&#8230;<\/p>\n","protected":false},"author":2,"featured_media":16293,"comment_status":"closed","ping_status":"closed","sticky":false,"template":"","format":"standard","meta":{"footnotes":""},"categories":[9,19],"tags":[],"class_list":["post-16292","post","type-post","status-publish","format-standard","has-post-thumbnail","hentry","category-elektromobily","category-motorsport"],"_links":{"self":[{"href":"https:\/\/www.automakers.cz\/index.php?rest_route=\/wp\/v2\/posts\/16292","targetHints":{"allow":["GET"]}}],"collection":[{"href":"https:\/\/www.automakers.cz\/index.php?rest_route=\/wp\/v2\/posts"}],"about":[{"href":"https:\/\/www.automakers.cz\/index.php?rest_route=\/wp\/v2\/types\/post"}],"author":[{"embeddable":true,"href":"https:\/\/www.automakers.cz\/index.php?rest_route=\/wp\/v2\/users\/2"}],"replies":[{"embeddable":true,"href":"https:\/\/www.automakers.cz\/index.php?rest_route=%2Fwp%2Fv2%2Fcomments&post=16292"}],"version-history":[{"count":6,"href":"https:\/\/www.automakers.cz\/index.php?rest_route=\/wp\/v2\/posts\/16292\/revisions"}],"predecessor-version":[{"id":16299,"href":"https:\/\/www.automakers.cz\/index.php?rest_route=\/wp\/v2\/posts\/16292\/revisions\/16299"}],"wp:featuredmedia":[{"embeddable":true,"href":"https:\/\/www.automakers.cz\/index.php?rest_route=\/wp\/v2\/media\/16293"}],"wp:attachment":[{"href":"https:\/\/www.automakers.cz\/index.php?rest_route=%2Fwp%2Fv2%2Fmedia&parent=16292"}],"wp:term":[{"taxonomy":"category","embeddable":true,"href":"https:\/\/www.automakers.cz\/index.php?rest_route=%2Fwp%2Fv2%2Fcategories&post=16292"},{"taxonomy":"post_tag","embeddable":true,"href":"https:\/\/www.automakers.cz\/index.php?rest_route=%2Fwp%2Fv2%2Ftags&post=16292"}],"curies":[{"name":"wp","href":"https:\/\/api.w.org\/{rel}","templated":true}]}}